{"id":7465,"date":"2025-07-05T22:53:55","date_gmt":"2025-07-05T22:53:55","guid":{"rendered":"https:\/\/marcali.plebania.hu\/?p=7465"},"modified":"2025-07-05T22:53:55","modified_gmt":"2025-07-05T22:53:55","slug":"hirdetesek-2025-julius-6-an","status":"publish","type":"post","link":"https:\/\/marcali.plebania.hu\/?p=7465","title":{"rendered":"Hirdet\u00e9sek 2025. j\u00falius 6-\u00e1n"},"content":{"rendered":"\n<p><a href=\"https:\/\/igenaptar.katolikus.hu\/nap\/index.php?holnap=2025-07-06\" target=\"_blank\" rel=\"noreferrer noopener\"><u>\u00c9vk\u00f6zi 14. vas\u00e1rnap<\/u><\/a><\/p>\n\n\n\n<ol start=\"1\" class=\"wp-block-list\">\n<li>Kedden \u00e9s cs\u00fct\u00f6rt\u00f6k\u00f6n 17:30-kor <strong>igeliturgia<\/strong> lesz a templomban.<\/li>\n\n\n\n<li>Szerd\u00e1n lesz templomunk ny\u00e1ri <strong>szents\u00e9gim\u00e1d\u00e1si nap<\/strong>ja, mindenkit buzd\u00edtunk, hogy lehet\u0151s\u00e9ge szerint t\u00e9rjen be a templomba, hogy im\u00e1dkozzon az Olt\u00e1riszents\u00e9g el\u0151tt, ha csak p\u00e1r percre is. D\u00e9lt\u0151l az Engesztel\u0151 Imak\u00f6r v\u00e1llalt szents\u00e9gim\u00e1d\u00e1si \u00f3r\u00e1t, 13:15-t\u0151l gy\u00e1szmise lesz a templomban, ut\u00e1na 15:00-ig csendes szents\u00e9gim\u00e1d\u00e1s. Aki (szem\u00e9ly vagy k\u00f6z\u00f6ss\u00e9g) tud v\u00e1llalni egy szents\u00e9gim\u00e1d\u00e1si \u00f3r\u00e1t 15:00-t\u0151l kezdve, k\u00e9rj\u00fck, sz\u00f3ljon Markovics J\u00e1nosn\u00e9 Editnek. 16:00-t\u00f3l a J\u00e9zus Testv\u00e9rei Kisk\u00f6z\u00f6ss\u00e9g lesz a templomban.<\/li>\n\n\n\n<li>A <strong>fatimai ima\u00f3ra<\/strong> szombaton 16.30-kor kezd\u0151dik a templomban.<\/li>\n<\/ol>\n\n\n\n<hr class=\"wp-block-separator has-alpha-channel-opacity\"\/>\n\n\n<div class=\"wp-block-image\">\n<figure class=\"aligncenter size-large\"><img loading=\"lazy\" decoding=\"async\" width=\"1024\" height=\"626\" src=\"https:\/\/marcali.plebania.hu\/wp-content\/uploads\/2025\/07\/250708-1024x626.png\" alt=\"\" class=\"wp-image-7466\" srcset=\"https:\/\/marcali.plebania.hu\/wp-content\/uploads\/2025\/07\/250708-1024x626.png 1024w, https:\/\/marcali.plebania.hu\/wp-content\/uploads\/2025\/07\/250708-300x183.png 300w, https:\/\/marcali.plebania.hu\/wp-content\/uploads\/2025\/07\/250708-768x470.png 768w, https:\/\/marcali.plebania.hu\/wp-content\/uploads\/2025\/07\/250708-1536x939.png 1536w, https:\/\/marcali.plebania.hu\/wp-content\/uploads\/2025\/07\/250708-441x270.png 441w, https:\/\/marcali.plebania.hu\/wp-content\/uploads\/2025\/07\/250708.png 1545w\" sizes=\"auto, (max-width: 1024px) 100vw, 1024px\" \/><\/figure>\n<\/div>\n\n\n<hr class=\"wp-block-separator has-alpha-channel-opacity\"\/>\n\n\n<div class=\"wp-block-image\">\n<figure class=\"aligncenter size-large\"><img loading=\"lazy\" decoding=\"async\" width=\"724\" height=\"1024\" src=\"https:\/\/marcali.plebania.hu\/wp-content\/uploads\/2025\/07\/Andocs-julius-724x1024.jpg\" alt=\"\" class=\"wp-image-7467\" srcset=\"https:\/\/marcali.plebania.hu\/wp-content\/uploads\/2025\/07\/Andocs-julius-724x1024.jpg 724w, https:\/\/marcali.plebania.hu\/wp-content\/uploads\/2025\/07\/Andocs-julius-212x300.jpg 212w, https:\/\/marcali.plebania.hu\/wp-content\/uploads\/2025\/07\/Andocs-julius-768x1086.jpg 768w, https:\/\/marcali.plebania.hu\/wp-content\/uploads\/2025\/07\/Andocs-julius-1086x1536.jpg 1086w, https:\/\/marcali.plebania.hu\/wp-content\/uploads\/2025\/07\/Andocs-julius-191x270.jpg 191w, https:\/\/marcali.plebania.hu\/wp-content\/uploads\/2025\/07\/Andocs-julius.jpg 1414w\" sizes=\"auto, (max-width: 724px) 100vw, 724px\" \/><\/figure>\n<\/div>","protected":false},"excerpt":{"rendered":"<p>\u00c9vk\u00f6zi 14. vas\u00e1rnap<\/p>\n","protected":false},"author":1,"featured_media":0,"comment_status":"closed","ping_status":"open","sticky":false,"template":"","format":"standard","meta":{"footnotes":""},"categories":[3],"tags":[],"class_list":["post-7465","post","type-post","status-publish","format-standard","hentry","category-hirdetesek"],"_links":{"self":[{"href":"https:\/\/marcali.plebania.hu\/index.php?rest_route=\/wp\/v2\/posts\/7465","targetHints":{"allow":["GET"]}}],"collection":[{"href":"https:\/\/marcali.plebania.hu\/index.php?rest_route=\/wp\/v2\/posts"}],"about":[{"href":"https:\/\/marcali.plebania.hu\/index.php?rest_route=\/wp\/v2\/types\/post"}],"author":[{"embeddable":true,"href":"https:\/\/marcali.plebania.hu\/index.php?rest_route=\/wp\/v2\/users\/1"}],"replies":[{"embeddable":true,"href":"https:\/\/marcali.plebania.hu\/index.php?rest_route=%2Fwp%2Fv2%2Fcomments&post=7465"}],"version-history":[{"count":1,"href":"https:\/\/marcali.plebania.hu\/index.php?rest_route=\/wp\/v2\/posts\/7465\/revisions"}],"predecessor-version":[{"id":7468,"href":"https:\/\/marcali.plebania.hu\/index.php?rest_route=\/wp\/v2\/posts\/7465\/revisions\/7468"}],"wp:attachment":[{"href":"https:\/\/marcali.plebania.hu\/index.php?rest_route=%2Fwp%2Fv2%2Fmedia&parent=7465"}],"wp:term":[{"taxonomy":"category","embeddable":true,"href":"https:\/\/marcali.plebania.hu\/index.php?rest_route=%2Fwp%2Fv2%2Fcategories&post=7465"},{"taxonomy":"post_tag","embeddable":true,"href":"https:\/\/marcali.plebania.hu\/index.php?rest_route=%2Fwp%2Fv2%2Ftags&post=7465"}],"curies":[{"name":"wp","href":"https:\/\/api.w.org\/{rel}","templated":true}]}}