{"id":7475,"date":"2025-07-12T20:42:53","date_gmt":"2025-07-12T20:42:53","guid":{"rendered":"https:\/\/marcali.plebania.hu\/?p=7475"},"modified":"2025-07-12T20:42:53","modified_gmt":"2025-07-12T20:42:53","slug":"hirdetesek-2025-julius-13-an","status":"publish","type":"post","link":"https:\/\/marcali.plebania.hu\/?p=7475","title":{"rendered":"Hirdet\u00e9sek 2025. j\u00falius 13-\u00e1n"},"content":{"rendered":"\n<p><a href=\"https:\/\/igenaptar.katolikus.hu\/nap\/index.php?holnap=2025-07-13\" target=\"_blank\" rel=\"noreferrer noopener\"><u>\u00c9vk\u00f6zi 15. vas\u00e1rnap<\/u><\/a><\/p>\n\n\n\n<ol start=\"1\" class=\"wp-block-list\">\n<li>H\u00e9tf\u0151n megkezd\u0151dik a <strong>pl\u00e9b\u00e1niai napk\u00f6zis t\u00e1bor<\/strong>unk. Egy\u00e9ni \u00e9s k\u00f6z\u00f6ss\u00e9gi im\u00e1inkban is k\u00e9rj\u00fck Istent, hogy szolg\u00e1ljon ez a h\u00e9t minden r\u00e9sztvev\u0151 lelki n\u00f6veked\u00e9s\u00e9re! A t\u00e1bor z\u00e1r\u00f3mis\u00e9je p\u00e9nteken 16:30-kor kezd\u0151dik a templomban: szeretettel h\u00edvunk r\u00e1 minden \u00e9rintett csal\u00e1dtagot is, valamint minden h\u00edv\u0151t. (Ez lesz a p\u00e9nteki pl\u00e9b\u00e1niai szentmis\u00e9nk, 17:30-kor nem lesz.)<\/li>\n\n\n\n<li>A <strong>F\u00e9rfi k\u00f6r<\/strong> k\u00f6vetkez\u0151 alkalma szerd\u00e1n 18:00-kor kezd\u0151dik a pl\u00e9b\u00e1ni\u00e1n.<\/li>\n\n\n\n<li>A K\u00c9SZ Marcali Csoportja 2025. szeptember 20-\u00e1n (szombaton) <strong>zar\u00e1ndoklat<\/strong>ot szervez Csatka-\u00c1cstesz\u00e9r-\u00c1sz\u00e1r-B\u00e1bolna \u00fati c\u00e9lokkal, melyre b\u00e1rki jelentkezhet. Az \u00fatik\u00f6lts\u00e9g: 9.000 Ft\/f\u0151, K\u00c9SZ tagoknak 6.000 Ft. Jelentkezni S\u00e1voly Andre\u00e1n\u00e1l \u00e9s Kiss K\u00e1lm\u00e1nn\u00e1l, vagy a Marcali pl\u00e9b\u00e1ni\u00e1n lehet.<\/li>\n<\/ol>\n\n\n\n<hr class=\"wp-block-separator has-alpha-channel-opacity\"\/>\n\n\n\n<figure class=\"wp-block-image size-large\"><img loading=\"lazy\" decoding=\"async\" width=\"1024\" height=\"534\" src=\"https:\/\/marcali.plebania.hu\/wp-content\/uploads\/2025\/07\/250713-1024x534.png\" alt=\"\" class=\"wp-image-7476\" srcset=\"https:\/\/marcali.plebania.hu\/wp-content\/uploads\/2025\/07\/250713-1024x534.png 1024w, https:\/\/marcali.plebania.hu\/wp-content\/uploads\/2025\/07\/250713-300x156.png 300w, https:\/\/marcali.plebania.hu\/wp-content\/uploads\/2025\/07\/250713-768x400.png 768w, https:\/\/marcali.plebania.hu\/wp-content\/uploads\/2025\/07\/250713-1536x800.png 1536w, https:\/\/marcali.plebania.hu\/wp-content\/uploads\/2025\/07\/250713-518x270.png 518w, https:\/\/marcali.plebania.hu\/wp-content\/uploads\/2025\/07\/250713.png 1639w\" sizes=\"auto, (max-width: 1024px) 100vw, 1024px\" \/><\/figure>\n\n\n\n<p><\/p>\n","protected":false},"excerpt":{"rendered":"<p>\u00c9vk\u00f6zi 15. vas\u00e1rnap<\/p>\n","protected":false},"author":1,"featured_media":0,"comment_status":"closed","ping_status":"open","sticky":false,"template":"","format":"standard","meta":{"footnotes":""},"categories":[3],"tags":[],"class_list":["post-7475","post","type-post","status-publish","format-standard","hentry","category-hirdetesek"],"_links":{"self":[{"href":"https:\/\/marcali.plebania.hu\/index.php?rest_route=\/wp\/v2\/posts\/7475","targetHints":{"allow":["GET"]}}],"collection":[{"href":"https:\/\/marcali.plebania.hu\/index.php?rest_route=\/wp\/v2\/posts"}],"about":[{"href":"https:\/\/marcali.plebania.hu\/index.php?rest_route=\/wp\/v2\/types\/post"}],"author":[{"embeddable":true,"href":"https:\/\/marcali.plebania.hu\/index.php?rest_route=\/wp\/v2\/users\/1"}],"replies":[{"embeddable":true,"href":"https:\/\/marcali.plebania.hu\/index.php?rest_route=%2Fwp%2Fv2%2Fcomments&post=7475"}],"version-history":[{"count":1,"href":"https:\/\/marcali.plebania.hu\/index.php?rest_route=\/wp\/v2\/posts\/7475\/revisions"}],"predecessor-version":[{"id":7477,"href":"https:\/\/marcali.plebania.hu\/index.php?rest_route=\/wp\/v2\/posts\/7475\/revisions\/7477"}],"wp:attachment":[{"href":"https:\/\/marcali.plebania.hu\/index.php?rest_route=%2Fwp%2Fv2%2Fmedia&parent=7475"}],"wp:term":[{"taxonomy":"category","embeddable":true,"href":"https:\/\/marcali.plebania.hu\/index.php?rest_route=%2Fwp%2Fv2%2Fcategories&post=7475"},{"taxonomy":"post_tag","embeddable":true,"href":"https:\/\/marcali.plebania.hu\/index.php?rest_route=%2Fwp%2Fv2%2Ftags&post=7475"}],"curies":[{"name":"wp","href":"https:\/\/api.w.org\/{rel}","templated":true}]}}