{"id":7483,"date":"2025-07-19T17:54:24","date_gmt":"2025-07-19T17:54:24","guid":{"rendered":"https:\/\/marcali.plebania.hu\/?p=7483"},"modified":"2025-07-19T17:54:24","modified_gmt":"2025-07-19T17:54:24","slug":"hirdetesek-2025-julius-20-an","status":"publish","type":"post","link":"https:\/\/marcali.plebania.hu\/?p=7483","title":{"rendered":"Hirdet\u00e9sek 2025. j\u00falius 20-\u00e1n"},"content":{"rendered":"\n<p><a href=\"https:\/\/igenaptar.katolikus.hu\/nap\/index.php?holnap=2025-07-20\" target=\"_blank\" rel=\"noreferrer noopener\"><u>\u00c9vk\u00f6zi 16. vas\u00e1rnap<\/u><\/a><\/p>\n\n\n\n<ol start=\"1\" class=\"wp-block-list\">\n<li>K\u00f6sz\u00f6nj\u00fck a <strong>pl\u00e9b\u00e1niai napk\u00f6zis t\u00e1bor <\/strong>minden szervez\u0151j\u00e9nek a munk\u00e1j\u00e1t, a h\u00edvek \u00e9s a p\u00fcsp\u00f6ks\u00e9g t\u00e1mogat\u00e1s\u00e1t.<\/li>\n\n\n\n<li><span style=\"text-decoration: underline;\">Kedden<\/span> \u00e9s <span style=\"text-decoration: underline;\">cs\u00fct\u00f6rt\u00f6k\u00f6n<\/span> <strong>igeliturgia<\/strong> lesz a templomban.<\/li>\n\n\n\n<li>A <strong>lelki adopt\u00e1l\u00f3k tal\u00e1lkoz\u00f3ja<\/strong> <span style=\"text-decoration: underline;\">cs\u00fct\u00f6rt\u00f6k\u00f6n<\/span> 17:00-kor kezd\u0151dik.<\/li>\n\n\n\n<li>A j\u00f6v\u0151 <span style=\"text-decoration: underline;\">vas\u00e1rnap<\/span>i szentmis\u00e9k ut\u00e1n lesz a <strong>g\u00e9pj\u00e1rm\u0171vek meg\u00e1ld\u00e1sa<\/strong>.<\/li>\n\n\n\n<li>J\u00f6v\u0151 <span style=\"text-decoration: underline;\">vas\u00e1rnap<\/span> 11 \u00f3rakor Biz\u00e9n lesz szentmise.<\/li>\n\n\n\n<li>A K\u00c9SZ Marcali Csoportja <span style=\"text-decoration: underline;\">szeptember 20-\u00e1n<\/span> (szombaton) <strong>zar\u00e1ndoklat<\/strong>ot szervez T\u00e9s-Cset\u00e9ny-Csatka-\u00c1cstesz\u00e9r-\u00c1sz\u00e1r-Kisb\u00e9r (m\u00f3dos\u00edtott) \u00fati c\u00e9lokkal, melyre b\u00e1rki jelentkezhet. Az \u00fatik\u00f6lts\u00e9g: 9.000 Ft\/f\u0151, a K\u00c9SZ tagoknak 6.000 Ft. Jelentkezni S\u00e1voly Andre\u00e1n\u00e1l, Kiss K\u00e1lm\u00e1nn\u00e1l, vagy a Marcali pl\u00e9b\u00e1ni\u00e1n lehet.<\/li>\n<\/ol>\n\n\n\n<hr class=\"wp-block-separator has-alpha-channel-opacity\"\/>\n\n\n\n<figure class=\"wp-block-image size-large\"><img loading=\"lazy\" decoding=\"async\" width=\"1024\" height=\"613\" src=\"https:\/\/marcali.plebania.hu\/wp-content\/uploads\/2025\/07\/250720-1024x613.png\" alt=\"\" class=\"wp-image-7484\" srcset=\"https:\/\/marcali.plebania.hu\/wp-content\/uploads\/2025\/07\/250720-1024x613.png 1024w, https:\/\/marcali.plebania.hu\/wp-content\/uploads\/2025\/07\/250720-300x180.png 300w, https:\/\/marcali.plebania.hu\/wp-content\/uploads\/2025\/07\/250720-768x460.png 768w, https:\/\/marcali.plebania.hu\/wp-content\/uploads\/2025\/07\/250720-451x270.png 451w, https:\/\/marcali.plebania.hu\/wp-content\/uploads\/2025\/07\/250720.png 1030w\" sizes=\"auto, (max-width: 1024px) 100vw, 1024px\" \/><\/figure>\n","protected":false},"excerpt":{"rendered":"<p>\u00c9vk\u00f6zi 16. vas\u00e1rnap<\/p>\n","protected":false},"author":1,"featured_media":0,"comment_status":"closed","ping_status":"open","sticky":false,"template":"","format":"standard","meta":{"footnotes":""},"categories":[3],"tags":[],"class_list":["post-7483","post","type-post","status-publish","format-standard","hentry","category-hirdetesek"],"_links":{"self":[{"href":"https:\/\/marcali.plebania.hu\/index.php?rest_route=\/wp\/v2\/posts\/7483","targetHints":{"allow":["GET"]}}],"collection":[{"href":"https:\/\/marcali.plebania.hu\/index.php?rest_route=\/wp\/v2\/posts"}],"about":[{"href":"https:\/\/marcali.plebania.hu\/index.php?rest_route=\/wp\/v2\/types\/post"}],"author":[{"embeddable":true,"href":"https:\/\/marcali.plebania.hu\/index.php?rest_route=\/wp\/v2\/users\/1"}],"replies":[{"embeddable":true,"href":"https:\/\/marcali.plebania.hu\/index.php?rest_route=%2Fwp%2Fv2%2Fcomments&post=7483"}],"version-history":[{"count":1,"href":"https:\/\/marcali.plebania.hu\/index.php?rest_route=\/wp\/v2\/posts\/7483\/revisions"}],"predecessor-version":[{"id":7485,"href":"https:\/\/marcali.plebania.hu\/index.php?rest_route=\/wp\/v2\/posts\/7483\/revisions\/7485"}],"wp:attachment":[{"href":"https:\/\/marcali.plebania.hu\/index.php?rest_route=%2Fwp%2Fv2%2Fmedia&parent=7483"}],"wp:term":[{"taxonomy":"category","embeddable":true,"href":"https:\/\/marcali.plebania.hu\/index.php?rest_route=%2Fwp%2Fv2%2Fcategories&post=7483"},{"taxonomy":"post_tag","embeddable":true,"href":"https:\/\/marcali.plebania.hu\/index.php?rest_route=%2Fwp%2Fv2%2Ftags&post=7483"}],"curies":[{"name":"wp","href":"https:\/\/api.w.org\/{rel}","templated":true}]}}