{"id":749,"date":"2019-04-12T09:40:03","date_gmt":"2019-04-12T09:40:03","guid":{"rendered":"https:\/\/marcali.plebania.hu\/?p=749"},"modified":"2019-04-12T09:40:03","modified_gmt":"2019-04-12T09:40:03","slug":"nagybojti-lelki-nap-a-marcali-plebanian","status":"publish","type":"post","link":"https:\/\/marcali.plebania.hu\/?p=749","title":{"rendered":"Nagyb\u00f6jti Lelki Nap a Marcali Pl\u00e9b\u00e1ni\u00e1n"},"content":{"rendered":"\n<p>2019. \u00e1prilis 6-\u00e1n, szombaton d\u00e9lut\u00e1n rendezt\u00e9k meg a Marcali Egyh\u00e1zk\u00f6zs\u00e9g nagyb\u00f6jti Lelki Napj\u00e1t.<\/p>\n\n\n\n<ul class=\"wp-block-gallery columns-3 is-cropped wp-block-gallery-1 is-layout-flex wp-block-gallery-is-layout-flex\"><li class=\"blocks-gallery-item\"><figure><img loading=\"lazy\" decoding=\"async\" width=\"1024\" height=\"683\" src=\"https:\/\/marcali.plebania.hu\/wp-content\/uploads\/2019\/04\/08-1-1024x683.jpg\" alt=\"\" data-id=\"752\" data-link=\"https:\/\/marcali.plebania.hu\/?attachment_id=752\" class=\"wp-image-752\" srcset=\"https:\/\/marcali.plebania.hu\/wp-content\/uploads\/2019\/04\/08-1-1024x683.jpg 1024w, https:\/\/marcali.plebania.hu\/wp-content\/uploads\/2019\/04\/08-1-300x200.jpg 300w, https:\/\/marcali.plebania.hu\/wp-content\/uploads\/2019\/04\/08-1-768x512.jpg 768w, https:\/\/marcali.plebania.hu\/wp-content\/uploads\/2019\/04\/08-1-405x270.jpg 405w\" sizes=\"auto, (max-width: 1024px) 100vw, 1024px\" \/><\/figure><\/li><li class=\"blocks-gallery-item\"><figure><img loading=\"lazy\" decoding=\"async\" width=\"1024\" height=\"683\" src=\"https:\/\/marcali.plebania.hu\/wp-content\/uploads\/2019\/04\/09-1-1024x683.jpg\" alt=\"\" data-id=\"753\" data-link=\"https:\/\/marcali.plebania.hu\/?attachment_id=753\" class=\"wp-image-753\" srcset=\"https:\/\/marcali.plebania.hu\/wp-content\/uploads\/2019\/04\/09-1-1024x683.jpg 1024w, https:\/\/marcali.plebania.hu\/wp-content\/uploads\/2019\/04\/09-1-300x200.jpg 300w, https:\/\/marcali.plebania.hu\/wp-content\/uploads\/2019\/04\/09-1-768x512.jpg 768w, https:\/\/marcali.plebania.hu\/wp-content\/uploads\/2019\/04\/09-1-405x270.jpg 405w\" sizes=\"auto, (max-width: 1024px) 100vw, 1024px\" \/><\/figure><\/li><li class=\"blocks-gallery-item\"><figure><img loading=\"lazy\" decoding=\"async\" width=\"1024\" height=\"683\" src=\"https:\/\/marcali.plebania.hu\/wp-content\/uploads\/2019\/04\/04-2-1024x683.jpg\" alt=\"\" data-id=\"754\" data-link=\"https:\/\/marcali.plebania.hu\/?attachment_id=754\" class=\"wp-image-754\" srcset=\"https:\/\/marcali.plebania.hu\/wp-content\/uploads\/2019\/04\/04-2-1024x683.jpg 1024w, https:\/\/marcali.plebania.hu\/wp-content\/uploads\/2019\/04\/04-2-300x200.jpg 300w, https:\/\/marcali.plebania.hu\/wp-content\/uploads\/2019\/04\/04-2-768x512.jpg 768w, https:\/\/marcali.plebania.hu\/wp-content\/uploads\/2019\/04\/04-2-405x270.jpg 405w\" sizes=\"auto, (max-width: 1024px) 100vw, 1024px\" \/><\/figure><\/li><li class=\"blocks-gallery-item\"><figure><img loading=\"lazy\" decoding=\"async\" width=\"1024\" height=\"683\" src=\"https:\/\/marcali.plebania.hu\/wp-content\/uploads\/2019\/04\/10-1024x683.jpg\" alt=\"\" data-id=\"755\" data-link=\"https:\/\/marcali.plebania.hu\/?attachment_id=755\" class=\"wp-image-755\" srcset=\"https:\/\/marcali.plebania.hu\/wp-content\/uploads\/2019\/04\/10-1024x683.jpg 1024w, https:\/\/marcali.plebania.hu\/wp-content\/uploads\/2019\/04\/10-300x200.jpg 300w, https:\/\/marcali.plebania.hu\/wp-content\/uploads\/2019\/04\/10-768x512.jpg 768w, https:\/\/marcali.plebania.hu\/wp-content\/uploads\/2019\/04\/10-405x270.jpg 405w\" sizes=\"auto, (max-width: 1024px) 100vw, 1024px\" \/><\/figure><\/li><\/ul>\n\n\n\n<p>13 \u00f3r\u00e1t\u00f3l el\u0151sz\u00f6r az als\u00f3 tagozatos hittanos gyermekeknek, majd 14 \u00f3r\u00e1t\u00f3l pedig a fels\u0151s\u00f6knek tartott el\u0151ad\u00e1st Neumajer Zolt\u00e1n helyettes esperes, fony\u00f3di pl\u00e9b\u00e1nos az X-h\u00e1z nagyterm\u00e9ben. A h\u00fasv\u00e9tra val\u00f3 lelki felk\u00e9sz\u00edt\u00e9s r\u00e9szek\u00e9nt, els\u0151k\u00e9nt a gyermekek, majd a feln\u0151ttek v\u00e9gezhett\u00e9k el szentgy\u00f3n\u00e1sukat Neumajer Zolt\u00e1n, illetve Csatl\u00f3s Istv\u00e1n inkei pl\u00e9b\u00e1nos k\u00f6zrem\u0171k\u00f6d\u00e9s\u00e9vel a Gy\u00fcm\u00f6lcsolt\u00f3 Boldogasszony pl\u00e9b\u00e1niatemplomban.<\/p>\n\n\n\n<ul class=\"wp-block-gallery columns-3 is-cropped wp-block-gallery-2 is-layout-flex wp-block-gallery-is-layout-flex\"><li class=\"blocks-gallery-item\"><figure><img loading=\"lazy\" decoding=\"async\" width=\"1024\" height=\"683\" src=\"https:\/\/marcali.plebania.hu\/wp-content\/uploads\/2019\/04\/12-1024x683.jpg\" alt=\"\" data-id=\"756\" data-link=\"https:\/\/marcali.plebania.hu\/?attachment_id=756\" class=\"wp-image-756\" srcset=\"https:\/\/marcali.plebania.hu\/wp-content\/uploads\/2019\/04\/12-1024x683.jpg 1024w, https:\/\/marcali.plebania.hu\/wp-content\/uploads\/2019\/04\/12-300x200.jpg 300w, https:\/\/marcali.plebania.hu\/wp-content\/uploads\/2019\/04\/12-768x512.jpg 768w, https:\/\/marcali.plebania.hu\/wp-content\/uploads\/2019\/04\/12-405x270.jpg 405w\" sizes=\"auto, (max-width: 1024px) 100vw, 1024px\" \/><\/figure><\/li><li class=\"blocks-gallery-item\"><figure><img loading=\"lazy\" decoding=\"async\" width=\"1024\" height=\"683\" src=\"https:\/\/marcali.plebania.hu\/wp-content\/uploads\/2019\/04\/14-1024x683.jpg\" alt=\"\" data-id=\"757\" data-link=\"https:\/\/marcali.plebania.hu\/?attachment_id=757\" class=\"wp-image-757\" srcset=\"https:\/\/marcali.plebania.hu\/wp-content\/uploads\/2019\/04\/14-1024x683.jpg 1024w, https:\/\/marcali.plebania.hu\/wp-content\/uploads\/2019\/04\/14-300x200.jpg 300w, https:\/\/marcali.plebania.hu\/wp-content\/uploads\/2019\/04\/14-768x512.jpg 768w, https:\/\/marcali.plebania.hu\/wp-content\/uploads\/2019\/04\/14-405x270.jpg 405w\" sizes=\"auto, (max-width: 1024px) 100vw, 1024px\" \/><\/figure><\/li><li class=\"blocks-gallery-item\"><figure><img loading=\"lazy\" decoding=\"async\" width=\"1024\" height=\"683\" src=\"https:\/\/marcali.plebania.hu\/wp-content\/uploads\/2019\/04\/19-1024x683.jpg\" alt=\"\" data-id=\"760\" data-link=\"https:\/\/marcali.plebania.hu\/?attachment_id=760\" class=\"wp-image-760\" srcset=\"https:\/\/marcali.plebania.hu\/wp-content\/uploads\/2019\/04\/19-1024x683.jpg 1024w, https:\/\/marcali.plebania.hu\/wp-content\/uploads\/2019\/04\/19-300x200.jpg 300w, https:\/\/marcali.plebania.hu\/wp-content\/uploads\/2019\/04\/19-768x512.jpg 768w, https:\/\/marcali.plebania.hu\/wp-content\/uploads\/2019\/04\/19-405x270.jpg 405w\" sizes=\"auto, (max-width: 1024px) 100vw, 1024px\" \/><\/figure><\/li><li class=\"blocks-gallery-item\"><figure><img loading=\"lazy\" decoding=\"async\" width=\"1024\" height=\"683\" src=\"https:\/\/marcali.plebania.hu\/wp-content\/uploads\/2019\/04\/22-1-1024x683.jpg\" alt=\"\" data-id=\"761\" data-link=\"https:\/\/marcali.plebania.hu\/?attachment_id=761\" class=\"wp-image-761\" srcset=\"https:\/\/marcali.plebania.hu\/wp-content\/uploads\/2019\/04\/22-1-1024x683.jpg 1024w, https:\/\/marcali.plebania.hu\/wp-content\/uploads\/2019\/04\/22-1-300x200.jpg 300w, https:\/\/marcali.plebania.hu\/wp-content\/uploads\/2019\/04\/22-1-768x512.jpg 768w, https:\/\/marcali.plebania.hu\/wp-content\/uploads\/2019\/04\/22-1-405x270.jpg 405w\" sizes=\"auto, (max-width: 1024px) 100vw, 1024px\" \/><\/figure><\/li><\/ul>\n\n\n\n<p>Majd 17 \u00f3r\u00e1t\u00f3l egyidej\u0171leg kereszt\u00fat kezd\u0151d\u00f6tt a b\u00e9rm\u00e1lkoz\u00e1sra k\u00e9sz\u00fcl\u0151 di\u00e1kok k\u00f6zvet\u00edt\u00e9s\u00e9vel. A k\u00e1lv\u00e1ria t\u00f6rt\u00e9net\u00e9t dramatiz\u00e1lt form\u00e1ban, miszt\u00e9riumj\u00e1t\u00e9k szer\u0171en mutatt\u00e1k be a jelenl\u00e9v\u0151 h\u00edveknek. Mik\u00f6zben a marcali F\u00e9ny Gyermekei Zenekar egyh\u00e1zi dalokkal tette sz\u00ednesebb\u00e9 \u00e9s \u00e9rz\u00e9kletess\u00e9 Krisztus szenved\u00e9st\u00f6rt\u00e9net\u00e9t.<\/p>\n\n\n\n<ul class=\"wp-block-gallery columns-3 is-cropped wp-block-gallery-3 is-layout-flex wp-block-gallery-is-layout-flex\"><li class=\"blocks-gallery-item\"><figure><img loading=\"lazy\" decoding=\"async\" width=\"1024\" height=\"683\" src=\"https:\/\/marcali.plebania.hu\/wp-content\/uploads\/2019\/04\/27-1024x683.jpg\" alt=\"\" data-id=\"763\" data-link=\"https:\/\/marcali.plebania.hu\/?attachment_id=763\" class=\"wp-image-763\" srcset=\"https:\/\/marcali.plebania.hu\/wp-content\/uploads\/2019\/04\/27-1024x683.jpg 1024w, https:\/\/marcali.plebania.hu\/wp-content\/uploads\/2019\/04\/27-300x200.jpg 300w, https:\/\/marcali.plebania.hu\/wp-content\/uploads\/2019\/04\/27-768x512.jpg 768w, https:\/\/marcali.plebania.hu\/wp-content\/uploads\/2019\/04\/27-405x270.jpg 405w\" sizes=\"auto, (max-width: 1024px) 100vw, 1024px\" \/><\/figure><\/li><li class=\"blocks-gallery-item\"><figure><img loading=\"lazy\" decoding=\"async\" width=\"1024\" height=\"683\" src=\"https:\/\/marcali.plebania.hu\/wp-content\/uploads\/2019\/04\/24-1-1024x683.jpg\" alt=\"\" data-id=\"764\" data-link=\"https:\/\/marcali.plebania.hu\/?attachment_id=764\" class=\"wp-image-764\" srcset=\"https:\/\/marcali.plebania.hu\/wp-content\/uploads\/2019\/04\/24-1-1024x683.jpg 1024w, https:\/\/marcali.plebania.hu\/wp-content\/uploads\/2019\/04\/24-1-300x200.jpg 300w, https:\/\/marcali.plebania.hu\/wp-content\/uploads\/2019\/04\/24-1-768x512.jpg 768w, https:\/\/marcali.plebania.hu\/wp-content\/uploads\/2019\/04\/24-1-405x270.jpg 405w\" sizes=\"auto, (max-width: 1024px) 100vw, 1024px\" \/><\/figure><\/li><li class=\"blocks-gallery-item\"><figure><img loading=\"lazy\" decoding=\"async\" width=\"1024\" height=\"683\" src=\"https:\/\/marcali.plebania.hu\/wp-content\/uploads\/2019\/04\/32-1024x683.jpg\" alt=\"\" data-id=\"765\" data-link=\"https:\/\/marcali.plebania.hu\/?attachment_id=765\" class=\"wp-image-765\" srcset=\"https:\/\/marcali.plebania.hu\/wp-content\/uploads\/2019\/04\/32-1024x683.jpg 1024w, https:\/\/marcali.plebania.hu\/wp-content\/uploads\/2019\/04\/32-300x200.jpg 300w, https:\/\/marcali.plebania.hu\/wp-content\/uploads\/2019\/04\/32-768x512.jpg 768w, https:\/\/marcali.plebania.hu\/wp-content\/uploads\/2019\/04\/32-405x270.jpg 405w\" sizes=\"auto, (max-width: 1024px) 100vw, 1024px\" \/><\/figure><\/li><li class=\"blocks-gallery-item\"><figure><img loading=\"lazy\" decoding=\"async\" width=\"1024\" height=\"683\" src=\"https:\/\/marcali.plebania.hu\/wp-content\/uploads\/2019\/04\/49-1024x683.jpg\" alt=\"\" data-id=\"766\" data-link=\"https:\/\/marcali.plebania.hu\/?attachment_id=766\" class=\"wp-image-766\" srcset=\"https:\/\/marcali.plebania.hu\/wp-content\/uploads\/2019\/04\/49-1024x683.jpg 1024w, https:\/\/marcali.plebania.hu\/wp-content\/uploads\/2019\/04\/49-300x200.jpg 300w, https:\/\/marcali.plebania.hu\/wp-content\/uploads\/2019\/04\/49-768x512.jpg 768w, https:\/\/marcali.plebania.hu\/wp-content\/uploads\/2019\/04\/49-405x270.jpg 405w\" sizes=\"auto, (max-width: 1024px) 100vw, 1024px\" \/><\/figure><\/li><\/ul>\n\n\n\n<p>18 \u00f3r\u00e1t\u00f3l pedig lelkigyakorlatos szentmis\u00e9vel fejez\u0151d\u00f6tt be a tartalmas d\u00e9lut\u00e1n, a vend\u00e9g el\u0151ad\u00f3 Neumajer Zolt\u00e1n atya celebr\u00e1l\u00e1s\u00e1val \u00e9s szentbesz\u00e9d\u00e9vel. Az istentisztelet v\u00e9g\u00e9n Kiss Iv\u00e1n c. pr\u00e9post, esperes-pl\u00e9b\u00e1nos megk\u00f6sz\u00f6nte minden k\u00f6zrem\u0171k\u00f6d\u0151nek a seg\u00edts\u00e9g\u00e9t.<\/p>\n\n\n\n<ul class=\"wp-block-gallery columns-3 is-cropped wp-block-gallery-4 is-layout-flex wp-block-gallery-is-layout-flex\"><li class=\"blocks-gallery-item\"><figure><img loading=\"lazy\" decoding=\"async\" width=\"1024\" height=\"683\" src=\"https:\/\/marcali.plebania.hu\/wp-content\/uploads\/2019\/04\/57-1024x683.jpg\" alt=\"\" data-id=\"767\" data-link=\"https:\/\/marcali.plebania.hu\/?attachment_id=767\" class=\"wp-image-767\" srcset=\"https:\/\/marcali.plebania.hu\/wp-content\/uploads\/2019\/04\/57-1024x683.jpg 1024w, https:\/\/marcali.plebania.hu\/wp-content\/uploads\/2019\/04\/57-300x200.jpg 300w, https:\/\/marcali.plebania.hu\/wp-content\/uploads\/2019\/04\/57-768x512.jpg 768w, https:\/\/marcali.plebania.hu\/wp-content\/uploads\/2019\/04\/57-405x270.jpg 405w\" sizes=\"auto, (max-width: 1024px) 100vw, 1024px\" \/><\/figure><\/li><li class=\"blocks-gallery-item\"><figure><img loading=\"lazy\" decoding=\"async\" width=\"1024\" height=\"683\" src=\"https:\/\/marcali.plebania.hu\/wp-content\/uploads\/2019\/04\/64-1024x683.jpg\" alt=\"\" data-id=\"769\" data-link=\"https:\/\/marcali.plebania.hu\/?attachment_id=769\" class=\"wp-image-769\" srcset=\"https:\/\/marcali.plebania.hu\/wp-content\/uploads\/2019\/04\/64-1024x683.jpg 1024w, https:\/\/marcali.plebania.hu\/wp-content\/uploads\/2019\/04\/64-300x200.jpg 300w, https:\/\/marcali.plebania.hu\/wp-content\/uploads\/2019\/04\/64-768x512.jpg 768w, https:\/\/marcali.plebania.hu\/wp-content\/uploads\/2019\/04\/64-405x270.jpg 405w\" sizes=\"auto, (max-width: 1024px) 100vw, 1024px\" \/><\/figure><\/li><li class=\"blocks-gallery-item\"><figure><img loading=\"lazy\" decoding=\"async\" width=\"1024\" height=\"683\" src=\"https:\/\/marcali.plebania.hu\/wp-content\/uploads\/2019\/04\/67-1024x683.jpg\" alt=\"\" data-id=\"770\" data-link=\"https:\/\/marcali.plebania.hu\/?attachment_id=770\" class=\"wp-image-770\" srcset=\"https:\/\/marcali.plebania.hu\/wp-content\/uploads\/2019\/04\/67-1024x683.jpg 1024w, https:\/\/marcali.plebania.hu\/wp-content\/uploads\/2019\/04\/67-300x200.jpg 300w, https:\/\/marcali.plebania.hu\/wp-content\/uploads\/2019\/04\/67-768x512.jpg 768w, https:\/\/marcali.plebania.hu\/wp-content\/uploads\/2019\/04\/67-405x270.jpg 405w\" sizes=\"auto, (max-width: 1024px) 100vw, 1024px\" \/><\/figure><\/li><li class=\"blocks-gallery-item\"><figure><img loading=\"lazy\" decoding=\"async\" width=\"1024\" height=\"683\" src=\"https:\/\/marcali.plebania.hu\/wp-content\/uploads\/2019\/04\/62-1024x683.jpg\" alt=\"\" data-id=\"771\" data-link=\"https:\/\/marcali.plebania.hu\/?attachment_id=771\" class=\"wp-image-771\" srcset=\"https:\/\/marcali.plebania.hu\/wp-content\/uploads\/2019\/04\/62-1024x683.jpg 1024w, https:\/\/marcali.plebania.hu\/wp-content\/uploads\/2019\/04\/62-300x200.jpg 300w, https:\/\/marcali.plebania.hu\/wp-content\/uploads\/2019\/04\/62-768x512.jpg 768w, https:\/\/marcali.plebania.hu\/wp-content\/uploads\/2019\/04\/62-405x270.jpg 405w\" sizes=\"auto, (max-width: 1024px) 100vw, 1024px\" \/><\/figure><\/li><\/ul>\n","protected":false},"excerpt":{"rendered":"<p>2019. \u00e1prilis 6-\u00e1n, szombaton d\u00e9lut\u00e1n rendezt\u00e9k meg a Marcali Egyh\u00e1zk\u00f6zs\u00e9g nagyb\u00f6jti Lelki Napj\u00e1t. 13 \u00f3r\u00e1t\u00f3l el\u0151sz\u00f6r az als\u00f3 tagozatos hittanos gyermekeknek, majd 14 \u00f3r\u00e1t\u00f3l pedig a fels\u0151s\u00f6knek tartott el\u0151ad\u00e1st Neumajer Zolt\u00e1n helyettes esperes, fony\u00f3di pl\u00e9b\u00e1nos az X-h\u00e1z nagyterm\u00e9ben. A h\u00fasv\u00e9tra val\u00f3 lelki felk\u00e9sz\u00edt\u00e9s r\u00e9szek\u00e9nt, els\u0151k\u00e9nt a gyermekek, majd a feln\u0151ttek v\u00e9gezhett\u00e9k el szentgy\u00f3n\u00e1sukat Neumajer Zolt\u00e1n, illetve Csatl\u00f3s Istv\u00e1n inkei pl\u00e9b\u00e1nos k\u00f6zrem\u0171k\u00f6d\u00e9s\u00e9vel a Gy\u00fcm\u00f6lcsolt\u00f3 Boldogasszony pl\u00e9b\u00e1niatemplomban. Majd 17 \u00f3r\u00e1t\u00f3l egyidej\u0171leg kereszt\u00fat kezd\u0151d\u00f6tt a b\u00e9rm\u00e1lkoz\u00e1sra k\u00e9sz\u00fcl\u0151 di\u00e1kok k\u00f6zvet\u00edt\u00e9s\u00e9vel. A k\u00e1lv\u00e1ria t\u00f6rt\u00e9net\u00e9t dramatiz\u00e1lt&#8230;<\/p>\n<p class=\"read-more\"><a class=\"btn btn-default\" href=\"https:\/\/marcali.plebania.hu\/?p=749\"> Read More<span class=\"screen-reader-text\">  Read More<\/span><\/a><\/p>\n","protected":false},"author":2,"featured_media":0,"comment_status":"closed","ping_status":"open","sticky":false,"template":"","format":"standard","meta":{"footnotes":""},"categories":[1],"tags":[],"class_list":["post-749","post","type-post","status-publish","format-standard","hentry","category-egyeb"],"_links":{"self":[{"href":"https:\/\/marcali.plebania.hu\/index.php?rest_route=\/wp\/v2\/posts\/749","targetHints":{"allow":["GET"]}}],"collection":[{"href":"https:\/\/marcali.plebania.hu\/index.php?rest_route=\/wp\/v2\/posts"}],"about":[{"href":"https:\/\/marcali.plebania.hu\/index.php?rest_route=\/wp\/v2\/types\/post"}],"author":[{"embeddable":true,"href":"https:\/\/marcali.plebania.hu\/index.php?rest_route=\/wp\/v2\/users\/2"}],"replies":[{"embeddable":true,"href":"https:\/\/marcali.plebania.hu\/index.php?rest_route=%2Fwp%2Fv2%2Fcomments&post=749"}],"version-history":[{"count":1,"href":"https:\/\/marcali.plebania.hu\/index.php?rest_route=\/wp\/v2\/posts\/749\/revisions"}],"predecessor-version":[{"id":772,"href":"https:\/\/marcali.plebania.hu\/index.php?rest_route=\/wp\/v2\/posts\/749\/revisions\/772"}],"wp:attachment":[{"href":"https:\/\/marcali.plebania.hu\/index.php?rest_route=%2Fwp%2Fv2%2Fmedia&parent=749"}],"wp:term":[{"taxonomy":"category","embeddable":true,"href":"https:\/\/marcali.plebania.hu\/index.php?rest_route=%2Fwp%2Fv2%2Fcategories&post=749"},{"taxonomy":"post_tag","embeddable":true,"href":"https:\/\/marcali.plebania.hu\/index.php?rest_route=%2Fwp%2Fv2%2Ftags&post=749"}],"curies":[{"name":"wp","href":"https:\/\/api.w.org\/{rel}","templated":true}]}}