{"id":7493,"date":"2025-07-26T14:02:33","date_gmt":"2025-07-26T14:02:33","guid":{"rendered":"https:\/\/marcali.plebania.hu\/?p=7493"},"modified":"2025-07-26T22:37:36","modified_gmt":"2025-07-26T22:37:36","slug":"hirdetesek-2025-julius-27-en","status":"publish","type":"post","link":"https:\/\/marcali.plebania.hu\/?p=7493","title":{"rendered":"Hirdet\u00e9sek 2025. j\u00falius 27-\u00e9n"},"content":{"rendered":"\n<p><a href=\"https:\/\/igenaptar.katolikus.hu\/nap\/index.php?holnap=2025-07-27\" target=\"_blank\" rel=\"noreferrer noopener\"><u>\u00c9vk\u00f6zi 17. vas\u00e1rnap<\/u><\/a><\/p>\n\n\n\n<ol start=\"1\" class=\"wp-block-list\">\n<li>A mai szentmis\u00e9k ut\u00e1n lesz a <strong>g\u00e9pj\u00e1rm\u0171vek meg\u00e1ld\u00e1sa<\/strong>.<\/li>\n\n\n\n<li>A h\u00e9ten megkezd\u0151d\u00f6tt az X-h\u00e1z tet\u0151szerkezet\u00e9nek meger\u0151s\u00edt\u00e9se \u00e9s a cserepez\u00e9s fel\u00faj\u00edt\u00e1sa. K\u00f6sz\u00f6nj\u00fck az eddig v\u00e1s\u00e1rolt cser\u00e9pjegy-adom\u00e1nyokat, amellyel hozz\u00e1j\u00e1rultak a fel\u00faj\u00edt\u00e1s k\u00f6lts\u00e9geihez.<\/li>\n\n\n\n<li>A <strong>F\u00e9rfi k\u00f6r<\/strong> k\u00f6vetkez\u0151 alkalma <span style=\"text-decoration: underline;\">szerd\u00e1n<\/span> 18:00-kor kezd\u0151dik a pl\u00e9b\u00e1ni\u00e1n.<\/li>\n\n\n\n<li>Az <strong>els\u0151 szombati ima\u00f3ra<\/strong> 16:30-kor kezd\u0151dik a pl\u00e9b\u00e1niatemplomban.<\/li>\n<\/ol>\n\n\n\n<hr class=\"wp-block-separator has-alpha-channel-opacity\"\/>\n\n\n\n<figure class=\"wp-block-image size-large\"><img loading=\"lazy\" decoding=\"async\" width=\"1024\" height=\"660\" src=\"https:\/\/marcali.plebania.hu\/wp-content\/uploads\/2025\/07\/250727-1024x660.png\" alt=\"\" class=\"wp-image-7495\" srcset=\"https:\/\/marcali.plebania.hu\/wp-content\/uploads\/2025\/07\/250727-1024x660.png 1024w, https:\/\/marcali.plebania.hu\/wp-content\/uploads\/2025\/07\/250727-300x193.png 300w, https:\/\/marcali.plebania.hu\/wp-content\/uploads\/2025\/07\/250727-768x495.png 768w, https:\/\/marcali.plebania.hu\/wp-content\/uploads\/2025\/07\/250727-1536x990.png 1536w, https:\/\/marcali.plebania.hu\/wp-content\/uploads\/2025\/07\/250727-419x270.png 419w, https:\/\/marcali.plebania.hu\/wp-content\/uploads\/2025\/07\/250727.png 1665w\" sizes=\"auto, (max-width: 1024px) 100vw, 1024px\" \/><\/figure>\n","protected":false},"excerpt":{"rendered":"<p>\u00c9vk\u00f6zi 17. vas\u00e1rnap<\/p>\n","protected":false},"author":1,"featured_media":0,"comment_status":"closed","ping_status":"open","sticky":false,"template":"","format":"standard","meta":{"footnotes":""},"categories":[3],"tags":[],"class_list":["post-7493","post","type-post","status-publish","format-standard","hentry","category-hirdetesek"],"_links":{"self":[{"href":"https:\/\/marcali.plebania.hu\/index.php?rest_route=\/wp\/v2\/posts\/7493","targetHints":{"allow":["GET"]}}],"collection":[{"href":"https:\/\/marcali.plebania.hu\/index.php?rest_route=\/wp\/v2\/posts"}],"about":[{"href":"https:\/\/marcali.plebania.hu\/index.php?rest_route=\/wp\/v2\/types\/post"}],"author":[{"embeddable":true,"href":"https:\/\/marcali.plebania.hu\/index.php?rest_route=\/wp\/v2\/users\/1"}],"replies":[{"embeddable":true,"href":"https:\/\/marcali.plebania.hu\/index.php?rest_route=%2Fwp%2Fv2%2Fcomments&post=7493"}],"version-history":[{"count":3,"href":"https:\/\/marcali.plebania.hu\/index.php?rest_route=\/wp\/v2\/posts\/7493\/revisions"}],"predecessor-version":[{"id":7497,"href":"https:\/\/marcali.plebania.hu\/index.php?rest_route=\/wp\/v2\/posts\/7493\/revisions\/7497"}],"wp:attachment":[{"href":"https:\/\/marcali.plebania.hu\/index.php?rest_route=%2Fwp%2Fv2%2Fmedia&parent=7493"}],"wp:term":[{"taxonomy":"category","embeddable":true,"href":"https:\/\/marcali.plebania.hu\/index.php?rest_route=%2Fwp%2Fv2%2Fcategories&post=7493"},{"taxonomy":"post_tag","embeddable":true,"href":"https:\/\/marcali.plebania.hu\/index.php?rest_route=%2Fwp%2Fv2%2Ftags&post=7493"}],"curies":[{"name":"wp","href":"https:\/\/api.w.org\/{rel}","templated":true}]}}