{"id":7498,"date":"2025-07-29T09:55:22","date_gmt":"2025-07-29T09:55:22","guid":{"rendered":"https:\/\/marcali.plebania.hu\/?p=7498"},"modified":"2025-07-29T09:55:22","modified_gmt":"2025-07-29T09:55:22","slug":"hittantabor-marcaliban-2","status":"publish","type":"post","link":"https:\/\/marcali.plebania.hu\/?p=7498","title":{"rendered":"Hittant\u00e1bor Marcaliban"},"content":{"rendered":"\n<p>Id\u00e9n is megrendez\u00e9sre ker\u00fclt a ny\u00e1ri hittant\u00e1bor, melynek t\u00e9m\u00e1ja el\u00e9gg\u00e9 aktu\u00e1lis volt. Ferenc p\u00e1pa m\u00e9g 2024 v\u00e9g\u00e9n hirdette meg 2025-re a szent\u00e9vet, \u00edgy a gyerekek az \u00f6t nap alatt err\u0151l is tanulhattak, m\u00e9g n\u00e9gy fontos szent mellett.<\/p>\n\n\n\n<figure class=\"wp-block-gallery has-nested-images columns-default is-cropped wp-block-gallery-1 is-layout-flex wp-block-gallery-is-layout-flex\">\n<figure class=\"wp-block-image size-large\"><img loading=\"lazy\" decoding=\"async\" width=\"1024\" height=\"683\" data-id=\"7500\" src=\"https:\/\/marcali.plebania.hu\/wp-content\/uploads\/2025\/07\/02-1024x683.jpg\" alt=\"\" class=\"wp-image-7500\" srcset=\"https:\/\/marcali.plebania.hu\/wp-content\/uploads\/2025\/07\/02-1024x683.jpg 1024w, https:\/\/marcali.plebania.hu\/wp-content\/uploads\/2025\/07\/02-300x200.jpg 300w, https:\/\/marcali.plebania.hu\/wp-content\/uploads\/2025\/07\/02-768x512.jpg 768w, https:\/\/marcali.plebania.hu\/wp-content\/uploads\/2025\/07\/02-1536x1024.jpg 1536w, https:\/\/marcali.plebania.hu\/wp-content\/uploads\/2025\/07\/02-2048x1365.jpg 2048w, https:\/\/marcali.plebania.hu\/wp-content\/uploads\/2025\/07\/02-405x270.jpg 405w\" sizes=\"auto, (max-width: 1024px) 100vw, 1024px\" \/><\/figure>\n\n\n\n<figure class=\"wp-block-image size-large\"><img loading=\"lazy\" decoding=\"async\" width=\"1024\" height=\"683\" data-id=\"7504\" src=\"https:\/\/marcali.plebania.hu\/wp-content\/uploads\/2025\/07\/03-1024x683.jpg\" alt=\"\" class=\"wp-image-7504\" srcset=\"https:\/\/marcali.plebania.hu\/wp-content\/uploads\/2025\/07\/03-1024x683.jpg 1024w, https:\/\/marcali.plebania.hu\/wp-content\/uploads\/2025\/07\/03-300x200.jpg 300w, https:\/\/marcali.plebania.hu\/wp-content\/uploads\/2025\/07\/03-768x512.jpg 768w, https:\/\/marcali.plebania.hu\/wp-content\/uploads\/2025\/07\/03-1536x1024.jpg 1536w, https:\/\/marcali.plebania.hu\/wp-content\/uploads\/2025\/07\/03-2048x1365.jpg 2048w, https:\/\/marcali.plebania.hu\/wp-content\/uploads\/2025\/07\/03-405x270.jpg 405w\" sizes=\"auto, (max-width: 1024px) 100vw, 1024px\" \/><\/figure>\n\n\n\n<figure class=\"wp-block-image size-large\"><img loading=\"lazy\" decoding=\"async\" width=\"1024\" height=\"683\" data-id=\"7502\" src=\"https:\/\/marcali.plebania.hu\/wp-content\/uploads\/2025\/07\/06-1024x683.jpg\" alt=\"\" class=\"wp-image-7502\" srcset=\"https:\/\/marcali.plebania.hu\/wp-content\/uploads\/2025\/07\/06-1024x683.jpg 1024w, https:\/\/marcali.plebania.hu\/wp-content\/uploads\/2025\/07\/06-300x200.jpg 300w, https:\/\/marcali.plebania.hu\/wp-content\/uploads\/2025\/07\/06-768x512.jpg 768w, https:\/\/marcali.plebania.hu\/wp-content\/uploads\/2025\/07\/06-1536x1024.jpg 1536w, https:\/\/marcali.plebania.hu\/wp-content\/uploads\/2025\/07\/06-2048x1365.jpg 2048w, https:\/\/marcali.plebania.hu\/wp-content\/uploads\/2025\/07\/06-405x270.jpg 405w\" sizes=\"auto, (max-width: 1024px) 100vw, 1024px\" \/><\/figure>\n\n\n\n<figure class=\"wp-block-image size-large\"><img loading=\"lazy\" decoding=\"async\" width=\"1024\" height=\"683\" data-id=\"7503\" src=\"https:\/\/marcali.plebania.hu\/wp-content\/uploads\/2025\/07\/01-1024x683.jpg\" alt=\"\" class=\"wp-image-7503\" srcset=\"https:\/\/marcali.plebania.hu\/wp-content\/uploads\/2025\/07\/01-1024x683.jpg 1024w, https:\/\/marcali.plebania.hu\/wp-content\/uploads\/2025\/07\/01-300x200.jpg 300w, https:\/\/marcali.plebania.hu\/wp-content\/uploads\/2025\/07\/01-768x512.jpg 768w, https:\/\/marcali.plebania.hu\/wp-content\/uploads\/2025\/07\/01-1536x1024.jpg 1536w, https:\/\/marcali.plebania.hu\/wp-content\/uploads\/2025\/07\/01-2048x1365.jpg 2048w, https:\/\/marcali.plebania.hu\/wp-content\/uploads\/2025\/07\/01-405x270.jpg 405w\" sizes=\"auto, (max-width: 1024px) 100vw, 1024px\" \/><\/figure>\n<\/figure>\n\n\n\n<p>A t\u00e1bor ideje alatt a gyerekek n\u00e9gy csoportban dolgoztak. Minden reggelt egy k\u00f6z\u00f6s im\u00e1val \u00e9s k\u00f6z\u00f6ss\u00e9g\u00e9p\u00edt\u0151 j\u00e1t\u00e9kkal kezdtek az X-h\u00e1zban, majd a reggeli ut\u00e1n a templomban hallgattak meg egy el\u0151ad\u00e1st az aznapi szentr\u0151l. Ennek keret\u00e9ben ismerkedhettek meg N\u00e9ri Szent F\u00fcl\u00f6ppel, Szent Pio aty\u00e1val, Szent II. J\u00e1nos P\u00e1l p\u00e1p\u00e1val, illetve Szent Rit\u00e1val. A gyerekek nyelv\u00e9re leford\u00edtott el\u0151ad\u00e1sok sor\u00e1n a t\u00e1boroz\u00f3k kaptak egy-egy apr\u00f3 \u00fatraval\u00f3t a fent eml\u00edtett szentekt\u0151l, melyet m\u00e1r a t\u00e1bor ideje alatt is kamatoztatni tudtak. Annak \u00e9rdek\u00e9ben, hogy a hallottak valamilyen szinten el is m\u00e9ly\u00fcljenek benn\u00fcnk, d\u00e9lel\u0151tt \u00e9s d\u00e9lut\u00e1n egy forg\u00f3sz\u00ednpad nevezet\u0171 j\u00e1t\u00e9kban vettek r\u00e9szt a csapatok, ahol k\u00fcl\u00f6nb\u00f6z\u0151 \u00e1llom\u00e1sokon, k\u00fcl\u00f6nb\u00f6z\u0151 feladatokat kellett megoldaniuk, elv\u00e9gezni\u00fck. Egyes \u00e1llom\u00e1son tot\u00f3 \u00e9s puzzle v\u00e1rta \u0151ket, mely utalt az aznapi el\u0151ad\u00e1sra, m\u00e1shol \u00e9nekelni \u00e9s k\u00e9zm\u0171veskedni volt lehet\u0151s\u00e9g\u00fck, illetve volt olyan helysz\u00edn is, ahol m\u00e9lyebben megismerkedhettek a templommal, a sekresty\u00e9vel, tov\u00e1bb\u00e1 ezeknek a helyis\u00e9geknek a kell\u00e9keivel.<\/p>\n\n\n\n<figure class=\"wp-block-gallery has-nested-images columns-default is-cropped wp-block-gallery-2 is-layout-flex wp-block-gallery-is-layout-flex\">\n<figure class=\"wp-block-image size-large\"><img loading=\"lazy\" decoding=\"async\" width=\"640\" height=\"480\" data-id=\"7506\" src=\"https:\/\/marcali.plebania.hu\/wp-content\/uploads\/2025\/07\/image1.jpeg\" alt=\"\" class=\"wp-image-7506\" srcset=\"https:\/\/marcali.plebania.hu\/wp-content\/uploads\/2025\/07\/image1.jpeg 640w, https:\/\/marcali.plebania.hu\/wp-content\/uploads\/2025\/07\/image1-300x225.jpeg 300w, https:\/\/marcali.plebania.hu\/wp-content\/uploads\/2025\/07\/image1-360x270.jpeg 360w\" sizes=\"auto, (max-width: 640px) 100vw, 640px\" \/><\/figure>\n\n\n\n<figure class=\"wp-block-image size-large\"><img loading=\"lazy\" decoding=\"async\" width=\"640\" height=\"480\" data-id=\"7509\" src=\"https:\/\/marcali.plebania.hu\/wp-content\/uploads\/2025\/07\/image3.jpeg\" alt=\"\" class=\"wp-image-7509\" srcset=\"https:\/\/marcali.plebania.hu\/wp-content\/uploads\/2025\/07\/image3.jpeg 640w, https:\/\/marcali.plebania.hu\/wp-content\/uploads\/2025\/07\/image3-300x225.jpeg 300w, https:\/\/marcali.plebania.hu\/wp-content\/uploads\/2025\/07\/image3-360x270.jpeg 360w\" sizes=\"auto, (max-width: 640px) 100vw, 640px\" \/><\/figure>\n\n\n\n<figure class=\"wp-block-image size-large\"><img loading=\"lazy\" decoding=\"async\" width=\"640\" height=\"480\" data-id=\"7507\" src=\"https:\/\/marcali.plebania.hu\/wp-content\/uploads\/2025\/07\/image4.jpeg\" alt=\"\" class=\"wp-image-7507\" srcset=\"https:\/\/marcali.plebania.hu\/wp-content\/uploads\/2025\/07\/image4.jpeg 640w, https:\/\/marcali.plebania.hu\/wp-content\/uploads\/2025\/07\/image4-300x225.jpeg 300w, https:\/\/marcali.plebania.hu\/wp-content\/uploads\/2025\/07\/image4-360x270.jpeg 360w\" sizes=\"auto, (max-width: 640px) 100vw, 640px\" \/><\/figure>\n\n\n\n<figure class=\"wp-block-image size-large\"><img loading=\"lazy\" decoding=\"async\" width=\"640\" height=\"480\" data-id=\"7508\" src=\"https:\/\/marcali.plebania.hu\/wp-content\/uploads\/2025\/07\/image2.jpeg\" alt=\"\" class=\"wp-image-7508\" srcset=\"https:\/\/marcali.plebania.hu\/wp-content\/uploads\/2025\/07\/image2.jpeg 640w, https:\/\/marcali.plebania.hu\/wp-content\/uploads\/2025\/07\/image2-300x225.jpeg 300w, https:\/\/marcali.plebania.hu\/wp-content\/uploads\/2025\/07\/image2-360x270.jpeg 360w\" sizes=\"auto, (max-width: 640px) 100vw, 640px\" \/><\/figure>\n<\/figure>\n\n\n\n<p>A szerdai nap a kir\u00e1ndul\u00e1s\u00e9 volt, ennek keret\u00e9n bel\u00fcl pedig vonattal l\u00e1togattak el a t\u00e1boroz\u00f3k Si\u00f3fokra, illetve Sz\u00e9plakra. Si\u00f3fokon els\u0151 sorban megtekinthett\u00e9k a Sarl\u00f3s Boldogasszony-templomot, ahol a helyi pl\u00e9b\u00e1nos, Tomanek P\u00e9ter atya, illetve Ferenc atya besz\u00e9ltek az ottani templomr\u00f3l, a szent\u00e9vr\u0151l \u00e9s a k\u00f6z\u00f6s gyerekkorukr\u00f3l. A csapat ezek ut\u00e1n elindult Sz\u00e9plak ir\u00e1ny\u00e1ba, ahol a Szent Anna-k\u00e1poln\u00e1ban egy k\u00f6z\u00f6s mis\u00e9n vehettek r\u00e9szt.<\/p>\n\n\n\n<p>Az utols\u00f3 napot a t\u00e1boroz\u00f3k a sz\u00fcleikkel k\u00f6z\u00f6sen tudt\u00e1k lez\u00e1rni egy szentmise keret\u00e9ben, melynek v\u00e9g\u00e9n a gyerekek egy \u00e9nekkel kedveskedtek a sz\u00fcleiknek, melyet eg\u00e9sz h\u00e9ten gyakoroltak. Ezut\u00e1n egy j\u00f3 hangulat\u00fa agap\u00e9 koron\u00e1zta a d\u00e9lut\u00e1nt a templom mellett, ahol mindenki \u00f6nfeledten tudott falatozni, besz\u00e9lgetni \u00e9s m\u00e9g aznap egy utols\u00f3t j\u00e1tszani a kedves bar\u00e1taival.<\/p>\n\n\n\n<figure class=\"wp-block-gallery has-nested-images columns-default is-cropped wp-block-gallery-3 is-layout-flex wp-block-gallery-is-layout-flex\">\n<figure class=\"wp-block-image size-large\"><img loading=\"lazy\" decoding=\"async\" width=\"1024\" height=\"683\" data-id=\"7513\" src=\"https:\/\/marcali.plebania.hu\/wp-content\/uploads\/2025\/07\/14-1024x683.jpg\" alt=\"\" class=\"wp-image-7513\" srcset=\"https:\/\/marcali.plebania.hu\/wp-content\/uploads\/2025\/07\/14-1024x683.jpg 1024w, https:\/\/marcali.plebania.hu\/wp-content\/uploads\/2025\/07\/14-300x200.jpg 300w, https:\/\/marcali.plebania.hu\/wp-content\/uploads\/2025\/07\/14-768x512.jpg 768w, https:\/\/marcali.plebania.hu\/wp-content\/uploads\/2025\/07\/14-1536x1024.jpg 1536w, https:\/\/marcali.plebania.hu\/wp-content\/uploads\/2025\/07\/14-2048x1365.jpg 2048w, https:\/\/marcali.plebania.hu\/wp-content\/uploads\/2025\/07\/14-405x270.jpg 405w\" sizes=\"auto, (max-width: 1024px) 100vw, 1024px\" \/><\/figure>\n\n\n\n<figure class=\"wp-block-image size-large\"><img loading=\"lazy\" decoding=\"async\" width=\"1024\" height=\"683\" data-id=\"7510\" src=\"https:\/\/marcali.plebania.hu\/wp-content\/uploads\/2025\/07\/15-1024x683.jpg\" alt=\"\" class=\"wp-image-7510\" srcset=\"https:\/\/marcali.plebania.hu\/wp-content\/uploads\/2025\/07\/15-1024x683.jpg 1024w, https:\/\/marcali.plebania.hu\/wp-content\/uploads\/2025\/07\/15-300x200.jpg 300w, https:\/\/marcali.plebania.hu\/wp-content\/uploads\/2025\/07\/15-768x512.jpg 768w, https:\/\/marcali.plebania.hu\/wp-content\/uploads\/2025\/07\/15-1536x1024.jpg 1536w, https:\/\/marcali.plebania.hu\/wp-content\/uploads\/2025\/07\/15-2048x1365.jpg 2048w, https:\/\/marcali.plebania.hu\/wp-content\/uploads\/2025\/07\/15-405x270.jpg 405w\" sizes=\"auto, (max-width: 1024px) 100vw, 1024px\" \/><\/figure>\n\n\n\n<figure class=\"wp-block-image size-large\"><img loading=\"lazy\" decoding=\"async\" width=\"1024\" height=\"683\" data-id=\"7516\" src=\"https:\/\/marcali.plebania.hu\/wp-content\/uploads\/2025\/07\/21-1024x683.jpg\" alt=\"\" class=\"wp-image-7516\" srcset=\"https:\/\/marcali.plebania.hu\/wp-content\/uploads\/2025\/07\/21-1024x683.jpg 1024w, https:\/\/marcali.plebania.hu\/wp-content\/uploads\/2025\/07\/21-300x200.jpg 300w, https:\/\/marcali.plebania.hu\/wp-content\/uploads\/2025\/07\/21-768x512.jpg 768w, https:\/\/marcali.plebania.hu\/wp-content\/uploads\/2025\/07\/21-1536x1024.jpg 1536w, https:\/\/marcali.plebania.hu\/wp-content\/uploads\/2025\/07\/21-2048x1365.jpg 2048w, https:\/\/marcali.plebania.hu\/wp-content\/uploads\/2025\/07\/21-405x270.jpg 405w\" sizes=\"auto, (max-width: 1024px) 100vw, 1024px\" \/><\/figure>\n\n\n\n<figure class=\"wp-block-image size-large\"><img loading=\"lazy\" decoding=\"async\" width=\"1024\" height=\"683\" data-id=\"7511\" src=\"https:\/\/marcali.plebania.hu\/wp-content\/uploads\/2025\/07\/13-1024x683.jpg\" alt=\"\" class=\"wp-image-7511\" srcset=\"https:\/\/marcali.plebania.hu\/wp-content\/uploads\/2025\/07\/13-1024x683.jpg 1024w, https:\/\/marcali.plebania.hu\/wp-content\/uploads\/2025\/07\/13-300x200.jpg 300w, https:\/\/marcali.plebania.hu\/wp-content\/uploads\/2025\/07\/13-768x512.jpg 768w, https:\/\/marcali.plebania.hu\/wp-content\/uploads\/2025\/07\/13-1536x1024.jpg 1536w, https:\/\/marcali.plebania.hu\/wp-content\/uploads\/2025\/07\/13-2048x1365.jpg 2048w, https:\/\/marcali.plebania.hu\/wp-content\/uploads\/2025\/07\/13-405x270.jpg 405w\" sizes=\"auto, (max-width: 1024px) 100vw, 1024px\" \/><\/figure>\n<\/figure>\n\n\n\n<p>A t\u00e1bor ideje alatt a gyerekeknek lehet\u0151s\u00e9g\u00fck volt a szentmis\u00e9ken val\u00f3 r\u00e9sz\u00e9vtelen k\u00edv\u00fcl gy\u00f3n\u00e1sra, k\u00f6z\u00f6s im\u00e1dkoz\u00e1sra \u00e9s szents\u00e9gim\u00e1d\u00e1sra is annak \u00e9rdek\u00e9ben, hogy k\u00f6zelebb ker\u00fcljenek Istenhez.<\/p>\n\n\n\n<p>Ez\u00faton is szeretn\u00e9nk k\u00f6sz\u00f6netet mondani a szervez\u0151knek Tomanek Ferenc \u00c1ron aty\u00e1nak, dr. Gyulain\u00e9 Domj\u00e1n Zsuzsann\u00e1nak, Kocza Anit\u00e1nak, Cservenyi-Jakabovics Zolt\u00e1nnak, Cservenyi-Jakabovics Eszternek, Suszter Mikl\u00f3snak, Pozsonyin\u00e9 Kiss M\u00e1ri\u00e1nak, Deiszingern\u00e9 Kiss Ann\u00e1nak \u00e9s Pozsonyi Ann\u00e1nak. K\u00f6sz\u00f6nj\u00fck a k\u00f6z\u00e9piskol\u00e1s di\u00e1koknak, N\u00e9meth Vikt\u00f3ri\u00e1nak, S\u00e1ndor R\u00e9k\u00e1nak, Kott\u00e1n Szil\u00e1rdnak, Pozsonyi M\u00e1rknak, akik seg\u00edtettek a gyerekek terelget\u00e9s\u00e9ben \u00e9s a Marcalin k\u00edv\u00fclr\u0151l \u00e9rkezetteknek, Horv\u00e1th Erzs\u00e9betnek \u00e9s Kabai S\u00e1r\u00e1nak.<\/p>\n\n\n\n<p>Tov\u00e1bb\u00e1 szeretn\u00e9nk h\u00e1l\u00e1nkat kifejezni a P\u00fcsp\u00f6ks\u00e9gnek, Bod\u00f3n\u00e9 Babj\u00e1k \u00c9va n\u00e9ninek, Moln\u00e1r Lajosn\u00e9 Marika n\u00e9ninek, Csernalovics T\u00fcnd\u00e9nek, a zenekarnak, a szervezeteknek, melyek eg\u00e9sz h\u00e9ten valamilyen m\u00f3don seg\u00edtettek abban, hogy a t\u00e1bor g\u00f6rd\u00fcl\u00e9kenyen tudjon v\u00e9gbe menni, illetve a sz\u00fcl\u0151knek is, akik az adom\u00e1nyok mellett, szerepet v\u00e1llaltak abban is, hogy a kir\u00e1ndul\u00e1shoz a gyerekeket kivitt\u00e9k \u00e9s visszahozt\u00e1k a vonatt\u00f3l, hogy a t\u00e1borz\u00e1r\u00f3 agap\u00e9hoz hozz\u00e1j\u00e1rultak, illetve az\u00e9rt is, hogy a gyermekeiket erre a h\u00e9tre r\u00e1nk b\u00edzt\u00e1k.<\/p>\n\n\n\n<p>\u00cdrta: Pozsonyi Anna<\/p>\n\n\n\n<p>Fot\u00f3k: Kling M\u00e1rk, Pozsonyi Anna, Kiss K\u00e1lm\u00e1n<\/p>\n","protected":false},"excerpt":{"rendered":"<p>Id\u00e9n is megrendez\u00e9sre ker\u00fclt a ny\u00e1ri hittant\u00e1bor, melynek t\u00e9m\u00e1ja el\u00e9gg\u00e9 aktu\u00e1lis volt. Ferenc p\u00e1pa m\u00e9g 2024 v\u00e9g\u00e9n hirdette meg 2025-re a szent\u00e9vet, \u00edgy a gyerekek az \u00f6t nap alatt err\u0151l is tanulhattak, m\u00e9g n\u00e9gy fontos szent mellett. A t\u00e1bor ideje alatt a gyerekek n\u00e9gy csoportban dolgoztak. Minden reggelt egy k\u00f6z\u00f6s im\u00e1val \u00e9s k\u00f6z\u00f6ss\u00e9g\u00e9p\u00edt\u0151 j\u00e1t\u00e9kkal kezdtek az X-h\u00e1zban, majd a reggeli ut\u00e1n a templomban hallgattak meg egy el\u0151ad\u00e1st az aznapi szentr\u0151l. Ennek keret\u00e9ben ismerkedhettek meg N\u00e9ri Szent F\u00fcl\u00f6ppel, Szent Pio aty\u00e1val,&#8230;<\/p>\n<p class=\"read-more\"><a class=\"btn btn-default\" href=\"https:\/\/marcali.plebania.hu\/?p=7498\"> Read More<span class=\"screen-reader-text\">  Read More<\/span><\/a><\/p>\n","protected":false},"author":2,"featured_media":0,"comment_status":"closed","ping_status":"open","sticky":false,"template":"","format":"standard","meta":{"footnotes":""},"categories":[1],"tags":[],"class_list":["post-7498","post","type-post","status-publish","format-standard","hentry","category-egyeb"],"_links":{"self":[{"href":"https:\/\/marcali.plebania.hu\/index.php?rest_route=\/wp\/v2\/posts\/7498","targetHints":{"allow":["GET"]}}],"collection":[{"href":"https:\/\/marcali.plebania.hu\/index.php?rest_route=\/wp\/v2\/posts"}],"about":[{"href":"https:\/\/marcali.plebania.hu\/index.php?rest_route=\/wp\/v2\/types\/post"}],"author":[{"embeddable":true,"href":"https:\/\/marcali.plebania.hu\/index.php?rest_route=\/wp\/v2\/users\/2"}],"replies":[{"embeddable":true,"href":"https:\/\/marcali.plebania.hu\/index.php?rest_route=%2Fwp%2Fv2%2Fcomments&post=7498"}],"version-history":[{"count":1,"href":"https:\/\/marcali.plebania.hu\/index.php?rest_route=\/wp\/v2\/posts\/7498\/revisions"}],"predecessor-version":[{"id":7517,"href":"https:\/\/marcali.plebania.hu\/index.php?rest_route=\/wp\/v2\/posts\/7498\/revisions\/7517"}],"wp:attachment":[{"href":"https:\/\/marcali.plebania.hu\/index.php?rest_route=%2Fwp%2Fv2%2Fmedia&parent=7498"}],"wp:term":[{"taxonomy":"category","embeddable":true,"href":"https:\/\/marcali.plebania.hu\/index.php?rest_route=%2Fwp%2Fv2%2Fcategories&post=7498"},{"taxonomy":"post_tag","embeddable":true,"href":"https:\/\/marcali.plebania.hu\/index.php?rest_route=%2Fwp%2Fv2%2Ftags&post=7498"}],"curies":[{"name":"wp","href":"https:\/\/api.w.org\/{rel}","templated":true}]}}