{"id":7518,"date":"2025-07-29T13:38:41","date_gmt":"2025-07-29T13:38:41","guid":{"rendered":"https:\/\/marcali.plebania.hu\/?p=7518"},"modified":"2025-07-29T13:38:41","modified_gmt":"2025-07-29T13:38:41","slug":"2025-evi-jarmumegaldas-marcaliban","status":"publish","type":"post","link":"https:\/\/marcali.plebania.hu\/?p=7518","title":{"rendered":"2025. \u00e9vi j\u00e1rm\u0171meg\u00e1ld\u00e1s Marcaliban"},"content":{"rendered":"\n<p>2025. j\u00falius 27-\u00e9n vas\u00e1rnap, a 9 \u00f3r\u00e1s szentmise ut\u00e1n Tomanek Ferenc \u00c1ron pl\u00e9b\u00e1nos a j\u00e1rm\u0171vek patr\u00f3nus\u00e1nak, Szent Krist\u00f3fnak a k\u00f6zbenj\u00e1r\u00e1s\u00e1val meg\u00e1ldotta a Gy\u00fcm\u00f6lcsolt\u00f3 Boldogasszony Pl\u00e9b\u00e1niatemplom el\u0151tti t\u00e9ren l\u00e9v\u0151 j\u00e1rm\u0171veket (aut\u00f3kat \u00e9s ker\u00e9kp\u00e1rokat egyar\u00e1nt) a balesetmentes k\u00f6zleked\u00e9s \u00e9rdek\u00e9ben.<\/p>\n\n\n\n<figure class=\"wp-block-gallery has-nested-images columns-default is-cropped wp-block-gallery-1 is-layout-flex wp-block-gallery-is-layout-flex\">\n<figure class=\"wp-block-image size-large\"><img loading=\"lazy\" decoding=\"async\" width=\"1024\" height=\"683\" data-id=\"7519\" src=\"https:\/\/marcali.plebania.hu\/wp-content\/uploads\/2025\/07\/01-1-1024x683.jpg\" alt=\"\" class=\"wp-image-7519\" srcset=\"https:\/\/marcali.plebania.hu\/wp-content\/uploads\/2025\/07\/01-1-1024x683.jpg 1024w, https:\/\/marcali.plebania.hu\/wp-content\/uploads\/2025\/07\/01-1-300x200.jpg 300w, https:\/\/marcali.plebania.hu\/wp-content\/uploads\/2025\/07\/01-1-768x512.jpg 768w, https:\/\/marcali.plebania.hu\/wp-content\/uploads\/2025\/07\/01-1-1536x1024.jpg 1536w, https:\/\/marcali.plebania.hu\/wp-content\/uploads\/2025\/07\/01-1-2048x1365.jpg 2048w, https:\/\/marcali.plebania.hu\/wp-content\/uploads\/2025\/07\/01-1-405x270.jpg 405w\" sizes=\"auto, (max-width: 1024px) 100vw, 1024px\" \/><\/figure>\n\n\n\n<figure class=\"wp-block-image size-large\"><img loading=\"lazy\" decoding=\"async\" width=\"1024\" height=\"683\" data-id=\"7522\" src=\"https:\/\/marcali.plebania.hu\/wp-content\/uploads\/2025\/07\/02-1-1024x683.jpg\" alt=\"\" class=\"wp-image-7522\" srcset=\"https:\/\/marcali.plebania.hu\/wp-content\/uploads\/2025\/07\/02-1-1024x683.jpg 1024w, https:\/\/marcali.plebania.hu\/wp-content\/uploads\/2025\/07\/02-1-300x200.jpg 300w, https:\/\/marcali.plebania.hu\/wp-content\/uploads\/2025\/07\/02-1-768x512.jpg 768w, https:\/\/marcali.plebania.hu\/wp-content\/uploads\/2025\/07\/02-1-1536x1024.jpg 1536w, https:\/\/marcali.plebania.hu\/wp-content\/uploads\/2025\/07\/02-1-2048x1365.jpg 2048w, https:\/\/marcali.plebania.hu\/wp-content\/uploads\/2025\/07\/02-1-405x270.jpg 405w\" sizes=\"auto, (max-width: 1024px) 100vw, 1024px\" \/><\/figure>\n\n\n\n<figure class=\"wp-block-image size-large\"><img loading=\"lazy\" decoding=\"async\" width=\"1024\" height=\"683\" data-id=\"7520\" src=\"https:\/\/marcali.plebania.hu\/wp-content\/uploads\/2025\/07\/03-1-1024x683.jpg\" alt=\"\" class=\"wp-image-7520\" srcset=\"https:\/\/marcali.plebania.hu\/wp-content\/uploads\/2025\/07\/03-1-1024x683.jpg 1024w, https:\/\/marcali.plebania.hu\/wp-content\/uploads\/2025\/07\/03-1-300x200.jpg 300w, https:\/\/marcali.plebania.hu\/wp-content\/uploads\/2025\/07\/03-1-768x512.jpg 768w, https:\/\/marcali.plebania.hu\/wp-content\/uploads\/2025\/07\/03-1-1536x1024.jpg 1536w, https:\/\/marcali.plebania.hu\/wp-content\/uploads\/2025\/07\/03-1-2048x1365.jpg 2048w, https:\/\/marcali.plebania.hu\/wp-content\/uploads\/2025\/07\/03-1-405x270.jpg 405w\" sizes=\"auto, (max-width: 1024px) 100vw, 1024px\" \/><\/figure>\n\n\n\n<figure class=\"wp-block-image size-large\"><img loading=\"lazy\" decoding=\"async\" width=\"1024\" height=\"683\" data-id=\"7523\" src=\"https:\/\/marcali.plebania.hu\/wp-content\/uploads\/2025\/07\/04-1-1024x683.jpg\" alt=\"\" class=\"wp-image-7523\" srcset=\"https:\/\/marcali.plebania.hu\/wp-content\/uploads\/2025\/07\/04-1-1024x683.jpg 1024w, https:\/\/marcali.plebania.hu\/wp-content\/uploads\/2025\/07\/04-1-300x200.jpg 300w, https:\/\/marcali.plebania.hu\/wp-content\/uploads\/2025\/07\/04-1-768x512.jpg 768w, https:\/\/marcali.plebania.hu\/wp-content\/uploads\/2025\/07\/04-1-1536x1024.jpg 1536w, https:\/\/marcali.plebania.hu\/wp-content\/uploads\/2025\/07\/04-1-2048x1365.jpg 2048w, https:\/\/marcali.plebania.hu\/wp-content\/uploads\/2025\/07\/04-1-405x270.jpg 405w\" sizes=\"auto, (max-width: 1024px) 100vw, 1024px\" \/><\/figure>\n\n\n\n<figure class=\"wp-block-image size-large\"><img loading=\"lazy\" decoding=\"async\" width=\"1024\" height=\"683\" data-id=\"7521\" src=\"https:\/\/marcali.plebania.hu\/wp-content\/uploads\/2025\/07\/06-1-1024x683.jpg\" alt=\"\" class=\"wp-image-7521\" srcset=\"https:\/\/marcali.plebania.hu\/wp-content\/uploads\/2025\/07\/06-1-1024x683.jpg 1024w, https:\/\/marcali.plebania.hu\/wp-content\/uploads\/2025\/07\/06-1-300x200.jpg 300w, https:\/\/marcali.plebania.hu\/wp-content\/uploads\/2025\/07\/06-1-768x512.jpg 768w, https:\/\/marcali.plebania.hu\/wp-content\/uploads\/2025\/07\/06-1-1536x1024.jpg 1536w, https:\/\/marcali.plebania.hu\/wp-content\/uploads\/2025\/07\/06-1-2048x1365.jpg 2048w, https:\/\/marcali.plebania.hu\/wp-content\/uploads\/2025\/07\/06-1-405x270.jpg 405w\" sizes=\"auto, (max-width: 1024px) 100vw, 1024px\" \/><\/figure>\n<\/figure>\n\n\n\n<p>\u00cdrta \u00e9s fot\u00f3k: Kiss K\u00e1lm\u00e1n<\/p>\n","protected":false},"excerpt":{"rendered":"<p>2025. j\u00falius 27-\u00e9n vas\u00e1rnap, a 9 \u00f3r\u00e1s szentmise ut\u00e1n Tomanek Ferenc \u00c1ron pl\u00e9b\u00e1nos a j\u00e1rm\u0171vek patr\u00f3nus\u00e1nak, Szent Krist\u00f3fnak a k\u00f6zbenj\u00e1r\u00e1s\u00e1val meg\u00e1ldotta a Gy\u00fcm\u00f6lcsolt\u00f3 Boldogasszony Pl\u00e9b\u00e1niatemplom el\u0151tti t\u00e9ren l\u00e9v\u0151 j\u00e1rm\u0171veket (aut\u00f3kat \u00e9s ker\u00e9kp\u00e1rokat egyar\u00e1nt) a balesetmentes k\u00f6zleked\u00e9s \u00e9rdek\u00e9ben. \u00cdrta \u00e9s fot\u00f3k: Kiss K\u00e1lm\u00e1n<\/p>\n","protected":false},"author":2,"featured_media":0,"comment_status":"closed","ping_status":"open","sticky":false,"template":"","format":"standard","meta":{"footnotes":""},"categories":[1],"tags":[],"class_list":["post-7518","post","type-post","status-publish","format-standard","hentry","category-egyeb"],"_links":{"self":[{"href":"https:\/\/marcali.plebania.hu\/index.php?rest_route=\/wp\/v2\/posts\/7518","targetHints":{"allow":["GET"]}}],"collection":[{"href":"https:\/\/marcali.plebania.hu\/index.php?rest_route=\/wp\/v2\/posts"}],"about":[{"href":"https:\/\/marcali.plebania.hu\/index.php?rest_route=\/wp\/v2\/types\/post"}],"author":[{"embeddable":true,"href":"https:\/\/marcali.plebania.hu\/index.php?rest_route=\/wp\/v2\/users\/2"}],"replies":[{"embeddable":true,"href":"https:\/\/marcali.plebania.hu\/index.php?rest_route=%2Fwp%2Fv2%2Fcomments&post=7518"}],"version-history":[{"count":1,"href":"https:\/\/marcali.plebania.hu\/index.php?rest_route=\/wp\/v2\/posts\/7518\/revisions"}],"predecessor-version":[{"id":7525,"href":"https:\/\/marcali.plebania.hu\/index.php?rest_route=\/wp\/v2\/posts\/7518\/revisions\/7525"}],"wp:attachment":[{"href":"https:\/\/marcali.plebania.hu\/index.php?rest_route=%2Fwp%2Fv2%2Fmedia&parent=7518"}],"wp:term":[{"taxonomy":"category","embeddable":true,"href":"https:\/\/marcali.plebania.hu\/index.php?rest_route=%2Fwp%2Fv2%2Fcategories&post=7518"},{"taxonomy":"post_tag","embeddable":true,"href":"https:\/\/marcali.plebania.hu\/index.php?rest_route=%2Fwp%2Fv2%2Ftags&post=7518"}],"curies":[{"name":"wp","href":"https:\/\/api.w.org\/{rel}","templated":true}]}}