{"id":7533,"date":"2025-08-09T23:08:47","date_gmt":"2025-08-09T23:08:47","guid":{"rendered":"https:\/\/marcali.plebania.hu\/?p=7533"},"modified":"2025-08-09T23:18:37","modified_gmt":"2025-08-09T23:18:37","slug":"hirdetesek-2025-augusztus-10-en","status":"publish","type":"post","link":"https:\/\/marcali.plebania.hu\/?p=7533","title":{"rendered":"Hirdet\u00e9sek 2025. augusztus 10-\u00e9n"},"content":{"rendered":"\n<p><a href=\"https:\/\/igenaptar.katolikus.hu\/nap\/index.php?holnap=2025-08-10\" target=\"_blank\" rel=\"noreferrer noopener\"><u>\u00c9vk\u00f6zi 19. vas\u00e1rnap<\/u><\/a><\/p>\n\n\n\n<ol start=\"1\" class=\"wp-block-list\">\n<li>A mai napt\u00f3l <strong>Galambos Feri atya<\/strong> helyettes pl\u00e9b\u00e1nosk\u00e9nt szolg\u00e1l a marcali pl\u00e9b\u00e1ni\u00e1n, de els\u0151dleges p\u00fcsp\u00f6ki megb\u00edz\u00e1sa tov\u00e1bbra is a mesztegny\u0151i pl\u00e9b\u00e1nia lelkip\u00e1sztori ell\u00e1t\u00e1sa. Szeretettel k\u00f6sz\u00f6ntj\u00fck \u0151t Marcaliban!<br>Mostant\u00f3l pl\u00e9b\u00e1ni\u00e1nk l\u00e1tja el oldallagosan a mesztegny\u0151i pl\u00e9b\u00e1ni\u00e1t, \u00edgy irodai \u00fcgyint\u00e9z\u00e9sre n\u00e1lunk is lesz lehet\u0151s\u00e9g, a ki\u00edrt id\u0151pontokban.<\/li>\n\n\n\n<li>A <strong>fatimai ima\u00f3ra<\/strong> <span style=\"text-decoration: underline;\">szerd\u00e1n<\/span> 16.30-kor kezd\u0151dik a templomban.<\/li>\n\n\n\n<li>A <strong>F\u00e9rfi k\u00f6r<\/strong> k\u00f6vetkez\u0151 alkalma <span style=\"text-decoration: underline;\">szerd\u00e1n<\/span> 18:00-kor kezd\u0151dik a pl\u00e9b\u00e1ni\u00e1n.<\/li>\n\n\n\n<li><span style=\"text-decoration: underline;\">P\u00e9nteken<\/span> (aug. 15-\u00e9n) \u00fcnnepelj\u00fck Sz\u0171z M\u00e1ria mennybev\u00e9tel\u00e9t. <strong>Nagyboldogasszony \u00fcnnepe<\/strong> a vas\u00e1rnappal egyenrang\u00fa, parancsolt \u00fcnnep\u00fcnk. Aki teheti, vegyen r\u00e9szt valamelyik \u00fcnnepi szentmis\u00e9n: a cs\u00fct\u00f6rt\u00f6k esti el\u0151esti mis\u00e9n vagy az \u00fcnnep napj\u00e1n 17:30-kor.<\/li>\n\n\n\n<li><span style=\"text-decoration: underline;\">Augusztus 20<\/span>-\u00e1n, Szent Istv\u00e1n kir\u00e1ly f\u0151\u00fcnnep\u00e9n 9 \u00f3rakor \u00fcnnepl\u00fcnk szentmis\u00e9t a pl\u00e9b\u00e1niatemplomban. Szeretettel h\u00edvunk mindenkit a k\u00f6z\u00f6s \u00fcnnepl\u00e9sre!<\/li>\n<\/ol>\n\n\n\n<hr class=\"wp-block-separator has-alpha-channel-opacity\"\/>\n\n\n<div class=\"wp-block-image\">\n<figure class=\"aligncenter size-large\"><img loading=\"lazy\" decoding=\"async\" width=\"1024\" height=\"544\" src=\"https:\/\/marcali.plebania.hu\/wp-content\/uploads\/2025\/08\/250810-1024x544.png\" alt=\"\" class=\"wp-image-7534\" srcset=\"https:\/\/marcali.plebania.hu\/wp-content\/uploads\/2025\/08\/250810-1024x544.png 1024w, https:\/\/marcali.plebania.hu\/wp-content\/uploads\/2025\/08\/250810-300x159.png 300w, https:\/\/marcali.plebania.hu\/wp-content\/uploads\/2025\/08\/250810-768x408.png 768w, https:\/\/marcali.plebania.hu\/wp-content\/uploads\/2025\/08\/250810-1536x816.png 1536w, https:\/\/marcali.plebania.hu\/wp-content\/uploads\/2025\/08\/250810-508x270.png 508w, https:\/\/marcali.plebania.hu\/wp-content\/uploads\/2025\/08\/250810.png 1652w\" sizes=\"auto, (max-width: 1024px) 100vw, 1024px\" \/><\/figure>\n<\/div>\n\n\n<p><\/p>\n","protected":false},"excerpt":{"rendered":"<p>\u00c9vk\u00f6zi 19. vas\u00e1rnap<\/p>\n","protected":false},"author":1,"featured_media":0,"comment_status":"closed","ping_status":"open","sticky":false,"template":"","format":"standard","meta":{"footnotes":""},"categories":[1],"tags":[],"class_list":["post-7533","post","type-post","status-publish","format-standard","hentry","category-egyeb"],"_links":{"self":[{"href":"https:\/\/marcali.plebania.hu\/index.php?rest_route=\/wp\/v2\/posts\/7533","targetHints":{"allow":["GET"]}}],"collection":[{"href":"https:\/\/marcali.plebania.hu\/index.php?rest_route=\/wp\/v2\/posts"}],"about":[{"href":"https:\/\/marcali.plebania.hu\/index.php?rest_route=\/wp\/v2\/types\/post"}],"author":[{"embeddable":true,"href":"https:\/\/marcali.plebania.hu\/index.php?rest_route=\/wp\/v2\/users\/1"}],"replies":[{"embeddable":true,"href":"https:\/\/marcali.plebania.hu\/index.php?rest_route=%2Fwp%2Fv2%2Fcomments&post=7533"}],"version-history":[{"count":3,"href":"https:\/\/marcali.plebania.hu\/index.php?rest_route=\/wp\/v2\/posts\/7533\/revisions"}],"predecessor-version":[{"id":7538,"href":"https:\/\/marcali.plebania.hu\/index.php?rest_route=\/wp\/v2\/posts\/7533\/revisions\/7538"}],"wp:attachment":[{"href":"https:\/\/marcali.plebania.hu\/index.php?rest_route=%2Fwp%2Fv2%2Fmedia&parent=7533"}],"wp:term":[{"taxonomy":"category","embeddable":true,"href":"https:\/\/marcali.plebania.hu\/index.php?rest_route=%2Fwp%2Fv2%2Fcategories&post=7533"},{"taxonomy":"post_tag","embeddable":true,"href":"https:\/\/marcali.plebania.hu\/index.php?rest_route=%2Fwp%2Fv2%2Ftags&post=7533"}],"curies":[{"name":"wp","href":"https:\/\/api.w.org\/{rel}","templated":true}]}}