{"id":7540,"date":"2025-08-16T13:58:15","date_gmt":"2025-08-16T13:58:15","guid":{"rendered":"https:\/\/marcali.plebania.hu\/?p=7540"},"modified":"2025-08-16T13:58:15","modified_gmt":"2025-08-16T13:58:15","slug":"hirdetesek-2025-augusztus-17-en","status":"publish","type":"post","link":"https:\/\/marcali.plebania.hu\/?p=7540","title":{"rendered":"Hirdet\u00e9sek 2025. augusztus 17-\u00e9n"},"content":{"rendered":"\n<p><a href=\"https:\/\/igenaptar.katolikus.hu\/nap\/index.php?holnap=2025-08-17\" target=\"_blank\" rel=\"noreferrer noopener\"><u>\u00c9vk\u00f6zi 20. vas\u00e1rnap<\/u><\/a><\/p>\n\n\n\n<ol start=\"1\" class=\"wp-block-list\">\n<li><span style=\"text-decoration: underline;\">Kedden<\/span> igeliturgia lesz a pl\u00e9b\u00e1niatemplomban a szentmise idej\u00e9n.<\/li>\n\n\n\n<li><span style=\"text-decoration: underline;\">Augusztus 20-\u00e1n<\/span>, Szent Istv\u00e1n kir\u00e1ly, Magyarorsz\u00e1g f\u0151v\u00e9d\u0151szentj\u00e9nek \u00fcnnep\u00e9n 9 \u00f3rakor kezd\u0151dik a szentmise a pl\u00e9b\u00e1niatemplomban. Szeretettel h\u00edvunk mindenkit a k\u00f6z\u00f6s \u00fcnnepl\u00e9sre!<\/li>\n<\/ol>\n\n\n\n<hr class=\"wp-block-separator has-alpha-channel-opacity\"\/>\n\n\n\n<figure class=\"wp-block-image size-large\"><img loading=\"lazy\" decoding=\"async\" width=\"1024\" height=\"723\" src=\"https:\/\/marcali.plebania.hu\/wp-content\/uploads\/2025\/08\/250817-1024x723.png\" alt=\"\" class=\"wp-image-7541\" srcset=\"https:\/\/marcali.plebania.hu\/wp-content\/uploads\/2025\/08\/250817-1024x723.png 1024w, https:\/\/marcali.plebania.hu\/wp-content\/uploads\/2025\/08\/250817-300x212.png 300w, https:\/\/marcali.plebania.hu\/wp-content\/uploads\/2025\/08\/250817-768x542.png 768w, https:\/\/marcali.plebania.hu\/wp-content\/uploads\/2025\/08\/250817-382x270.png 382w, https:\/\/marcali.plebania.hu\/wp-content\/uploads\/2025\/08\/250817.png 1345w\" sizes=\"auto, (max-width: 1024px) 100vw, 1024px\" \/><\/figure>\n\n\n\n<hr class=\"wp-block-separator has-alpha-channel-opacity\"\/>\n\n\n<div class=\"wp-block-image\">\n<figure class=\"aligncenter size-large\"><img loading=\"lazy\" decoding=\"async\" width=\"724\" height=\"1024\" src=\"https:\/\/marcali.plebania.hu\/wp-content\/uploads\/2025\/08\/2025.aug_.20-724x1024.jpg\" alt=\"\" class=\"wp-image-7542\" srcset=\"https:\/\/marcali.plebania.hu\/wp-content\/uploads\/2025\/08\/2025.aug_.20-724x1024.jpg 724w, https:\/\/marcali.plebania.hu\/wp-content\/uploads\/2025\/08\/2025.aug_.20-212x300.jpg 212w, https:\/\/marcali.plebania.hu\/wp-content\/uploads\/2025\/08\/2025.aug_.20-768x1086.jpg 768w, https:\/\/marcali.plebania.hu\/wp-content\/uploads\/2025\/08\/2025.aug_.20-1086x1536.jpg 1086w, https:\/\/marcali.plebania.hu\/wp-content\/uploads\/2025\/08\/2025.aug_.20-191x270.jpg 191w, https:\/\/marcali.plebania.hu\/wp-content\/uploads\/2025\/08\/2025.aug_.20.jpg 1448w\" sizes=\"auto, (max-width: 724px) 100vw, 724px\" \/><\/figure>\n<\/div>","protected":false},"excerpt":{"rendered":"<p>\u00c9vk\u00f6zi 20. vas\u00e1rnap<\/p>\n","protected":false},"author":1,"featured_media":0,"comment_status":"closed","ping_status":"open","sticky":false,"template":"","format":"standard","meta":{"footnotes":""},"categories":[1],"tags":[],"class_list":["post-7540","post","type-post","status-publish","format-standard","hentry","category-egyeb"],"_links":{"self":[{"href":"https:\/\/marcali.plebania.hu\/index.php?rest_route=\/wp\/v2\/posts\/7540","targetHints":{"allow":["GET"]}}],"collection":[{"href":"https:\/\/marcali.plebania.hu\/index.php?rest_route=\/wp\/v2\/posts"}],"about":[{"href":"https:\/\/marcali.plebania.hu\/index.php?rest_route=\/wp\/v2\/types\/post"}],"author":[{"embeddable":true,"href":"https:\/\/marcali.plebania.hu\/index.php?rest_route=\/wp\/v2\/users\/1"}],"replies":[{"embeddable":true,"href":"https:\/\/marcali.plebania.hu\/index.php?rest_route=%2Fwp%2Fv2%2Fcomments&post=7540"}],"version-history":[{"count":1,"href":"https:\/\/marcali.plebania.hu\/index.php?rest_route=\/wp\/v2\/posts\/7540\/revisions"}],"predecessor-version":[{"id":7543,"href":"https:\/\/marcali.plebania.hu\/index.php?rest_route=\/wp\/v2\/posts\/7540\/revisions\/7543"}],"wp:attachment":[{"href":"https:\/\/marcali.plebania.hu\/index.php?rest_route=%2Fwp%2Fv2%2Fmedia&parent=7540"}],"wp:term":[{"taxonomy":"category","embeddable":true,"href":"https:\/\/marcali.plebania.hu\/index.php?rest_route=%2Fwp%2Fv2%2Fcategories&post=7540"},{"taxonomy":"post_tag","embeddable":true,"href":"https:\/\/marcali.plebania.hu\/index.php?rest_route=%2Fwp%2Fv2%2Ftags&post=7540"}],"curies":[{"name":"wp","href":"https:\/\/api.w.org\/{rel}","templated":true}]}}