{"id":7545,"date":"2025-08-21T09:09:16","date_gmt":"2025-08-21T09:09:16","guid":{"rendered":"https:\/\/marcali.plebania.hu\/?p=7545"},"modified":"2025-08-21T09:09:16","modified_gmt":"2025-08-21T09:09:16","slug":"2025-evi-szent-istvan-napi-unnepi-szentmise-es-kenyermegaldas-marcaliban","status":"publish","type":"post","link":"https:\/\/marcali.plebania.hu\/?p=7545","title":{"rendered":"2025. \u00e9vi Szent Istv\u00e1n-napi \u00fcnnepi szentmise \u00e9s keny\u00e9rmeg\u00e1ld\u00e1s Marcaliban"},"content":{"rendered":"\n<p>2025. augusztus 20-\u00e1n, szerd\u00e1n 9 \u00f3rakor kezd\u0151d\u00f6tt az \u00fcnnepi szentmise \u00e9s keny\u00e9rmeg\u00e1ld\u00e1s Szent Istv\u00e1n kir\u00e1ly \u00e9s az \u00e1llamalap\u00edt\u00e1s alkalm\u00e1b\u00f3l a Gy\u00fcm\u00f6lcsolt\u00f3 Boldogasszony Pl\u00e9b\u00e1niatemplomban.<\/p>\n\n\n\n<figure class=\"wp-block-gallery has-nested-images columns-default is-cropped wp-block-gallery-1 is-layout-flex wp-block-gallery-is-layout-flex\">\n<figure class=\"wp-block-image size-large\"><img loading=\"lazy\" decoding=\"async\" width=\"1024\" height=\"683\" data-id=\"7546\" src=\"https:\/\/marcali.plebania.hu\/wp-content\/uploads\/2025\/08\/01-1024x683.jpg\" alt=\"\" class=\"wp-image-7546\" srcset=\"https:\/\/marcali.plebania.hu\/wp-content\/uploads\/2025\/08\/01-1024x683.jpg 1024w, https:\/\/marcali.plebania.hu\/wp-content\/uploads\/2025\/08\/01-300x200.jpg 300w, https:\/\/marcali.plebania.hu\/wp-content\/uploads\/2025\/08\/01-768x512.jpg 768w, https:\/\/marcali.plebania.hu\/wp-content\/uploads\/2025\/08\/01-1536x1024.jpg 1536w, https:\/\/marcali.plebania.hu\/wp-content\/uploads\/2025\/08\/01-2048x1365.jpg 2048w, https:\/\/marcali.plebania.hu\/wp-content\/uploads\/2025\/08\/01-405x270.jpg 405w\" sizes=\"auto, (max-width: 1024px) 100vw, 1024px\" \/><\/figure>\n\n\n\n<figure class=\"wp-block-image size-large\"><img loading=\"lazy\" decoding=\"async\" width=\"1024\" height=\"683\" data-id=\"7549\" src=\"https:\/\/marcali.plebania.hu\/wp-content\/uploads\/2025\/08\/04-1024x683.jpg\" alt=\"\" class=\"wp-image-7549\" srcset=\"https:\/\/marcali.plebania.hu\/wp-content\/uploads\/2025\/08\/04-1024x683.jpg 1024w, https:\/\/marcali.plebania.hu\/wp-content\/uploads\/2025\/08\/04-300x200.jpg 300w, https:\/\/marcali.plebania.hu\/wp-content\/uploads\/2025\/08\/04-768x512.jpg 768w, https:\/\/marcali.plebania.hu\/wp-content\/uploads\/2025\/08\/04-1536x1024.jpg 1536w, https:\/\/marcali.plebania.hu\/wp-content\/uploads\/2025\/08\/04-2048x1365.jpg 2048w, https:\/\/marcali.plebania.hu\/wp-content\/uploads\/2025\/08\/04-405x270.jpg 405w\" sizes=\"auto, (max-width: 1024px) 100vw, 1024px\" \/><\/figure>\n\n\n\n<figure class=\"wp-block-image size-large\"><img loading=\"lazy\" decoding=\"async\" width=\"1024\" height=\"683\" data-id=\"7547\" src=\"https:\/\/marcali.plebania.hu\/wp-content\/uploads\/2025\/08\/03-1024x683.jpg\" alt=\"\" class=\"wp-image-7547\" srcset=\"https:\/\/marcali.plebania.hu\/wp-content\/uploads\/2025\/08\/03-1024x683.jpg 1024w, https:\/\/marcali.plebania.hu\/wp-content\/uploads\/2025\/08\/03-300x200.jpg 300w, https:\/\/marcali.plebania.hu\/wp-content\/uploads\/2025\/08\/03-768x512.jpg 768w, https:\/\/marcali.plebania.hu\/wp-content\/uploads\/2025\/08\/03-1536x1024.jpg 1536w, https:\/\/marcali.plebania.hu\/wp-content\/uploads\/2025\/08\/03-2048x1365.jpg 2048w, https:\/\/marcali.plebania.hu\/wp-content\/uploads\/2025\/08\/03-405x270.jpg 405w\" sizes=\"auto, (max-width: 1024px) 100vw, 1024px\" \/><\/figure>\n\n\n\n<figure class=\"wp-block-image size-large\"><img loading=\"lazy\" decoding=\"async\" width=\"1024\" height=\"683\" data-id=\"7550\" src=\"https:\/\/marcali.plebania.hu\/wp-content\/uploads\/2025\/08\/09-1024x683.jpg\" alt=\"\" class=\"wp-image-7550\" srcset=\"https:\/\/marcali.plebania.hu\/wp-content\/uploads\/2025\/08\/09-1024x683.jpg 1024w, https:\/\/marcali.plebania.hu\/wp-content\/uploads\/2025\/08\/09-300x200.jpg 300w, https:\/\/marcali.plebania.hu\/wp-content\/uploads\/2025\/08\/09-768x512.jpg 768w, https:\/\/marcali.plebania.hu\/wp-content\/uploads\/2025\/08\/09-1536x1024.jpg 1536w, https:\/\/marcali.plebania.hu\/wp-content\/uploads\/2025\/08\/09-2048x1365.jpg 2048w, https:\/\/marcali.plebania.hu\/wp-content\/uploads\/2025\/08\/09-405x270.jpg 405w\" sizes=\"auto, (max-width: 1024px) 100vw, 1024px\" \/><\/figure>\n<\/figure>\n\n\n\n<p>Az istentiszteletet Tomanek Ferenc \u00c1ron pl\u00e9b\u00e1nos celebr\u00e1lta, Galambos Ferenc helyettes pl\u00e9b\u00e1nossal egy\u00fctt, aki szentbesz\u00e9d\u00e9ben \u2013 t\u00f6bbek k\u00f6z\u00f6tt \u2013 az \u00e1llamalap\u00edt\u00f3 kir\u00e1ly p\u00e9lda\u00e9rt\u00e9k\u0171 hitb\u00e9li \u00e9let\u00e9t, nagys\u00e1g\u00e1t, szem\u00e9lyis\u00e9g\u00e9t m\u00e9ltatta a jelenl\u00e9v\u0151 h\u00edveknek \u00e9s a megjelent vend\u00e9geknek.<\/p>\n\n\n\n<figure class=\"wp-block-gallery has-nested-images columns-default is-cropped wp-block-gallery-2 is-layout-flex wp-block-gallery-is-layout-flex\">\n<figure class=\"wp-block-image size-large\"><img loading=\"lazy\" decoding=\"async\" width=\"1024\" height=\"683\" data-id=\"7551\" src=\"https:\/\/marcali.plebania.hu\/wp-content\/uploads\/2025\/08\/12-1024x683.jpg\" alt=\"\" class=\"wp-image-7551\" srcset=\"https:\/\/marcali.plebania.hu\/wp-content\/uploads\/2025\/08\/12-1024x683.jpg 1024w, https:\/\/marcali.plebania.hu\/wp-content\/uploads\/2025\/08\/12-300x200.jpg 300w, https:\/\/marcali.plebania.hu\/wp-content\/uploads\/2025\/08\/12-768x512.jpg 768w, https:\/\/marcali.plebania.hu\/wp-content\/uploads\/2025\/08\/12-1536x1024.jpg 1536w, https:\/\/marcali.plebania.hu\/wp-content\/uploads\/2025\/08\/12-2048x1365.jpg 2048w, https:\/\/marcali.plebania.hu\/wp-content\/uploads\/2025\/08\/12-405x270.jpg 405w\" sizes=\"auto, (max-width: 1024px) 100vw, 1024px\" \/><\/figure>\n\n\n\n<figure class=\"wp-block-image size-large\"><img loading=\"lazy\" decoding=\"async\" width=\"1024\" height=\"683\" data-id=\"7556\" src=\"https:\/\/marcali.plebania.hu\/wp-content\/uploads\/2025\/08\/11-1024x683.jpg\" alt=\"\" class=\"wp-image-7556\" srcset=\"https:\/\/marcali.plebania.hu\/wp-content\/uploads\/2025\/08\/11-1024x683.jpg 1024w, https:\/\/marcali.plebania.hu\/wp-content\/uploads\/2025\/08\/11-300x200.jpg 300w, https:\/\/marcali.plebania.hu\/wp-content\/uploads\/2025\/08\/11-768x512.jpg 768w, https:\/\/marcali.plebania.hu\/wp-content\/uploads\/2025\/08\/11-1536x1024.jpg 1536w, https:\/\/marcali.plebania.hu\/wp-content\/uploads\/2025\/08\/11-2048x1365.jpg 2048w, https:\/\/marcali.plebania.hu\/wp-content\/uploads\/2025\/08\/11-405x270.jpg 405w\" sizes=\"auto, (max-width: 1024px) 100vw, 1024px\" \/><\/figure>\n\n\n\n<figure class=\"wp-block-image size-large\"><img loading=\"lazy\" decoding=\"async\" width=\"1024\" height=\"683\" data-id=\"7557\" src=\"https:\/\/marcali.plebania.hu\/wp-content\/uploads\/2025\/08\/28-1024x683.jpg\" alt=\"\" class=\"wp-image-7557\" srcset=\"https:\/\/marcali.plebania.hu\/wp-content\/uploads\/2025\/08\/28-1024x683.jpg 1024w, https:\/\/marcali.plebania.hu\/wp-content\/uploads\/2025\/08\/28-300x200.jpg 300w, https:\/\/marcali.plebania.hu\/wp-content\/uploads\/2025\/08\/28-768x512.jpg 768w, https:\/\/marcali.plebania.hu\/wp-content\/uploads\/2025\/08\/28-1536x1024.jpg 1536w, https:\/\/marcali.plebania.hu\/wp-content\/uploads\/2025\/08\/28-2048x1365.jpg 2048w, https:\/\/marcali.plebania.hu\/wp-content\/uploads\/2025\/08\/28-405x270.jpg 405w\" sizes=\"auto, (max-width: 1024px) 100vw, 1024px\" \/><\/figure>\n\n\n\n<figure class=\"wp-block-image size-large\"><img loading=\"lazy\" decoding=\"async\" width=\"1024\" height=\"683\" data-id=\"7555\" src=\"https:\/\/marcali.plebania.hu\/wp-content\/uploads\/2025\/08\/30-1024x683.jpg\" alt=\"\" class=\"wp-image-7555\" srcset=\"https:\/\/marcali.plebania.hu\/wp-content\/uploads\/2025\/08\/30-1024x683.jpg 1024w, https:\/\/marcali.plebania.hu\/wp-content\/uploads\/2025\/08\/30-300x200.jpg 300w, https:\/\/marcali.plebania.hu\/wp-content\/uploads\/2025\/08\/30-768x512.jpg 768w, https:\/\/marcali.plebania.hu\/wp-content\/uploads\/2025\/08\/30-1536x1024.jpg 1536w, https:\/\/marcali.plebania.hu\/wp-content\/uploads\/2025\/08\/30-2048x1365.jpg 2048w, https:\/\/marcali.plebania.hu\/wp-content\/uploads\/2025\/08\/30-405x270.jpg 405w\" sizes=\"auto, (max-width: 1024px) 100vw, 1024px\" \/><\/figure>\n<\/figure>\n\n\n\n<p>A szentmise v\u00e9g\u00e9n meg\u00e1ldotta az \u00faj kenyeret, melyet Bereczk Bal\u00e1zs, Marcali v\u00e1ros polg\u00e1rmestere szegett meg. A felszeletelt friss kenyerek kioszt\u00e1s\u00e1ban az imak\u00f6ri tagok is seg\u00e9dkeztek.<\/p>\n\n\n\n<figure class=\"wp-block-gallery has-nested-images columns-default is-cropped wp-block-gallery-3 is-layout-flex wp-block-gallery-is-layout-flex\">\n<figure class=\"wp-block-image size-large\"><img loading=\"lazy\" decoding=\"async\" width=\"1024\" height=\"683\" data-id=\"7562\" src=\"https:\/\/marcali.plebania.hu\/wp-content\/uploads\/2025\/08\/26-1024x683.jpg\" alt=\"\" class=\"wp-image-7562\" srcset=\"https:\/\/marcali.plebania.hu\/wp-content\/uploads\/2025\/08\/26-1024x683.jpg 1024w, https:\/\/marcali.plebania.hu\/wp-content\/uploads\/2025\/08\/26-300x200.jpg 300w, https:\/\/marcali.plebania.hu\/wp-content\/uploads\/2025\/08\/26-768x512.jpg 768w, https:\/\/marcali.plebania.hu\/wp-content\/uploads\/2025\/08\/26-1536x1024.jpg 1536w, https:\/\/marcali.plebania.hu\/wp-content\/uploads\/2025\/08\/26-2048x1365.jpg 2048w, https:\/\/marcali.plebania.hu\/wp-content\/uploads\/2025\/08\/26-405x270.jpg 405w\" sizes=\"auto, (max-width: 1024px) 100vw, 1024px\" \/><\/figure>\n\n\n\n<figure class=\"wp-block-image size-large\"><img loading=\"lazy\" decoding=\"async\" width=\"1024\" height=\"683\" data-id=\"7558\" src=\"https:\/\/marcali.plebania.hu\/wp-content\/uploads\/2025\/08\/36-1024x683.jpg\" alt=\"\" class=\"wp-image-7558\" srcset=\"https:\/\/marcali.plebania.hu\/wp-content\/uploads\/2025\/08\/36-1024x683.jpg 1024w, https:\/\/marcali.plebania.hu\/wp-content\/uploads\/2025\/08\/36-300x200.jpg 300w, https:\/\/marcali.plebania.hu\/wp-content\/uploads\/2025\/08\/36-768x512.jpg 768w, https:\/\/marcali.plebania.hu\/wp-content\/uploads\/2025\/08\/36-1536x1024.jpg 1536w, https:\/\/marcali.plebania.hu\/wp-content\/uploads\/2025\/08\/36-2048x1365.jpg 2048w, https:\/\/marcali.plebania.hu\/wp-content\/uploads\/2025\/08\/36-405x270.jpg 405w\" sizes=\"auto, (max-width: 1024px) 100vw, 1024px\" \/><\/figure>\n\n\n\n<figure class=\"wp-block-image size-large\"><img loading=\"lazy\" decoding=\"async\" width=\"1024\" height=\"683\" data-id=\"7559\" src=\"https:\/\/marcali.plebania.hu\/wp-content\/uploads\/2025\/08\/37-1024x683.jpg\" alt=\"\" class=\"wp-image-7559\" srcset=\"https:\/\/marcali.plebania.hu\/wp-content\/uploads\/2025\/08\/37-1024x683.jpg 1024w, https:\/\/marcali.plebania.hu\/wp-content\/uploads\/2025\/08\/37-300x200.jpg 300w, https:\/\/marcali.plebania.hu\/wp-content\/uploads\/2025\/08\/37-768x512.jpg 768w, https:\/\/marcali.plebania.hu\/wp-content\/uploads\/2025\/08\/37-1536x1024.jpg 1536w, https:\/\/marcali.plebania.hu\/wp-content\/uploads\/2025\/08\/37-2048x1365.jpg 2048w, https:\/\/marcali.plebania.hu\/wp-content\/uploads\/2025\/08\/37-405x270.jpg 405w\" sizes=\"auto, (max-width: 1024px) 100vw, 1024px\" \/><\/figure>\n\n\n\n<figure class=\"wp-block-image size-large\"><img loading=\"lazy\" decoding=\"async\" width=\"1024\" height=\"683\" data-id=\"7561\" src=\"https:\/\/marcali.plebania.hu\/wp-content\/uploads\/2025\/08\/39-1024x683.jpg\" alt=\"\" class=\"wp-image-7561\" srcset=\"https:\/\/marcali.plebania.hu\/wp-content\/uploads\/2025\/08\/39-1024x683.jpg 1024w, https:\/\/marcali.plebania.hu\/wp-content\/uploads\/2025\/08\/39-300x200.jpg 300w, https:\/\/marcali.plebania.hu\/wp-content\/uploads\/2025\/08\/39-768x512.jpg 768w, https:\/\/marcali.plebania.hu\/wp-content\/uploads\/2025\/08\/39-1536x1024.jpg 1536w, https:\/\/marcali.plebania.hu\/wp-content\/uploads\/2025\/08\/39-2048x1365.jpg 2048w, https:\/\/marcali.plebania.hu\/wp-content\/uploads\/2025\/08\/39-405x270.jpg 405w\" sizes=\"auto, (max-width: 1024px) 100vw, 1024px\" \/><\/figure>\n<\/figure>\n\n\n\n<p>Az \u00fcnneps\u00e9gen dr. S\u00fct\u0151 L\u00e1szl\u00f3 alpolg\u00e1rmester \u00e9s feles\u00e9ge; Miszi Zsuzsanna, \u00f6nkorm\u00e1nyzati k\u00e9pvisel\u0151; Guzsvinecz Roland, a Magyar M\u00e1ltai Szeretetszolg\u00e1lat helyi vezet\u0151je, valamint k\u00fcld\u00f6tts\u00e9g\u00fck tagjai; tov\u00e1bb\u00e1 a k\u00fcl\u00f6nf\u00e9le int\u00e9zm\u00e9nyek k\u00e9pvisel\u0151i is r\u00e9szt vettek.<\/p>\n\n\n\n<p>Az istentiszteleten Balogh B\u00e1lint k\u00e1ntor orgon\u00e1n m\u0171k\u00f6d\u00f6tt k\u00f6zre.<\/p>\n\n\n\n<p>A kenyerekhez a b\u00faz\u00e1t a K\u00e9thelyi Gazdak\u00f6r\u00f6k adt\u00e1k, melyeket a Tak\u00e1cs S\u00fct\u00f6de s\u00fct\u00f6tte ki az \u00fcnnepre. K\u00f6sz\u00f6net \u00e9rte Mindenkinek!<\/p>\n\n\n\n<p>\u00cdrta \u00e9s fot\u00f3k: Kiss K\u00e1lm\u00e1n<\/p>\n","protected":false},"excerpt":{"rendered":"<p>2025. augusztus 20-\u00e1n, szerd\u00e1n 9 \u00f3rakor kezd\u0151d\u00f6tt az \u00fcnnepi szentmise \u00e9s keny\u00e9rmeg\u00e1ld\u00e1s Szent Istv\u00e1n kir\u00e1ly \u00e9s az \u00e1llamalap\u00edt\u00e1s alkalm\u00e1b\u00f3l a Gy\u00fcm\u00f6lcsolt\u00f3 Boldogasszony Pl\u00e9b\u00e1niatemplomban. Az istentiszteletet Tomanek Ferenc \u00c1ron pl\u00e9b\u00e1nos celebr\u00e1lta, Galambos Ferenc helyettes pl\u00e9b\u00e1nossal egy\u00fctt, aki szentbesz\u00e9d\u00e9ben \u2013 t\u00f6bbek k\u00f6z\u00f6tt \u2013 az \u00e1llamalap\u00edt\u00f3 kir\u00e1ly p\u00e9lda\u00e9rt\u00e9k\u0171 hitb\u00e9li \u00e9let\u00e9t, nagys\u00e1g\u00e1t, szem\u00e9lyis\u00e9g\u00e9t m\u00e9ltatta a jelenl\u00e9v\u0151 h\u00edveknek \u00e9s a megjelent vend\u00e9geknek. A szentmise v\u00e9g\u00e9n meg\u00e1ldotta az \u00faj kenyeret, melyet Bereczk Bal\u00e1zs, Marcali v\u00e1ros polg\u00e1rmestere szegett meg. A felszeletelt friss kenyerek kioszt\u00e1s\u00e1ban az imak\u00f6ri tagok&#8230;<\/p>\n<p class=\"read-more\"><a class=\"btn btn-default\" href=\"https:\/\/marcali.plebania.hu\/?p=7545\"> Read More<span class=\"screen-reader-text\">  Read More<\/span><\/a><\/p>\n","protected":false},"author":2,"featured_media":0,"comment_status":"closed","ping_status":"open","sticky":false,"template":"","format":"standard","meta":{"footnotes":""},"categories":[1],"tags":[],"class_list":["post-7545","post","type-post","status-publish","format-standard","hentry","category-egyeb"],"_links":{"self":[{"href":"https:\/\/marcali.plebania.hu\/index.php?rest_route=\/wp\/v2\/posts\/7545","targetHints":{"allow":["GET"]}}],"collection":[{"href":"https:\/\/marcali.plebania.hu\/index.php?rest_route=\/wp\/v2\/posts"}],"about":[{"href":"https:\/\/marcali.plebania.hu\/index.php?rest_route=\/wp\/v2\/types\/post"}],"author":[{"embeddable":true,"href":"https:\/\/marcali.plebania.hu\/index.php?rest_route=\/wp\/v2\/users\/2"}],"replies":[{"embeddable":true,"href":"https:\/\/marcali.plebania.hu\/index.php?rest_route=%2Fwp%2Fv2%2Fcomments&post=7545"}],"version-history":[{"count":1,"href":"https:\/\/marcali.plebania.hu\/index.php?rest_route=\/wp\/v2\/posts\/7545\/revisions"}],"predecessor-version":[{"id":7563,"href":"https:\/\/marcali.plebania.hu\/index.php?rest_route=\/wp\/v2\/posts\/7545\/revisions\/7563"}],"wp:attachment":[{"href":"https:\/\/marcali.plebania.hu\/index.php?rest_route=%2Fwp%2Fv2%2Fmedia&parent=7545"}],"wp:term":[{"taxonomy":"category","embeddable":true,"href":"https:\/\/marcali.plebania.hu\/index.php?rest_route=%2Fwp%2Fv2%2Fcategories&post=7545"},{"taxonomy":"post_tag","embeddable":true,"href":"https:\/\/marcali.plebania.hu\/index.php?rest_route=%2Fwp%2Fv2%2Ftags&post=7545"}],"curies":[{"name":"wp","href":"https:\/\/api.w.org\/{rel}","templated":true}]}}