{"id":7565,"date":"2025-08-23T22:18:05","date_gmt":"2025-08-23T22:18:05","guid":{"rendered":"https:\/\/marcali.plebania.hu\/?p=7565"},"modified":"2025-08-23T22:18:05","modified_gmt":"2025-08-23T22:18:05","slug":"hirdetesek-2025-augusztus-24-en","status":"publish","type":"post","link":"https:\/\/marcali.plebania.hu\/?p=7565","title":{"rendered":"Hirdet\u00e9sek 2025. augusztus 24-\u00e9n"},"content":{"rendered":"\n<p><a href=\"https:\/\/igenaptar.katolikus.hu\/nap\/index.php?holnap=2025-08-24\" target=\"_blank\" rel=\"noreferrer noopener\"><u>\u00c9vk\u00f6zi 21. vas\u00e1rnap<\/u><\/a><\/p>\n\n\n\n<ol start=\"1\" class=\"wp-block-list\">\n<li>A <strong>F\u00e9rfi k\u00f6r<\/strong> k\u00f6vetkez\u0151 alkalma <span style=\"text-decoration: underline;\">szerd\u00e1n<\/span> 18:00-kor kezd\u0151dik a pl\u00e9b\u00e1ni\u00e1n.<\/li>\n\n\n\n<li>A <strong>lelki adopt\u00e1l\u00f3k<\/strong> <strong>tal\u00e1lkoz\u00f3ja<\/strong> <span style=\"text-decoration: underline;\">cs\u00fct\u00f6rt\u00f6k\u00f6n<\/span> 17 \u00f3rakor kezd\u0151dik a pl\u00e9b\u00e1niatemplomban.<\/li>\n\n\n\n<li><span style=\"text-decoration: underline;\">Szeptember 7-\u00e9n<\/span> a 9 \u00f3rai <strong>Veni Sancte<\/strong> mis\u00e9ben k\u00e9rj\u00fck a Szentl\u00e9lek seg\u00edts\u00e9g\u00e9t az \u00faj tan\u00e9vre \u00e9s ennek r\u00e9szek\u00e9nt meg\u00e1ldjuk az iskolat\u00e1sk\u00e1kat. Szeretettel h\u00edvjuk a di\u00e1kokat (iskolat\u00e1sk\u00e1jukkal egy\u00fctt), a sz\u00fcl\u0151ket, a pedag\u00f3gusokat \u00e9s k\u00f6z\u00f6ss\u00e9g\u00fcnk minden tagj\u00e1t a tan\u00e9vkezd\u0151 szentmis\u00e9re.<\/li>\n<\/ol>\n\n\n\n<hr class=\"wp-block-separator has-alpha-channel-opacity\"\/>\n\n\n\n<figure class=\"wp-block-image size-large\"><img loading=\"lazy\" decoding=\"async\" width=\"1024\" height=\"721\" src=\"https:\/\/marcali.plebania.hu\/wp-content\/uploads\/2025\/08\/250824-1024x721.png\" alt=\"\" class=\"wp-image-7566\" srcset=\"https:\/\/marcali.plebania.hu\/wp-content\/uploads\/2025\/08\/250824-1024x721.png 1024w, https:\/\/marcali.plebania.hu\/wp-content\/uploads\/2025\/08\/250824-300x211.png 300w, https:\/\/marcali.plebania.hu\/wp-content\/uploads\/2025\/08\/250824-768x541.png 768w, https:\/\/marcali.plebania.hu\/wp-content\/uploads\/2025\/08\/250824-1536x1081.png 1536w, https:\/\/marcali.plebania.hu\/wp-content\/uploads\/2025\/08\/250824-384x270.png 384w, https:\/\/marcali.plebania.hu\/wp-content\/uploads\/2025\/08\/250824.png 1679w\" sizes=\"auto, (max-width: 1024px) 100vw, 1024px\" \/><\/figure>\n\n\n\n<p><\/p>\n","protected":false},"excerpt":{"rendered":"<p>\u00c9vk\u00f6zi 21. vas\u00e1rnap<\/p>\n","protected":false},"author":1,"featured_media":0,"comment_status":"closed","ping_status":"open","sticky":false,"template":"","format":"standard","meta":{"footnotes":""},"categories":[3],"tags":[],"class_list":["post-7565","post","type-post","status-publish","format-standard","hentry","category-hirdetesek"],"_links":{"self":[{"href":"https:\/\/marcali.plebania.hu\/index.php?rest_route=\/wp\/v2\/posts\/7565","targetHints":{"allow":["GET"]}}],"collection":[{"href":"https:\/\/marcali.plebania.hu\/index.php?rest_route=\/wp\/v2\/posts"}],"about":[{"href":"https:\/\/marcali.plebania.hu\/index.php?rest_route=\/wp\/v2\/types\/post"}],"author":[{"embeddable":true,"href":"https:\/\/marcali.plebania.hu\/index.php?rest_route=\/wp\/v2\/users\/1"}],"replies":[{"embeddable":true,"href":"https:\/\/marcali.plebania.hu\/index.php?rest_route=%2Fwp%2Fv2%2Fcomments&post=7565"}],"version-history":[{"count":1,"href":"https:\/\/marcali.plebania.hu\/index.php?rest_route=\/wp\/v2\/posts\/7565\/revisions"}],"predecessor-version":[{"id":7567,"href":"https:\/\/marcali.plebania.hu\/index.php?rest_route=\/wp\/v2\/posts\/7565\/revisions\/7567"}],"wp:attachment":[{"href":"https:\/\/marcali.plebania.hu\/index.php?rest_route=%2Fwp%2Fv2%2Fmedia&parent=7565"}],"wp:term":[{"taxonomy":"category","embeddable":true,"href":"https:\/\/marcali.plebania.hu\/index.php?rest_route=%2Fwp%2Fv2%2Fcategories&post=7565"},{"taxonomy":"post_tag","embeddable":true,"href":"https:\/\/marcali.plebania.hu\/index.php?rest_route=%2Fwp%2Fv2%2Ftags&post=7565"}],"curies":[{"name":"wp","href":"https:\/\/api.w.org\/{rel}","templated":true}]}}