{"id":7568,"date":"2025-08-30T23:12:32","date_gmt":"2025-08-30T23:12:32","guid":{"rendered":"https:\/\/marcali.plebania.hu\/?p=7568"},"modified":"2025-08-30T23:14:35","modified_gmt":"2025-08-30T23:14:35","slug":"hirdetesek-2025-augusztus-31-en","status":"publish","type":"post","link":"https:\/\/marcali.plebania.hu\/?p=7568","title":{"rendered":"Hirdet\u00e9sek 2025. augusztus 31-\u00e9n"},"content":{"rendered":"\n<p><a href=\"https:\/\/igenaptar.katolikus.hu\/nap\/index.php?holnap=2025-08-31\" target=\"_blank\" rel=\"noreferrer noopener\"><u>\u00c9vk\u00f6zi 22. vas\u00e1rnap<\/u><\/a><\/p>\n\n\n\n<ol start=\"1\" class=\"wp-block-list\">\n<li>A <strong>K\u00c9SZ<\/strong> taggy\u0171l\u00e9se <span style=\"text-decoration: underline;\">szerd\u00e1n<\/span> 17:00-kor kezd\u0151dik a pl\u00e9b\u00e1ni\u00e1n.<\/li>\n\n\n\n<li>Szeretettel h\u00edvjuk \u00e9s v\u00e1rjuk azokat a hitkeres\u0151 <strong>feln\u0151ttek<\/strong>et, akik a kereszt\u00e9ny \u00e9letbe <strong>beavat\u00f3 szents\u00e9gek<\/strong>ben m\u00e9g nem r\u00e9szes\u00fcltek, de szeretn\u00e9nek megkeresztelkedni, els\u0151\u00e1ldoz\u00f3k lenni vagy b\u00e9rm\u00e1l\u00e1s szents\u00e9g\u00e9ben r\u00e9szes\u00fclni. Sz\u00edvesen l\u00e1tjuk csoportunkban az \u00e9rdekl\u0151d\u0151ket is, akik szeretn\u00e9k katolikus hit\u00fcnket jobban megismerni \u00e9s besz\u00e9lgetni r\u00f3la. <span style=\"text-decoration: underline;\">Szerd\u00e1n<\/span> 18:00 \u00e9s 19:00 k\u00f6zt tal\u00e1lkozunk a pl\u00e9b\u00e1ni\u00e1n k\u00e9thetente, e h\u00e9tt\u0151l kezdve.<\/li>\n\n\n\n<li>Minden h\u00f3nap <span style=\"text-decoration: underline;\">els\u0151 p\u00e9ntek\u00e9n<\/span> megl\u00e1togatjuk otthonukban az id\u0151seket \u00e9s betegeket, akik nem tudnak elj\u00f6nni a templomba. Ez lehet\u0151s\u00e9g sz\u00e1mukra a szentgy\u00f3n\u00e1s elv\u00e9gz\u00e9s\u00e9re \u00e9s az \u00e1ldoz\u00e1sra is. Aki szeretne \u00e9lni a lehet\u0151s\u00e9ggel, de m\u00e9g nem jelentkezett, az irod\u00e1n b\u00e1rmikor megteheti.<\/li>\n\n\n\n<li>Az <span style=\"text-decoration: underline;\">els\u0151 szombati<\/span> <strong>ima\u00f3ra <\/strong>16.30-kor kezd\u0151dik a pl\u00e9b\u00e1niatemplomban.<\/li>\n\n\n\n<li>J\u00f6v\u0151 <span style=\"text-decoration: underline;\">vas\u00e1rnap<\/span>, szeptember 7-\u00e9n a 9 \u00f3rai <strong>Veni Sancte<\/strong> mis\u00e9ben k\u00e9rj\u00fck a Szentl\u00e9lek seg\u00edts\u00e9g\u00e9t az \u00faj tan\u00e9vre \u00e9s ennek r\u00e9szek\u00e9nt meg\u00e1ldjuk az iskolat\u00e1sk\u00e1kat. Szeretettel h\u00edvjuk a di\u00e1kokat (iskolat\u00e1sk\u00e1jukkal egy\u00fctt), a sz\u00fcl\u0151ket, a pedag\u00f3gusokat \u00e9s k\u00f6z\u00f6ss\u00e9g\u00fcnk minden tagj\u00e1t a tan\u00e9vkezd\u0151 szentmis\u00e9re. Akkor hirdetj\u00fck az idei els\u0151\u00e1ldoz\u00e1si \u00e9s b\u00e9rm\u00e1l\u00e1si felk\u00e9sz\u00edt\u0151 r\u00e9szleteit is. A mise ut\u00e1n agap\u00e9ra \u00e9s besz\u00e9lget\u00e9sre h\u00edvunk mindenkit a templom melletti t\u00e9rre.<\/li>\n\n\n\n<li>\u201e<strong>Mi\u00e9rt hiszek?<\/strong>\u201d-sorozatunk k\u00f6vetkez\u0151 alkalma szeptember 11-\u00e9n 18:15-kor kezd\u0151dik a k\u00f6z\u00f6ss\u00e9gi h\u00e1zban. Vend\u00e9g\u00fcnk Makl\u00e1ry \u00c1kos atya, a K\u00c9SZ eln\u00f6ke lesz.<\/li>\n<\/ol>\n\n\n\n<hr class=\"wp-block-separator has-alpha-channel-opacity\"\/>\n\n\n\n<figure class=\"wp-block-image size-large\"><img loading=\"lazy\" decoding=\"async\" width=\"1024\" height=\"723\" src=\"https:\/\/marcali.plebania.hu\/wp-content\/uploads\/2025\/08\/250831-1024x723.png\" alt=\"\" class=\"wp-image-7569\" srcset=\"https:\/\/marcali.plebania.hu\/wp-content\/uploads\/2025\/08\/250831-1024x723.png 1024w, https:\/\/marcali.plebania.hu\/wp-content\/uploads\/2025\/08\/250831-300x212.png 300w, https:\/\/marcali.plebania.hu\/wp-content\/uploads\/2025\/08\/250831-768x542.png 768w, https:\/\/marcali.plebania.hu\/wp-content\/uploads\/2025\/08\/250831-1536x1084.png 1536w, https:\/\/marcali.plebania.hu\/wp-content\/uploads\/2025\/08\/250831-383x270.png 383w, https:\/\/marcali.plebania.hu\/wp-content\/uploads\/2025\/08\/250831.png 1675w\" sizes=\"auto, (max-width: 1024px) 100vw, 1024px\" \/><\/figure>\n\n\n\n<hr class=\"wp-block-separator has-alpha-channel-opacity\"\/>\n\n\n<div class=\"wp-block-image\">\n<figure class=\"aligncenter size-large\"><img loading=\"lazy\" decoding=\"async\" width=\"724\" height=\"1024\" src=\"https:\/\/marcali.plebania.hu\/wp-content\/uploads\/2025\/08\/KESZ-szeptember-724x1024.jpeg\" alt=\"\" class=\"wp-image-7574\" srcset=\"https:\/\/marcali.plebania.hu\/wp-content\/uploads\/2025\/08\/KESZ-szeptember-724x1024.jpeg 724w, https:\/\/marcali.plebania.hu\/wp-content\/uploads\/2025\/08\/KESZ-szeptember-212x300.jpeg 212w, https:\/\/marcali.plebania.hu\/wp-content\/uploads\/2025\/08\/KESZ-szeptember-768x1086.jpeg 768w, https:\/\/marcali.plebania.hu\/wp-content\/uploads\/2025\/08\/KESZ-szeptember-1086x1536.jpeg 1086w, https:\/\/marcali.plebania.hu\/wp-content\/uploads\/2025\/08\/KESZ-szeptember-1448x2048.jpeg 1448w, https:\/\/marcali.plebania.hu\/wp-content\/uploads\/2025\/08\/KESZ-szeptember-191x270.jpeg 191w, https:\/\/marcali.plebania.hu\/wp-content\/uploads\/2025\/08\/KESZ-szeptember-scaled.jpeg 1811w\" sizes=\"auto, (max-width: 724px) 100vw, 724px\" \/><\/figure>\n<\/div>\n\n\n<figure class=\"wp-block-gallery has-nested-images columns-default is-cropped wp-block-gallery-1 is-layout-flex wp-block-gallery-is-layout-flex\">\n<figure class=\"wp-block-image size-large\"><img loading=\"lazy\" decoding=\"async\" width=\"724\" height=\"1024\" data-id=\"7571\" src=\"https:\/\/marcali.plebania.hu\/wp-content\/uploads\/2025\/08\/ifjusagi-zarandoklat-724x1024.jpeg\" alt=\"\" class=\"wp-image-7571\" srcset=\"https:\/\/marcali.plebania.hu\/wp-content\/uploads\/2025\/08\/ifjusagi-zarandoklat-724x1024.jpeg 724w, https:\/\/marcali.plebania.hu\/wp-content\/uploads\/2025\/08\/ifjusagi-zarandoklat-212x300.jpeg 212w, https:\/\/marcali.plebania.hu\/wp-content\/uploads\/2025\/08\/ifjusagi-zarandoklat-768x1086.jpeg 768w, https:\/\/marcali.plebania.hu\/wp-content\/uploads\/2025\/08\/ifjusagi-zarandoklat-1086x1536.jpeg 1086w, https:\/\/marcali.plebania.hu\/wp-content\/uploads\/2025\/08\/ifjusagi-zarandoklat-191x270.jpeg 191w, https:\/\/marcali.plebania.hu\/wp-content\/uploads\/2025\/08\/ifjusagi-zarandoklat.jpeg 1448w\" sizes=\"auto, (max-width: 724px) 100vw, 724px\" \/><\/figure>\n\n\n\n<figure class=\"wp-block-image size-large\"><img loading=\"lazy\" decoding=\"async\" width=\"724\" height=\"1024\" data-id=\"7570\" src=\"https:\/\/marcali.plebania.hu\/wp-content\/uploads\/2025\/08\/Plakat_Bucsu_20250907_08-724x1024.jpg\" alt=\"\" class=\"wp-image-7570\" srcset=\"https:\/\/marcali.plebania.hu\/wp-content\/uploads\/2025\/08\/Plakat_Bucsu_20250907_08-724x1024.jpg 724w, https:\/\/marcali.plebania.hu\/wp-content\/uploads\/2025\/08\/Plakat_Bucsu_20250907_08-212x300.jpg 212w, https:\/\/marcali.plebania.hu\/wp-content\/uploads\/2025\/08\/Plakat_Bucsu_20250907_08-768x1086.jpg 768w, https:\/\/marcali.plebania.hu\/wp-content\/uploads\/2025\/08\/Plakat_Bucsu_20250907_08-1086x1536.jpg 1086w, https:\/\/marcali.plebania.hu\/wp-content\/uploads\/2025\/08\/Plakat_Bucsu_20250907_08-1448x2048.jpg 1448w, https:\/\/marcali.plebania.hu\/wp-content\/uploads\/2025\/08\/Plakat_Bucsu_20250907_08-191x270.jpg 191w, https:\/\/marcali.plebania.hu\/wp-content\/uploads\/2025\/08\/Plakat_Bucsu_20250907_08-scaled.jpg 1810w\" sizes=\"auto, (max-width: 724px) 100vw, 724px\" \/><\/figure>\n<\/figure>\n\n\n\n<p><\/p>\n","protected":false},"excerpt":{"rendered":"<p>\u00c9vk\u00f6zi 22. vas\u00e1rnap<\/p>\n","protected":false},"author":1,"featured_media":0,"comment_status":"closed","ping_status":"open","sticky":false,"template":"","format":"standard","meta":{"footnotes":""},"categories":[3],"tags":[],"class_list":["post-7568","post","type-post","status-publish","format-standard","hentry","category-hirdetesek"],"_links":{"self":[{"href":"https:\/\/marcali.plebania.hu\/index.php?rest_route=\/wp\/v2\/posts\/7568","targetHints":{"allow":["GET"]}}],"collection":[{"href":"https:\/\/marcali.plebania.hu\/index.php?rest_route=\/wp\/v2\/posts"}],"about":[{"href":"https:\/\/marcali.plebania.hu\/index.php?rest_route=\/wp\/v2\/types\/post"}],"author":[{"embeddable":true,"href":"https:\/\/marcali.plebania.hu\/index.php?rest_route=\/wp\/v2\/users\/1"}],"replies":[{"embeddable":true,"href":"https:\/\/marcali.plebania.hu\/index.php?rest_route=%2Fwp%2Fv2%2Fcomments&post=7568"}],"version-history":[{"count":3,"href":"https:\/\/marcali.plebania.hu\/index.php?rest_route=\/wp\/v2\/posts\/7568\/revisions"}],"predecessor-version":[{"id":7575,"href":"https:\/\/marcali.plebania.hu\/index.php?rest_route=\/wp\/v2\/posts\/7568\/revisions\/7575"}],"wp:attachment":[{"href":"https:\/\/marcali.plebania.hu\/index.php?rest_route=%2Fwp%2Fv2%2Fmedia&parent=7568"}],"wp:term":[{"taxonomy":"category","embeddable":true,"href":"https:\/\/marcali.plebania.hu\/index.php?rest_route=%2Fwp%2Fv2%2Fcategories&post=7568"},{"taxonomy":"post_tag","embeddable":true,"href":"https:\/\/marcali.plebania.hu\/index.php?rest_route=%2Fwp%2Fv2%2Ftags&post=7568"}],"curies":[{"name":"wp","href":"https:\/\/api.w.org\/{rel}","templated":true}]}}