{"id":7577,"date":"2025-09-06T23:00:37","date_gmt":"2025-09-06T23:00:37","guid":{"rendered":"https:\/\/marcali.plebania.hu\/?p=7577"},"modified":"2025-09-07T00:02:03","modified_gmt":"2025-09-07T00:02:03","slug":"hirdetesek-2025-szeptember-7-en","status":"publish","type":"post","link":"https:\/\/marcali.plebania.hu\/?p=7577","title":{"rendered":"Hirdet\u00e9sek 2025. szeptember 7-\u00e9n"},"content":{"rendered":"\n<p><a href=\"https:\/\/igenaptar.katolikus.hu\/nap\/index.php?holnap=2025-09-07\" target=\"_blank\" rel=\"noreferrer noopener\"><u>\u00c9vk\u00f6zi 23. vas\u00e1rnap<\/u><\/a><\/p>\n\n\n\n<ol start=\"1\" class=\"wp-block-list\">\n<li>A 9 \u00f3rai <strong>Veni Sancte<\/strong> mis\u00e9ben k\u00e9rj\u00fck a Szentl\u00e9lek seg\u00edts\u00e9g\u00e9t az \u00faj tan\u00e9vre. Szeretettel h\u00edvjuk a di\u00e1kokat (iskolat\u00e1sk\u00e1jukkal egy\u00fctt), a sz\u00fcl\u0151ket, a pedag\u00f3gusokat \u00e9s k\u00f6z\u00f6ss\u00e9g\u00fcnk minden tagj\u00e1t a <strong>tan\u00e9vkezd\u0151 szentmis\u00e9<\/strong>re. A mise ut\u00e1n <strong>agap\u00e9<\/strong>ra \u00e9s besz\u00e9lget\u00e9sre h\u00edvunk mindenkit a templom melletti t\u00e9rre.<\/li>\n\n\n\n<li>A di\u00e1kok <strong>els\u0151\u00e1ldoz\u00e1si <\/strong>\u00e9s<strong> b\u00e9rm\u00e1l\u00e1si felk\u00e9sz\u00edt\u0151<\/strong>je az idei tan\u00e9vben szept. 20-t\u00f3l kezdve k\u00e9thetente szombat d\u00e9lut\u00e1nonk\u00e9nt lesz a mise el\u0151tt. A felk\u00e9sz\u00fcl\u00e9sben \u00e9rintett sz\u00fcl\u0151ket \u00e9s az \u00e9rdekl\u0151d\u0151ket szerd\u00e1n 16:30-ra v\u00e1rjuk <strong>sz\u00fcl\u0151i \u00e9rtekezlet<\/strong>re a k\u00f6z\u00f6ss\u00e9gi h\u00e1zba (D\u00f3zsa u. 3.).<\/li>\n\n\n\n<li><strong>Szents\u00e9gi felk\u00e9sz\u00edt\u0151<\/strong>t ind\u00edtunk <strong>feln\u0151ttek sz\u00e1m\u00e1ra<\/strong> is, k\u00e9thetente a pl\u00e9b\u00e1ni\u00e1n. Szept. 17-\u00e9n 18:00-kor kezd\u0151dik az els\u0151 tal\u00e1lkoz\u00f3. H\u00edvjuk \u00e9s v\u00e1rjuk mindazokat, akik szeretn\u00e9nek valamelyik szents\u00e9g felv\u00e9tel\u00e9re felk\u00e9sz\u00fclni, valamint az \u00e9rdekl\u0151d\u0151ket is.<\/li>\n\n\n\n<li>J\u00f6v\u0151 h\u00e9tv\u00e9g\u00e9t\u0151l kezdve <strong>Galambos Feri atya<\/strong> is rendszeresen fog mis\u00e9zni szombat este a pl\u00e9b\u00e1niatemplomban. A bej\u00e1ratn\u00e1l elhelyezett hirdet\u0151n, a honlapunkon (marcali.plebania.hu) \u00e9s a h\u00edrlev\u00e9lben is jelezz\u00fck, amikor \u0151 mis\u00e9zik. Azt is jelezz\u00fck, hogy melyik szentmis\u00e9n lesznek <strong>git\u00e1ros \u00e9nekek<\/strong>: szeptember 20-t\u00f3l kezdve a pl\u00e9b\u00e1niatemplomban egyik h\u00e9ten a szombat esti szentmis\u00e9ben lesznek git\u00e1ros \u00e9nekek, vas\u00e1rnap pedig csak orgon\u00e1val k\u00eds\u00e9rtek. A r\u00e1 k\u00f6vetkez\u0151 h\u00e9ten pedig ford\u00edtva: szombaton lesz orgon\u00e1val k\u00eds\u00e9rt (vagy csendes) mise, vas\u00e1rnap pedig a zenekar k\u00eds\u00e9r t\u00f6bb \u00e9neket a szentmis\u00e9n.<\/li>\n\n\n\n<li>A szentmis\u00e9be a jelenl\u00e9ten t\u00fal k\u00fcl\u00f6nf\u00e9le szolg\u00e1latokkal is be lehet kapcsol\u00f3dni: a sekresty\u00e9ben \u00e9s az irod\u00e1ban v\u00e1rjuk azok jelentkez\u00e9s\u00e9t, akik kedvet, ind\u00edttat\u00e1st \u00e9reznek a templomi <strong>felolvas\u00e1s<\/strong>ra vagy a <strong>ministr\u00e1l\u00e1s<\/strong>ra. Mindk\u00e9t szolg\u00e1latba h\u00edvjuk a feln\u0151tteket is, hogy istentisztelet\u00fcnk min\u00e9l szebb \u00e9s m\u00e9lt\u00f3bb lehessen. Az els\u0151 ministr\u00e1nspr\u00f3b\u00e1ra szombaton (szept. 13.) 17:00-re v\u00e1rjuk az \u00e9rdekl\u0151d\u0151ket a sekresty\u00e9ben vagy vas\u00e1rnap (szept. 14-\u00e9n) a 9 \u00f3rai mise ut\u00e1n. Ezen k\u00edv\u00fcl h\u00edvjuk a jelenl\u00e9v\u0151 gyermekeket \u00e9s a di\u00e1kokat, hogy az evang\u00e9lium felolvas\u00e1sa alatt tartsanak m\u00e9csest a felolvas\u00f3\u00e1llv\u00e1ny (amb\u00f3) el\u0151tt.<\/li>\n\n\n\n<li>A <strong>F\u00e9rfi k\u00f6r<\/strong> k\u00f6vetkez\u0151 alkalma szerd\u00e1n 18:00-kor kezd\u0151dik a pl\u00e9b\u00e1ni\u00e1n.<\/li>\n\n\n\n<li>Cs\u00fct\u00f6rt\u00f6k\u00f6nk\u00e9nt 16:00-t\u00f3l <strong>csendes szents\u00e9gim\u00e1d\u00e1si \u00f3r\u00e1t<\/strong> tartunk a pl\u00e9b\u00e1niatemplomban. A szents\u00e9gim\u00e1d\u00e1s az Olt\u00e1riszents\u00e9gben jelen l\u00e9v\u0151 J\u00e9zus Krisztus im\u00e1d\u00e1sa a szentmis\u00e9n k\u00edv\u00fcl. Szeretettel buzd\u00edtunk mindenkit, hogy id\u0151zz\u00f6n rendszeresen az Olt\u00e1riszents\u00e9g jelenl\u00e9t\u00e9ben, \u00e9s k\u00e9rje J\u00e9zust \u00f6nmag\u00e1\u00e9rt \u00e9s m\u00e1sok\u00e9rt, megb\u00e9k\u00e9lesek\u00e9rt, pl\u00e9b\u00e1niai k\u00f6z\u00f6ss\u00e9g\u00fcnk\u00e9rt, megt\u00e9r\u00e9sek\u00e9rt. Ism\u00e9telten k\u00e9rj\u00fck, hogy <strong>a templomban \u0151rizz\u00fck a csendet<\/strong>, n\u00e9m\u00edtsuk le a <strong>telefon<\/strong>t, \u00e9s <strong>hangos k\u00f6sz\u00f6nt\u00e9s<\/strong>sel, <strong>besz\u00e9lget\u00e9s<\/strong>sel se zavarjuk azokat, akik im\u00e1dkoznak!<\/li>\n\n\n\n<li>\u201e<strong>Mi\u00e9rt hiszek?<\/strong>\u201d-sorozatunk k\u00f6vetkez\u0151 alkalma cs\u00fct\u00f6rt\u00f6k\u00f6n 18:15-kor kezd\u0151dik a k\u00f6z\u00f6ss\u00e9gi h\u00e1zban. Vend\u00e9g\u00fcnk Makl\u00e1ry \u00c1kos atya, a K\u00c9SZ eln\u00f6ke lesz. El\u0151tte a 17:30-kor kezd\u0151d\u0151 \u00fcnnepi szentmis\u00e9re, majd az agap\u00e9ra is szeretettel h\u00edvunk \u00e9s v\u00e1runk minden \u00e9rdekl\u0151d\u0151t a Marcali Csoport fenn\u00e1ll\u00e1s\u00e1nak 30. \u00e9vfordul\u00f3ja alkalm\u00e1b\u00f3l.<\/li>\n\n\n\n<li>A <strong>fatimai ima\u00f3ra <\/strong>szombaton 16:30-kor kezd\u0151dik a templomban.<\/li>\n\n\n\n<li>A h\u00e9ten befejez\u0151d\u00f6tt a k\u00f6z\u00f6ss\u00e9gi h\u00e1z tet\u0151szerkezet\u00e9nek fel\u00faj\u00edt\u00e1sa. K\u00f6sz\u00f6nj\u00fck a kivitelez\u0151 munk\u00e1j\u00e1t \u00e9s a h\u00edvek adom\u00e1ny\u00e1t (cser\u00e9pjegy, b\u00e1li bel\u00e9p\u0151 vagy m\u00e1s form\u00e1ban). Az eddigi adom\u00e1nyok kb. 1 milli\u00f3 forinttal j\u00e1rultak hozz\u00e1 a t\u00f6bb, mint 10 milli\u00f3s beruh\u00e1z\u00e1shoz. K\u00e9rj\u00fck, aki tudja, adom\u00e1ny\u00e1val seg\u00edtse az X-h\u00e1z meg\u0151rz\u00e9s\u00e9t \u00e9s fejleszt\u00e9s\u00e9t, hogy min\u00e9l t\u00f6bb k\u00f6z\u00f6ss\u00e9gi programot tarthassunk ott, sz\u00e9p k\u00f6rnyezetben. A d\u00e9lel\u0151tti mise ut\u00e1n szem\u00e9lyesen is lehet venni cser\u00e9pjegyet Domj\u00e1n Zsuzsanna hitoktat\u00f3n\u00e1l.<\/li>\n<\/ol>\n\n\n\n<hr class=\"wp-block-separator has-alpha-channel-opacity\"\/>\n\n\n\n<figure class=\"wp-block-image size-large\"><img loading=\"lazy\" decoding=\"async\" width=\"1024\" height=\"723\" src=\"https:\/\/marcali.plebania.hu\/wp-content\/uploads\/2025\/09\/250907-1-1024x723.png\" alt=\"\" class=\"wp-image-7582\" srcset=\"https:\/\/marcali.plebania.hu\/wp-content\/uploads\/2025\/09\/250907-1-1024x723.png 1024w, https:\/\/marcali.plebania.hu\/wp-content\/uploads\/2025\/09\/250907-1-300x212.png 300w, https:\/\/marcali.plebania.hu\/wp-content\/uploads\/2025\/09\/250907-1-768x542.png 768w, https:\/\/marcali.plebania.hu\/wp-content\/uploads\/2025\/09\/250907-1-1536x1085.png 1536w, https:\/\/marcali.plebania.hu\/wp-content\/uploads\/2025\/09\/250907-1-382x270.png 382w, https:\/\/marcali.plebania.hu\/wp-content\/uploads\/2025\/09\/250907-1.png 1679w\" sizes=\"auto, (max-width: 1024px) 100vw, 1024px\" \/><\/figure>\n\n\n\n<hr class=\"wp-block-separator has-alpha-channel-opacity\"\/>\n\n\n\n<figure class=\"wp-block-gallery has-nested-images columns-default is-cropped wp-block-gallery-1 is-layout-flex wp-block-gallery-is-layout-flex\">\n<figure class=\"wp-block-image size-large\"><img loading=\"lazy\" decoding=\"async\" width=\"724\" height=\"1024\" data-id=\"7574\" src=\"https:\/\/marcali.plebania.hu\/wp-content\/uploads\/2025\/08\/KESZ-szeptember-724x1024.jpeg\" alt=\"\" class=\"wp-image-7574\" srcset=\"https:\/\/marcali.plebania.hu\/wp-content\/uploads\/2025\/08\/KESZ-szeptember-724x1024.jpeg 724w, https:\/\/marcali.plebania.hu\/wp-content\/uploads\/2025\/08\/KESZ-szeptember-212x300.jpeg 212w, https:\/\/marcali.plebania.hu\/wp-content\/uploads\/2025\/08\/KESZ-szeptember-768x1086.jpeg 768w, https:\/\/marcali.plebania.hu\/wp-content\/uploads\/2025\/08\/KESZ-szeptember-1086x1536.jpeg 1086w, https:\/\/marcali.plebania.hu\/wp-content\/uploads\/2025\/08\/KESZ-szeptember-1448x2048.jpeg 1448w, https:\/\/marcali.plebania.hu\/wp-content\/uploads\/2025\/08\/KESZ-szeptember-191x270.jpeg 191w, https:\/\/marcali.plebania.hu\/wp-content\/uploads\/2025\/08\/KESZ-szeptember-scaled.jpeg 1811w\" sizes=\"auto, (max-width: 724px) 100vw, 724px\" \/><\/figure>\n\n\n\n<figure class=\"wp-block-image size-large\"><img loading=\"lazy\" decoding=\"async\" width=\"724\" height=\"1024\" data-id=\"7579\" src=\"https:\/\/marcali.plebania.hu\/wp-content\/uploads\/2025\/09\/hivatasunk-Krisztusban-1-724x1024.jpg\" alt=\"\" class=\"wp-image-7579\" srcset=\"https:\/\/marcali.plebania.hu\/wp-content\/uploads\/2025\/09\/hivatasunk-Krisztusban-1-724x1024.jpg 724w, https:\/\/marcali.plebania.hu\/wp-content\/uploads\/2025\/09\/hivatasunk-Krisztusban-1-212x300.jpg 212w, https:\/\/marcali.plebania.hu\/wp-content\/uploads\/2025\/09\/hivatasunk-Krisztusban-1-768x1086.jpg 768w, https:\/\/marcali.plebania.hu\/wp-content\/uploads\/2025\/09\/hivatasunk-Krisztusban-1-1086x1536.jpg 1086w, https:\/\/marcali.plebania.hu\/wp-content\/uploads\/2025\/09\/hivatasunk-Krisztusban-1-1448x2048.jpg 1448w, https:\/\/marcali.plebania.hu\/wp-content\/uploads\/2025\/09\/hivatasunk-Krisztusban-1-191x270.jpg 191w, https:\/\/marcali.plebania.hu\/wp-content\/uploads\/2025\/09\/hivatasunk-Krisztusban-1.jpg 1587w\" sizes=\"auto, (max-width: 724px) 100vw, 724px\" \/><\/figure>\n\n\n\n<figure class=\"wp-block-image size-large\"><img loading=\"lazy\" decoding=\"async\" width=\"724\" height=\"1024\" data-id=\"7580\" src=\"https:\/\/marcali.plebania.hu\/wp-content\/uploads\/2025\/09\/Rozsaeso-imaest-2025-724x1024.jpg\" alt=\"\" class=\"wp-image-7580\" srcset=\"https:\/\/marcali.plebania.hu\/wp-content\/uploads\/2025\/09\/Rozsaeso-imaest-2025-724x1024.jpg 724w, https:\/\/marcali.plebania.hu\/wp-content\/uploads\/2025\/09\/Rozsaeso-imaest-2025-212x300.jpg 212w, https:\/\/marcali.plebania.hu\/wp-content\/uploads\/2025\/09\/Rozsaeso-imaest-2025-768x1086.jpg 768w, https:\/\/marcali.plebania.hu\/wp-content\/uploads\/2025\/09\/Rozsaeso-imaest-2025-1086x1536.jpg 1086w, https:\/\/marcali.plebania.hu\/wp-content\/uploads\/2025\/09\/Rozsaeso-imaest-2025-1448x2048.jpg 1448w, https:\/\/marcali.plebania.hu\/wp-content\/uploads\/2025\/09\/Rozsaeso-imaest-2025-191x270.jpg 191w, https:\/\/marcali.plebania.hu\/wp-content\/uploads\/2025\/09\/Rozsaeso-imaest-2025.jpg 1587w\" sizes=\"auto, (max-width: 724px) 100vw, 724px\" \/><\/figure>\n<\/figure>\n","protected":false},"excerpt":{"rendered":"<p>\u00c9vk\u00f6zi 23. vas\u00e1rnap<\/p>\n","protected":false},"author":1,"featured_media":0,"comment_status":"closed","ping_status":"open","sticky":false,"template":"","format":"standard","meta":{"footnotes":""},"categories":[3],"tags":[],"class_list":["post-7577","post","type-post","status-publish","format-standard","hentry","category-hirdetesek"],"_links":{"self":[{"href":"https:\/\/marcali.plebania.hu\/index.php?rest_route=\/wp\/v2\/posts\/7577","targetHints":{"allow":["GET"]}}],"collection":[{"href":"https:\/\/marcali.plebania.hu\/index.php?rest_route=\/wp\/v2\/posts"}],"about":[{"href":"https:\/\/marcali.plebania.hu\/index.php?rest_route=\/wp\/v2\/types\/post"}],"author":[{"embeddable":true,"href":"https:\/\/marcali.plebania.hu\/index.php?rest_route=\/wp\/v2\/users\/1"}],"replies":[{"embeddable":true,"href":"https:\/\/marcali.plebania.hu\/index.php?rest_route=%2Fwp%2Fv2%2Fcomments&post=7577"}],"version-history":[{"count":2,"href":"https:\/\/marcali.plebania.hu\/index.php?rest_route=\/wp\/v2\/posts\/7577\/revisions"}],"predecessor-version":[{"id":7583,"href":"https:\/\/marcali.plebania.hu\/index.php?rest_route=\/wp\/v2\/posts\/7577\/revisions\/7583"}],"wp:attachment":[{"href":"https:\/\/marcali.plebania.hu\/index.php?rest_route=%2Fwp%2Fv2%2Fmedia&parent=7577"}],"wp:term":[{"taxonomy":"category","embeddable":true,"href":"https:\/\/marcali.plebania.hu\/index.php?rest_route=%2Fwp%2Fv2%2Fcategories&post=7577"},{"taxonomy":"post_tag","embeddable":true,"href":"https:\/\/marcali.plebania.hu\/index.php?rest_route=%2Fwp%2Fv2%2Ftags&post=7577"}],"curies":[{"name":"wp","href":"https:\/\/api.w.org\/{rel}","templated":true}]}}