{"id":7585,"date":"2025-09-11T14:03:45","date_gmt":"2025-09-11T14:03:45","guid":{"rendered":"https:\/\/marcali.plebania.hu\/?p=7585"},"modified":"2025-09-13T14:18:40","modified_gmt":"2025-09-13T14:18:40","slug":"tanevkezdo-szentmise-2025","status":"publish","type":"post","link":"https:\/\/marcali.plebania.hu\/?p=7585","title":{"rendered":"Tan\u00e9vkezd\u0151 szentmise 2025"},"content":{"rendered":"\n<p><\/p>\n\n\n\n<p>2025. szeptember 7-\u00e9n vas\u00e1rnap, 9 \u00f3rakor tan\u00e9vkezd\u0151 szentmis\u00e9t (Veni Sancte-t) tartottak, melyet Tomanek Ferenc \u00c1ron pl\u00e9b\u00e1nos celebr\u00e1lt Marcaliban, a Gy\u00fcm\u00f6lcsolt\u00f3 Boldogasszony Pl\u00e9b\u00e1niatemplomban.<\/p>\n\n\n\n<figure class=\"wp-block-gallery has-nested-images columns-default is-cropped wp-block-gallery-1 is-layout-flex wp-block-gallery-is-layout-flex\">\n<figure class=\"wp-block-image size-large\"><img loading=\"lazy\" decoding=\"async\" width=\"1024\" height=\"683\" data-id=\"7590\" src=\"https:\/\/marcali.plebania.hu\/wp-content\/uploads\/2025\/09\/01-1024x683.jpg\" alt=\"\" class=\"wp-image-7590\" srcset=\"https:\/\/marcali.plebania.hu\/wp-content\/uploads\/2025\/09\/01-1024x683.jpg 1024w, https:\/\/marcali.plebania.hu\/wp-content\/uploads\/2025\/09\/01-300x200.jpg 300w, https:\/\/marcali.plebania.hu\/wp-content\/uploads\/2025\/09\/01-768x512.jpg 768w, https:\/\/marcali.plebania.hu\/wp-content\/uploads\/2025\/09\/01-1536x1024.jpg 1536w, https:\/\/marcali.plebania.hu\/wp-content\/uploads\/2025\/09\/01-2048x1365.jpg 2048w, https:\/\/marcali.plebania.hu\/wp-content\/uploads\/2025\/09\/01-405x270.jpg 405w\" sizes=\"auto, (max-width: 1024px) 100vw, 1024px\" \/><\/figure>\n\n\n\n<figure class=\"wp-block-image size-large\"><img loading=\"lazy\" decoding=\"async\" width=\"1024\" height=\"683\" data-id=\"7591\" src=\"https:\/\/marcali.plebania.hu\/wp-content\/uploads\/2025\/09\/05-1024x683.jpg\" alt=\"\" class=\"wp-image-7591\" srcset=\"https:\/\/marcali.plebania.hu\/wp-content\/uploads\/2025\/09\/05-1024x683.jpg 1024w, https:\/\/marcali.plebania.hu\/wp-content\/uploads\/2025\/09\/05-300x200.jpg 300w, https:\/\/marcali.plebania.hu\/wp-content\/uploads\/2025\/09\/05-768x512.jpg 768w, https:\/\/marcali.plebania.hu\/wp-content\/uploads\/2025\/09\/05-1536x1024.jpg 1536w, https:\/\/marcali.plebania.hu\/wp-content\/uploads\/2025\/09\/05-2048x1365.jpg 2048w, https:\/\/marcali.plebania.hu\/wp-content\/uploads\/2025\/09\/05-405x270.jpg 405w\" sizes=\"auto, (max-width: 1024px) 100vw, 1024px\" \/><\/figure>\n\n\n\n<figure class=\"wp-block-image size-large\"><img loading=\"lazy\" decoding=\"async\" width=\"1024\" height=\"683\" data-id=\"7588\" src=\"https:\/\/marcali.plebania.hu\/wp-content\/uploads\/2025\/09\/11-1024x683.jpg\" alt=\"\" class=\"wp-image-7588\" srcset=\"https:\/\/marcali.plebania.hu\/wp-content\/uploads\/2025\/09\/11-1024x683.jpg 1024w, https:\/\/marcali.plebania.hu\/wp-content\/uploads\/2025\/09\/11-300x200.jpg 300w, https:\/\/marcali.plebania.hu\/wp-content\/uploads\/2025\/09\/11-768x512.jpg 768w, https:\/\/marcali.plebania.hu\/wp-content\/uploads\/2025\/09\/11-1536x1024.jpg 1536w, https:\/\/marcali.plebania.hu\/wp-content\/uploads\/2025\/09\/11-2048x1365.jpg 2048w, https:\/\/marcali.plebania.hu\/wp-content\/uploads\/2025\/09\/11-405x270.jpg 405w\" sizes=\"auto, (max-width: 1024px) 100vw, 1024px\" \/><\/figure>\n\n\n\n<figure class=\"wp-block-image size-large\"><img loading=\"lazy\" decoding=\"async\" width=\"1024\" height=\"683\" data-id=\"7589\" src=\"https:\/\/marcali.plebania.hu\/wp-content\/uploads\/2025\/09\/13-1024x683.jpg\" alt=\"\" class=\"wp-image-7589\" srcset=\"https:\/\/marcali.plebania.hu\/wp-content\/uploads\/2025\/09\/13-1024x683.jpg 1024w, https:\/\/marcali.plebania.hu\/wp-content\/uploads\/2025\/09\/13-300x200.jpg 300w, https:\/\/marcali.plebania.hu\/wp-content\/uploads\/2025\/09\/13-768x512.jpg 768w, https:\/\/marcali.plebania.hu\/wp-content\/uploads\/2025\/09\/13-1536x1024.jpg 1536w, https:\/\/marcali.plebania.hu\/wp-content\/uploads\/2025\/09\/13-2048x1365.jpg 2048w, https:\/\/marcali.plebania.hu\/wp-content\/uploads\/2025\/09\/13-405x270.jpg 405w\" sizes=\"auto, (max-width: 1024px) 100vw, 1024px\" \/><\/figure>\n<\/figure>\n\n\n\n<p>A jelenl\u00e9v\u0151 hittanos di\u00e1kok k\u00f6z\u00f6sen im\u00e1dkoztak sz\u00fcleikkel, nagysz\u00fcleikkel, hitoktat\u00f3ikkal, valamint a h\u00edvekkel egy\u00fctt, \u00e9s k\u00e9rt\u00e9k a Szentl\u00e9lek k\u00f6zbenj\u00e1r\u00e1s\u00e1t az idei \u00faj tan\u00e9vre. Az istentiszteleten Ferenc atya meg\u00e1ldotta a gyermekeket \u00e9s az iskolat\u00e1sk\u00e1ikat is.<\/p>\n\n\n\n<figure class=\"wp-block-gallery has-nested-images columns-default is-cropped wp-block-gallery-2 is-layout-flex wp-block-gallery-is-layout-flex\">\n<figure class=\"wp-block-image size-large\"><img loading=\"lazy\" decoding=\"async\" width=\"1024\" height=\"683\" data-id=\"7593\" src=\"https:\/\/marcali.plebania.hu\/wp-content\/uploads\/2025\/09\/18-1024x683.jpg\" alt=\"\" class=\"wp-image-7593\" srcset=\"https:\/\/marcali.plebania.hu\/wp-content\/uploads\/2025\/09\/18-1024x683.jpg 1024w, https:\/\/marcali.plebania.hu\/wp-content\/uploads\/2025\/09\/18-300x200.jpg 300w, https:\/\/marcali.plebania.hu\/wp-content\/uploads\/2025\/09\/18-768x512.jpg 768w, https:\/\/marcali.plebania.hu\/wp-content\/uploads\/2025\/09\/18-1536x1024.jpg 1536w, https:\/\/marcali.plebania.hu\/wp-content\/uploads\/2025\/09\/18-2048x1365.jpg 2048w, https:\/\/marcali.plebania.hu\/wp-content\/uploads\/2025\/09\/18-405x270.jpg 405w\" sizes=\"auto, (max-width: 1024px) 100vw, 1024px\" \/><\/figure>\n\n\n\n<figure class=\"wp-block-image size-large\"><img loading=\"lazy\" decoding=\"async\" width=\"1024\" height=\"683\" data-id=\"7594\" src=\"https:\/\/marcali.plebania.hu\/wp-content\/uploads\/2025\/09\/20-1024x683.jpg\" alt=\"\" class=\"wp-image-7594\" srcset=\"https:\/\/marcali.plebania.hu\/wp-content\/uploads\/2025\/09\/20-1024x683.jpg 1024w, https:\/\/marcali.plebania.hu\/wp-content\/uploads\/2025\/09\/20-300x200.jpg 300w, https:\/\/marcali.plebania.hu\/wp-content\/uploads\/2025\/09\/20-768x512.jpg 768w, https:\/\/marcali.plebania.hu\/wp-content\/uploads\/2025\/09\/20-1536x1024.jpg 1536w, https:\/\/marcali.plebania.hu\/wp-content\/uploads\/2025\/09\/20-2048x1365.jpg 2048w, https:\/\/marcali.plebania.hu\/wp-content\/uploads\/2025\/09\/20-405x270.jpg 405w\" sizes=\"auto, (max-width: 1024px) 100vw, 1024px\" \/><\/figure>\n\n\n\n<figure class=\"wp-block-image size-large\"><img loading=\"lazy\" decoding=\"async\" width=\"1024\" height=\"683\" data-id=\"7596\" src=\"https:\/\/marcali.plebania.hu\/wp-content\/uploads\/2025\/09\/29-1024x683.jpg\" alt=\"\" class=\"wp-image-7596\" srcset=\"https:\/\/marcali.plebania.hu\/wp-content\/uploads\/2025\/09\/29-1024x683.jpg 1024w, https:\/\/marcali.plebania.hu\/wp-content\/uploads\/2025\/09\/29-300x200.jpg 300w, https:\/\/marcali.plebania.hu\/wp-content\/uploads\/2025\/09\/29-768x512.jpg 768w, https:\/\/marcali.plebania.hu\/wp-content\/uploads\/2025\/09\/29-1536x1024.jpg 1536w, https:\/\/marcali.plebania.hu\/wp-content\/uploads\/2025\/09\/29-2048x1365.jpg 2048w, https:\/\/marcali.plebania.hu\/wp-content\/uploads\/2025\/09\/29-405x270.jpg 405w\" sizes=\"auto, (max-width: 1024px) 100vw, 1024px\" \/><\/figure>\n\n\n\n<figure class=\"wp-block-image size-large\"><img loading=\"lazy\" decoding=\"async\" width=\"1024\" height=\"683\" data-id=\"7595\" src=\"https:\/\/marcali.plebania.hu\/wp-content\/uploads\/2025\/09\/21-1024x683.jpg\" alt=\"\" class=\"wp-image-7595\" srcset=\"https:\/\/marcali.plebania.hu\/wp-content\/uploads\/2025\/09\/21-1024x683.jpg 1024w, https:\/\/marcali.plebania.hu\/wp-content\/uploads\/2025\/09\/21-300x200.jpg 300w, https:\/\/marcali.plebania.hu\/wp-content\/uploads\/2025\/09\/21-768x512.jpg 768w, https:\/\/marcali.plebania.hu\/wp-content\/uploads\/2025\/09\/21-1536x1024.jpg 1536w, https:\/\/marcali.plebania.hu\/wp-content\/uploads\/2025\/09\/21-2048x1365.jpg 2048w, https:\/\/marcali.plebania.hu\/wp-content\/uploads\/2025\/09\/21-405x270.jpg 405w\" sizes=\"auto, (max-width: 1024px) 100vw, 1024px\" \/><\/figure>\n<\/figure>\n\n\n\n<p>Szeptember 1-j\u00e9vel \u00f6sszesen t\u00f6bb mint 400 f\u0151vel kezd\u0151d\u00f6tt meg a katolikus hit- \u00e9s erk\u00f6lcstan oktat\u00e1s Marcaliban \u00e9s Mesztegny\u0151n. A hitoktat\u00f3k Cservenyi-Jakabovics Eszter, Cservenyi-Jakabovics Zolt\u00e1n, dr. Gyulain\u00e9 Domj\u00e1n Zsuzsanna, \u00e9s Suszter Mikl\u00f3s, akik a szentmise v\u00e9g\u00e9n vehett\u00e9k \u00e1t a Varga L\u00e1szl\u00f3 kaposv\u00e1ri p\u00fcsp\u00f6kt\u0151l kapott megb\u00edz\u00f3level\u00fcket \u00e9s \u0151k is \u00e1ld\u00e1sban r\u00e9szes\u00fcltek. Rajtuk k\u00edv\u00fcl, sokr\u00e9t\u0171 lelkip\u00e1sztori munk\u00e1ja mellett, Ferenc atya is tart m\u00e9g hittan\u00f3r\u00e1t a gyermekeknek.<\/p>\n\n\n\n<p>Az \u00fcnnepi szentmis\u00e9n Balogh B\u00e1lint k\u00e1ntor \u00e9s a F\u00e9ny Gyermekei Katolikus Zenekar m\u0171k\u00f6d\u00f6tt k\u00f6zre Szentlelket h\u00edv\u00f3 orgon\u00e1s-git\u00e1ros \u00e9nekekkel.<\/p>\n\n\n\n<p>V\u00e9g\u00fcl a jelenl\u00e9v\u0151ket a pl\u00e9b\u00e1niatemplom \u00e9szaki udvar\u00e1n vend\u00e9g\u00fcl l\u00e1tt\u00e1k \u00e9s a hittanosoknak kiosztott\u00e1k a szentmisenapl\u00f3kat is.<\/p>\n\n\n\n<p>\u00cdrta \u00e9s fot\u00f3k: Kiss K\u00e1lm\u00e1n<\/p>\n","protected":false},"excerpt":{"rendered":"<p>2025. szeptember 7-\u00e9n vas\u00e1rnap, 9 \u00f3rakor tan\u00e9vkezd\u0151 szentmis\u00e9t (Veni Sancte-t) tartottak, melyet Tomanek Ferenc \u00c1ron pl\u00e9b\u00e1nos celebr\u00e1lt Marcaliban, a Gy\u00fcm\u00f6lcsolt\u00f3 Boldogasszony Pl\u00e9b\u00e1niatemplomban. A jelenl\u00e9v\u0151 hittanos di\u00e1kok k\u00f6z\u00f6sen im\u00e1dkoztak sz\u00fcleikkel, nagysz\u00fcleikkel, hitoktat\u00f3ikkal, valamint a h\u00edvekkel egy\u00fctt, \u00e9s k\u00e9rt\u00e9k a Szentl\u00e9lek k\u00f6zbenj\u00e1r\u00e1s\u00e1t az idei \u00faj tan\u00e9vre. Az istentiszteleten Ferenc atya meg\u00e1ldotta a gyermekeket \u00e9s az iskolat\u00e1sk\u00e1ikat is. Szeptember 1-j\u00e9vel \u00f6sszesen t\u00f6bb mint 400 f\u0151vel kezd\u0151d\u00f6tt meg a katolikus hit- \u00e9s erk\u00f6lcstan oktat\u00e1s Marcaliban \u00e9s Mesztegny\u0151n. A hitoktat\u00f3k Cservenyi-Jakabovics Eszter, Cservenyi-Jakabovics Zolt\u00e1n, dr&#8230;.<\/p>\n<p class=\"read-more\"><a class=\"btn btn-default\" href=\"https:\/\/marcali.plebania.hu\/?p=7585\"> Read More<span class=\"screen-reader-text\">  Read More<\/span><\/a><\/p>\n","protected":false},"author":2,"featured_media":0,"comment_status":"closed","ping_status":"open","sticky":false,"template":"","format":"standard","meta":{"footnotes":""},"categories":[1],"tags":[],"class_list":["post-7585","post","type-post","status-publish","format-standard","hentry","category-egyeb"],"_links":{"self":[{"href":"https:\/\/marcali.plebania.hu\/index.php?rest_route=\/wp\/v2\/posts\/7585","targetHints":{"allow":["GET"]}}],"collection":[{"href":"https:\/\/marcali.plebania.hu\/index.php?rest_route=\/wp\/v2\/posts"}],"about":[{"href":"https:\/\/marcali.plebania.hu\/index.php?rest_route=\/wp\/v2\/types\/post"}],"author":[{"embeddable":true,"href":"https:\/\/marcali.plebania.hu\/index.php?rest_route=\/wp\/v2\/users\/2"}],"replies":[{"embeddable":true,"href":"https:\/\/marcali.plebania.hu\/index.php?rest_route=%2Fwp%2Fv2%2Fcomments&post=7585"}],"version-history":[{"count":2,"href":"https:\/\/marcali.plebania.hu\/index.php?rest_route=\/wp\/v2\/posts\/7585\/revisions"}],"predecessor-version":[{"id":7598,"href":"https:\/\/marcali.plebania.hu\/index.php?rest_route=\/wp\/v2\/posts\/7585\/revisions\/7598"}],"wp:attachment":[{"href":"https:\/\/marcali.plebania.hu\/index.php?rest_route=%2Fwp%2Fv2%2Fmedia&parent=7585"}],"wp:term":[{"taxonomy":"category","embeddable":true,"href":"https:\/\/marcali.plebania.hu\/index.php?rest_route=%2Fwp%2Fv2%2Fcategories&post=7585"},{"taxonomy":"post_tag","embeddable":true,"href":"https:\/\/marcali.plebania.hu\/index.php?rest_route=%2Fwp%2Fv2%2Ftags&post=7585"}],"curies":[{"name":"wp","href":"https:\/\/api.w.org\/{rel}","templated":true}]}}