{"id":7599,"date":"2025-09-13T14:28:45","date_gmt":"2025-09-13T14:28:45","guid":{"rendered":"https:\/\/marcali.plebania.hu\/?p=7599"},"modified":"2025-09-13T16:56:23","modified_gmt":"2025-09-13T16:56:23","slug":"hirdetesek-2025-szeptember-14-en","status":"publish","type":"post","link":"https:\/\/marcali.plebania.hu\/?p=7599","title":{"rendered":"Hirdet\u00e9sek 2025. szeptember 14-\u00e9n"},"content":{"rendered":"\n<p class=\"has-text-align-left\"><a href=\"https:\/\/igenaptar.katolikus.hu\/nap\/index.php?holnap=2025-09-14\"><span style=\"text-decoration: underline;\"><u>Szent Kereszt felmagasztal\u00e1sa &#8211; \u00fcnnep (a szentmise olvasm\u00e1nyai)<\/u><\/span><\/a><\/p>\n\n\n\n<ol start=\"1\" class=\"wp-block-list\">\n<li>K\u00f6sz\u00f6nj\u00fck a szervez\u0151k, seg\u00edt\u0151k, agap\u00e9hoz hozz\u00e1j\u00e1rul\u00f3k munk\u00e1j\u00e1t a K\u00c9SZ 30 \u00e9ves \u00e9vfordul\u00f3s \u00fcnneps\u00e9g\u00e9re.<\/li>\n\n\n\n<li>K\u00f6sz\u00f6nj\u00fck a k\u00f6z\u00f6ss\u00e9gi h\u00e1z tet\u0151szerkezet\u00e9nek fel\u00faj\u00edt\u00e1s\u00e1hoz felaj\u00e1nlott adom\u00e1nyokat. Szeretettel h\u00edvunk minden \u00e9rdekl\u0151d\u0151t a k\u00f6z\u00f6ss\u00e9gi programjainkra.<\/li>\n\n\n\n<li>Cs\u00fct\u00f6rt\u00f6k\u00f6nk\u00e9nt 16:00-t\u00f3l <strong>csendes szents\u00e9gim\u00e1d\u00e1si \u00f3r\u00e1t<\/strong> tartunk a pl\u00e9b\u00e1niatemplomban. A szents\u00e9gim\u00e1d\u00e1s az Olt\u00e1riszents\u00e9gben jelen l\u00e9v\u0151 J\u00e9zus Krisztus im\u00e1d\u00e1sa a szentmis\u00e9n k\u00edv\u00fcl. Szeretettel buzd\u00edtunk mindenkit arra, hogy id\u0151zz\u00f6n rendszeresen az Olt\u00e1riszents\u00e9g jelenl\u00e9t\u00e9ben, \u00e9s k\u00e9rje J\u00e9zust \u00f6nmag\u00e1\u00e9rt \u00e9s m\u00e1sok\u00e9rt, megb\u00e9k\u00e9lesek\u00e9rt, pl\u00e9b\u00e1niai k\u00f6z\u00f6ss\u00e9g\u00fcnk\u00e9rt, megt\u00e9r\u00e9sek\u00e9rt. Figyelj\u00fcnk r\u00e1, hogy <strong>a templomban \u0151rizz\u00fck a csendet<\/strong>, n\u00e9m\u00edtsuk le a <strong>telefon<\/strong>t, \u00e9s <strong>hangos k\u00f6sz\u00f6nt\u00e9s<\/strong>sel, <strong>besz\u00e9lget\u00e9s<\/strong>sel ne zavarjuk a t\u00f6bbieket!<\/li>\n\n\n\n<li>Szombaton 15:30-kor kezd\u0151dik a di\u00e1kok szents\u00e9gi felk\u00e9sz\u00edt\u0151je. K\u00e9thetente v\u00e1rjuk az <strong>els\u0151\u00e1ldoz\u00e1sra<\/strong> jelentkez\u0151ket a pl\u00e9b\u00e1ni\u00e1n (Boldog II. J\u00e1nos P\u00e1l p\u00e1pa t\u00e9r 1.), a <strong>b\u00e9rm\u00e1lkoz\u00e1sra k\u00e9sz\u00fcl\u0151k<\/strong>et a k\u00f6z\u00f6ss\u00e9gi h\u00e1zban (D\u00f3zsa u. 3.). A jelentkez\u00e9si adatlapokat legk\u00e9s\u0151bb szombaton k\u00e9rj\u00fck leadni. Aki m\u00e9g nem kapott t\u00e1j\u00e9koztat\u00f3t \u00e9s adatlapot, a hitoktat\u00f3kt\u00f3l k\u00e9rhet.<\/li>\n\n\n\n<li><strong>Szents\u00e9gi felk\u00e9sz\u00edt\u0151<\/strong>t ind\u00edtunk <strong>feln\u0151ttek sz\u00e1m\u00e1ra<\/strong> is, k\u00e9thetente a pl\u00e9b\u00e1ni\u00e1n. Szerd\u00e1n 18:00-kor kezd\u0151dik az els\u0151 tal\u00e1lkoz\u00f3. H\u00edvjuk \u00e9s v\u00e1rjuk mindazokat, akik szeretn\u00e9nek valamelyik szents\u00e9g felv\u00e9tel\u00e9re felk\u00e9sz\u00fclni, valamint az \u00e9rdekl\u0151d\u0151ket is. Ahhoz, hogy valaki keresztsz\u00fcl\u0151, vagy b\u00e9rmasz\u00fcl\u0151 lehessen, elengedhetetlen a beavat\u00f3 szents\u00e9gekben val\u00f3 r\u00e9szesed\u00e9s \u00e9s az is, hogy \u00e9lett\u00e1rsi kapcsolata szents\u00e9gi h\u00e1zass\u00e1g legyen. Ez a felk\u00e9sz\u00edt\u0151 a kiszemelt keresztsz\u00fcl\u0151nek vagy b\u00e9rmasz\u00fcl\u0151nek is seg\u00edts\u00e9g lehet.<\/li>\n\n\n\n<li>A hirdet\u00e9sben (templom bej\u00e1rat\u00e1n\u00e1l, a honlapunkon (marcali.plebania.hu) \u00e9s a h\u00edrlev\u00e9lben) nyomon k\u00f6vethet\u0151, melyik szentmis\u00e9n lesznek <strong>git\u00e1ros \u00e9nekek<\/strong>: szombatt\u00f3l kezdve a pl\u00e9b\u00e1niatemplomban egyik h\u00e9ten a szombat esti szentmis\u00e9ben lesznek git\u00e1ros \u00e9nekek, vas\u00e1rnap pedig csak orgon\u00e1val k\u00eds\u00e9rtek. A r\u00e1 k\u00f6vetkez\u0151 h\u00e9ten pedig ford\u00edtva: szombaton lesz orgon\u00e1s (vagy csendes) mise, vas\u00e1rnap pedig a zenekar k\u00eds\u00e9r t\u00f6bb \u00e9neket a szentmis\u00e9n. T\u00f6rekedj\u00fcnk r\u00e1, hogy hit\u00fcnkben J\u00e9zushoz \u00e9s az \u0151 Egyh\u00e1z\u00e1hoz val\u00f3 h\u0171s\u00e9g\u00fcnk legyen az els\u0151dleges, ne a mis\u00e9z\u0151 pap szem\u00e9lye vagy a zenei st\u00edlus. Ezzel egy\u00fctt mindenki szabadon megv\u00e1laszthatja, melyik mis\u00e9n vesz r\u00e9szt.<\/li>\n\n\n\n<li>Szeretettel v\u00e1rjuk azok jelentkez\u00e9s\u00e9t (a sekresty\u00e9ben \u00e9s az irod\u00e1ban) akik bekapcsol\u00f3dn\u00e1nak a templomi <strong>felolvas\u00e1s<\/strong>ba vagy a <strong>ministr\u00e1l\u00e1s<\/strong>ba.<\/li>\n\n\n\n<li>A <strong>K\u00c9SZ zar\u00e1ndoklat<\/strong> aut\u00f3busza szombaton reggel 6 \u00f3rakor indul a pl\u00e9b\u00e1nia el\u0151tti parkol\u00f3b\u00f3l. Csatk\u00e1n k\u00f6z\u00f6s szentmis\u00e9nk is lesz. Az esti \u00f3r\u00e1kban \u00e9rkez\u00fcnk vissza.<\/li>\n\n\n\n<li>Szeptember 28-\u00e1n (vas\u00e1rnap) 11 \u00f3rakor kezd\u0151dik az <strong>Orb\u00e1n-k\u00e1poln\u00e1<\/strong>ban a term\u00e9nybetakar\u00edt\u00f3 h\u00e1laad\u00f3 <strong>szentmise<\/strong>.<\/li>\n<\/ol>\n\n\n\n<hr class=\"wp-block-separator has-alpha-channel-opacity\"\/>\n\n\n<div class=\"wp-block-image\">\n<figure class=\"aligncenter size-large\"><img loading=\"lazy\" decoding=\"async\" width=\"1024\" height=\"721\" src=\"https:\/\/marcali.plebania.hu\/wp-content\/uploads\/2025\/09\/250914-1-1024x721.png\" alt=\"\" class=\"wp-image-7608\" srcset=\"https:\/\/marcali.plebania.hu\/wp-content\/uploads\/2025\/09\/250914-1-1024x721.png 1024w, https:\/\/marcali.plebania.hu\/wp-content\/uploads\/2025\/09\/250914-1-300x211.png 300w, https:\/\/marcali.plebania.hu\/wp-content\/uploads\/2025\/09\/250914-1-768x540.png 768w, https:\/\/marcali.plebania.hu\/wp-content\/uploads\/2025\/09\/250914-1-1536x1081.png 1536w, https:\/\/marcali.plebania.hu\/wp-content\/uploads\/2025\/09\/250914-1-384x270.png 384w, https:\/\/marcali.plebania.hu\/wp-content\/uploads\/2025\/09\/250914-1.png 1671w\" sizes=\"auto, (max-width: 1024px) 100vw, 1024px\" \/><\/figure>\n<\/div>\n\n\n<p><\/p>\n","protected":false},"excerpt":{"rendered":"<p>Szent Kereszt felmagasztal\u00e1sa &#8211; \u00fcnnep (a szentmise olvasm\u00e1nyai)<\/p>\n","protected":false},"author":1,"featured_media":0,"comment_status":"closed","ping_status":"open","sticky":false,"template":"","format":"standard","meta":{"footnotes":""},"categories":[3],"tags":[],"class_list":["post-7599","post","type-post","status-publish","format-standard","hentry","category-hirdetesek"],"_links":{"self":[{"href":"https:\/\/marcali.plebania.hu\/index.php?rest_route=\/wp\/v2\/posts\/7599","targetHints":{"allow":["GET"]}}],"collection":[{"href":"https:\/\/marcali.plebania.hu\/index.php?rest_route=\/wp\/v2\/posts"}],"about":[{"href":"https:\/\/marcali.plebania.hu\/index.php?rest_route=\/wp\/v2\/types\/post"}],"author":[{"embeddable":true,"href":"https:\/\/marcali.plebania.hu\/index.php?rest_route=\/wp\/v2\/users\/1"}],"replies":[{"embeddable":true,"href":"https:\/\/marcali.plebania.hu\/index.php?rest_route=%2Fwp%2Fv2%2Fcomments&post=7599"}],"version-history":[{"count":14,"href":"https:\/\/marcali.plebania.hu\/index.php?rest_route=\/wp\/v2\/posts\/7599\/revisions"}],"predecessor-version":[{"id":7615,"href":"https:\/\/marcali.plebania.hu\/index.php?rest_route=\/wp\/v2\/posts\/7599\/revisions\/7615"}],"wp:attachment":[{"href":"https:\/\/marcali.plebania.hu\/index.php?rest_route=%2Fwp%2Fv2%2Fmedia&parent=7599"}],"wp:term":[{"taxonomy":"category","embeddable":true,"href":"https:\/\/marcali.plebania.hu\/index.php?rest_route=%2Fwp%2Fv2%2Fcategories&post=7599"},{"taxonomy":"post_tag","embeddable":true,"href":"https:\/\/marcali.plebania.hu\/index.php?rest_route=%2Fwp%2Fv2%2Ftags&post=7599"}],"curies":[{"name":"wp","href":"https:\/\/api.w.org\/{rel}","templated":true}]}}