{"id":7631,"date":"2025-09-20T00:03:56","date_gmt":"2025-09-20T00:03:56","guid":{"rendered":"https:\/\/marcali.plebania.hu\/?p=7631"},"modified":"2025-09-20T00:06:12","modified_gmt":"2025-09-20T00:06:12","slug":"hirdetesek-2025-szeptember-21-en","status":"publish","type":"post","link":"https:\/\/marcali.plebania.hu\/?p=7631","title":{"rendered":"Hirdet\u00e9sek 2025. szeptember 21-\u00e9n"},"content":{"rendered":"\n<p>\u00c9vk\u00f6zi 25. vas\u00e1rnap<br><a href=\"https:\/\/igenaptar.katolikus.hu\/nap\/index.php?holnap=2025-09-21\">A szentmise olvasm\u00e1nyai<\/a><\/p>\n\n\n\n<ol start=\"1\" class=\"wp-block-list\">\n<li>K\u00f6sz\u00f6nj\u00fck a k\u00f6z\u00f6ss\u00e9gi h\u00e1z tet\u0151szerkezet\u00e9nek fel\u00faj\u00edt\u00e1s\u00e1hoz felaj\u00e1nlott adom\u00e1nyokat. Szeretettel h\u00edvunk minden h\u00edv\u0151t \u00e9s \u00e9rdekl\u0151d\u0151t a k\u00f6z\u00f6ss\u00e9gi programjainkra.<\/li>\n\n\n\n<li><span style=\"text-decoration: underline;\">Kedden<\/span> 17:30-kor <strong>igeliturgia<\/strong> lesz a templomban.<\/li>\n\n\n\n<li>A <strong>lelki adopt\u00e1l\u00f3k<\/strong>at <span style=\"text-decoration: underline;\">szerd\u00e1n<\/span> 17:00-ra h\u00edvjuk a pl\u00e9b\u00e1niatemplomba.<\/li>\n\n\n\n<li>A <strong>F\u00e9rfi-k\u00f6r<\/strong> k\u00f6vetkez\u0151 tal\u00e1lkoz\u00f3ja <span style=\"text-decoration: underline;\">szerd\u00e1n<\/span> 18:00-kor kezd\u0151dik a pl\u00e9b\u00e1ni\u00e1n. Szeretettel v\u00e1rjuk a tagokat \u00e9s az \u00e9rdekl\u0151d\u0151ket minden m\u00e1sodik h\u00e9ten.<\/li>\n\n\n\n<li><strong>Csendes szents\u00e9gim\u00e1d\u00e1si \u00f3r\u00e1t<\/strong> tartunk a pl\u00e9b\u00e1niatemplomban <span style=\"text-decoration: underline;\">cs\u00fct\u00f6rt\u00f6k\u00f6nk\u00e9nt<\/span> 16:00-t\u00f3l.<\/li>\n\n\n\n<li>A <strong>karit\u00e1sz<\/strong>-tagok<strong> tal\u00e1lkoz\u00f3<\/strong>ja <span style=\"text-decoration: underline;\">cs\u00fct\u00f6rt\u00f6k\u00f6n<\/span> 18.00-kor kezd\u0151dik a pl\u00e9b\u00e1ni\u00e1n.<\/li>\n\n\n\n<li>J\u00f6v\u0151 <span style=\"text-decoration: underline;\">vas\u00e1rnap<\/span> 11 \u00f3rakor kezd\u0151dik az <strong>Orb\u00e1n-k\u00e1poln\u00e1<\/strong>ban a term\u00e9nybetakar\u00edt\u00f3 h\u00e1laad\u00f3 <strong>szentmise<\/strong>. K\u00e9rj\u00fck a kedves h\u00edveket, hogy aki tud, s\u00fctem\u00e9nnyel vagy pog\u00e1cs\u00e1val j\u00e1ruljon hozz\u00e1 az agap\u00e9hoz. (Biz\u00e9n nem lesz szentmise aznap.)<\/li>\n\n\n\n<li>Szeretettel v\u00e1rjuk azok jelentkez\u00e9s\u00e9t (a sekresty\u00e9ben \u00e9s az irod\u00e1ban) akik bekapcsol\u00f3dn\u00e1nak a templomi <strong>felolvas\u00e1s<\/strong>ba vagy a <strong>ministr\u00e1l\u00e1s<\/strong>ba.<\/li>\n\n\n\n<li><span style=\"text-decoration: underline;\">Okt\u00f3berben<\/span> az esti szentmis\u00e9k el\u0151tt k\u00f6z\u00f6sen im\u00e1dkozzuk a <strong>r\u00f3zsaf\u00fcz\u00e9r<\/strong>t. K\u00e9rj\u00fck azon k\u00f6z\u00f6ss\u00e9gek \u00e9s csoportok vezet\u0151it, akik sz\u00edvesen v\u00e1llalj\u00e1k az im\u00e1ds\u00e1g vezet\u00e9s\u00e9t a h\u00e9t valamelyik napj\u00e1n, jelentkezzenek az irod\u00e1ban.<\/li>\n<\/ol>\n\n\n\n<hr class=\"wp-block-separator has-alpha-channel-opacity\"\/>\n\n\n\n<figure class=\"wp-block-image size-large\"><img loading=\"lazy\" decoding=\"async\" width=\"1024\" height=\"723\" src=\"https:\/\/marcali.plebania.hu\/wp-content\/uploads\/2025\/09\/250921-1024x723.png\" alt=\"\" class=\"wp-image-7637\" srcset=\"https:\/\/marcali.plebania.hu\/wp-content\/uploads\/2025\/09\/250921-1024x723.png 1024w, https:\/\/marcali.plebania.hu\/wp-content\/uploads\/2025\/09\/250921-300x212.png 300w, https:\/\/marcali.plebania.hu\/wp-content\/uploads\/2025\/09\/250921-768x542.png 768w, https:\/\/marcali.plebania.hu\/wp-content\/uploads\/2025\/09\/250921-1536x1085.png 1536w, https:\/\/marcali.plebania.hu\/wp-content\/uploads\/2025\/09\/250921-382x270.png 382w, https:\/\/marcali.plebania.hu\/wp-content\/uploads\/2025\/09\/250921.png 1675w\" sizes=\"auto, (max-width: 1024px) 100vw, 1024px\" \/><\/figure>\n\n\n\n<p><\/p>\n","protected":false},"excerpt":{"rendered":"<p>\u00c9vk\u00f6zi 25. vas\u00e1rnapA szentmise olvasm\u00e1nyai<\/p>\n","protected":false},"author":1,"featured_media":0,"comment_status":"closed","ping_status":"open","sticky":false,"template":"","format":"standard","meta":{"footnotes":""},"categories":[1],"tags":[],"class_list":["post-7631","post","type-post","status-publish","format-standard","hentry","category-egyeb"],"_links":{"self":[{"href":"https:\/\/marcali.plebania.hu\/index.php?rest_route=\/wp\/v2\/posts\/7631","targetHints":{"allow":["GET"]}}],"collection":[{"href":"https:\/\/marcali.plebania.hu\/index.php?rest_route=\/wp\/v2\/posts"}],"about":[{"href":"https:\/\/marcali.plebania.hu\/index.php?rest_route=\/wp\/v2\/types\/post"}],"author":[{"embeddable":true,"href":"https:\/\/marcali.plebania.hu\/index.php?rest_route=\/wp\/v2\/users\/1"}],"replies":[{"embeddable":true,"href":"https:\/\/marcali.plebania.hu\/index.php?rest_route=%2Fwp%2Fv2%2Fcomments&post=7631"}],"version-history":[{"count":7,"href":"https:\/\/marcali.plebania.hu\/index.php?rest_route=\/wp\/v2\/posts\/7631\/revisions"}],"predecessor-version":[{"id":7640,"href":"https:\/\/marcali.plebania.hu\/index.php?rest_route=\/wp\/v2\/posts\/7631\/revisions\/7640"}],"wp:attachment":[{"href":"https:\/\/marcali.plebania.hu\/index.php?rest_route=%2Fwp%2Fv2%2Fmedia&parent=7631"}],"wp:term":[{"taxonomy":"category","embeddable":true,"href":"https:\/\/marcali.plebania.hu\/index.php?rest_route=%2Fwp%2Fv2%2Fcategories&post=7631"},{"taxonomy":"post_tag","embeddable":true,"href":"https:\/\/marcali.plebania.hu\/index.php?rest_route=%2Fwp%2Fv2%2Ftags&post=7631"}],"curies":[{"name":"wp","href":"https:\/\/api.w.org\/{rel}","templated":true}]}}