{"id":7645,"date":"2025-09-23T07:16:30","date_gmt":"2025-09-23T07:16:30","guid":{"rendered":"https:\/\/marcali.plebania.hu\/?p=7645"},"modified":"2025-09-23T07:16:30","modified_gmt":"2025-09-23T07:16:30","slug":"30-eves-a-kesz-marcali-csoportja","status":"publish","type":"post","link":"https:\/\/marcali.plebania.hu\/?p=7645","title":{"rendered":"30 \u00e9ves a K\u00c9SZ Marcali Csoportja"},"content":{"rendered":"\n<p>2025. szeptember 11-\u00e9n, cs\u00fct\u00f6rt\u00f6k\u00f6n 17.30-kor \u00fcnnepi szentmis\u00e9vel vette kezdet\u00e9t a Kereszt\u00e9ny \u00c9rtelmis\u00e9giek Sz\u00f6vets\u00e9ge (K\u00c9SZ) Marcali Csoportja 30 \u00e9ves jubileuma. Az istentiszteletet Tomanek Ferenc \u00c1ron pl\u00e9b\u00e1nos, Galambos Ferenc helyettes pl\u00e9b\u00e1nos \u00e9s Makl\u00e1ry \u00c1kos a K\u00c9SZ eln\u00f6ke, g\u00f6r\u00f6g katolikus par\u00f3kus celebr\u00e1lta a Gy\u00fcm\u00f6lcsolt\u00f3 Boldogasszony Pl\u00e9b\u00e1niatemplomban a helyi csoport \u00e9l\u0151 \u00e9s elhunyt tagjai\u00e9rt, melyen zenei szolg\u00e1lattal a F\u00e9ny Gyermekei Katolikus Zenekar m\u0171k\u00f6d\u00f6tt k\u00f6zre.<\/p>\n\n\n\n<figure class=\"wp-block-gallery has-nested-images columns-default is-cropped wp-block-gallery-1 is-layout-flex wp-block-gallery-is-layout-flex\">\n<figure class=\"wp-block-image size-large\"><img loading=\"lazy\" decoding=\"async\" width=\"1024\" height=\"683\" data-id=\"7650\" src=\"https:\/\/marcali.plebania.hu\/wp-content\/uploads\/2025\/09\/09-1024x683.jpg\" alt=\"\" class=\"wp-image-7650\" srcset=\"https:\/\/marcali.plebania.hu\/wp-content\/uploads\/2025\/09\/09-1024x683.jpg 1024w, https:\/\/marcali.plebania.hu\/wp-content\/uploads\/2025\/09\/09-300x200.jpg 300w, https:\/\/marcali.plebania.hu\/wp-content\/uploads\/2025\/09\/09-768x512.jpg 768w, https:\/\/marcali.plebania.hu\/wp-content\/uploads\/2025\/09\/09-1536x1024.jpg 1536w, https:\/\/marcali.plebania.hu\/wp-content\/uploads\/2025\/09\/09-2048x1365.jpg 2048w, https:\/\/marcali.plebania.hu\/wp-content\/uploads\/2025\/09\/09-405x270.jpg 405w\" sizes=\"auto, (max-width: 1024px) 100vw, 1024px\" \/><\/figure>\n\n\n\n<figure class=\"wp-block-image size-large\"><img loading=\"lazy\" decoding=\"async\" width=\"1024\" height=\"683\" data-id=\"7646\" src=\"https:\/\/marcali.plebania.hu\/wp-content\/uploads\/2025\/09\/01-1-1024x683.jpg\" alt=\"\" class=\"wp-image-7646\" srcset=\"https:\/\/marcali.plebania.hu\/wp-content\/uploads\/2025\/09\/01-1-1024x683.jpg 1024w, https:\/\/marcali.plebania.hu\/wp-content\/uploads\/2025\/09\/01-1-300x200.jpg 300w, https:\/\/marcali.plebania.hu\/wp-content\/uploads\/2025\/09\/01-1-768x512.jpg 768w, https:\/\/marcali.plebania.hu\/wp-content\/uploads\/2025\/09\/01-1-1536x1024.jpg 1536w, https:\/\/marcali.plebania.hu\/wp-content\/uploads\/2025\/09\/01-1-2048x1365.jpg 2048w, https:\/\/marcali.plebania.hu\/wp-content\/uploads\/2025\/09\/01-1-405x270.jpg 405w\" sizes=\"auto, (max-width: 1024px) 100vw, 1024px\" \/><\/figure>\n\n\n\n<figure class=\"wp-block-image size-large\"><img loading=\"lazy\" decoding=\"async\" width=\"1024\" height=\"683\" data-id=\"7647\" src=\"https:\/\/marcali.plebania.hu\/wp-content\/uploads\/2025\/09\/04-1024x683.jpg\" alt=\"\" class=\"wp-image-7647\" srcset=\"https:\/\/marcali.plebania.hu\/wp-content\/uploads\/2025\/09\/04-1024x683.jpg 1024w, https:\/\/marcali.plebania.hu\/wp-content\/uploads\/2025\/09\/04-300x200.jpg 300w, https:\/\/marcali.plebania.hu\/wp-content\/uploads\/2025\/09\/04-768x512.jpg 768w, https:\/\/marcali.plebania.hu\/wp-content\/uploads\/2025\/09\/04-1536x1024.jpg 1536w, https:\/\/marcali.plebania.hu\/wp-content\/uploads\/2025\/09\/04-2048x1365.jpg 2048w, https:\/\/marcali.plebania.hu\/wp-content\/uploads\/2025\/09\/04-405x270.jpg 405w\" sizes=\"auto, (max-width: 1024px) 100vw, 1024px\" \/><\/figure>\n\n\n\n<figure class=\"wp-block-image size-large\"><img loading=\"lazy\" decoding=\"async\" width=\"1024\" height=\"683\" data-id=\"7652\" src=\"https:\/\/marcali.plebania.hu\/wp-content\/uploads\/2025\/09\/14-1024x683.jpg\" alt=\"\" class=\"wp-image-7652\" srcset=\"https:\/\/marcali.plebania.hu\/wp-content\/uploads\/2025\/09\/14-1024x683.jpg 1024w, https:\/\/marcali.plebania.hu\/wp-content\/uploads\/2025\/09\/14-300x200.jpg 300w, https:\/\/marcali.plebania.hu\/wp-content\/uploads\/2025\/09\/14-768x512.jpg 768w, https:\/\/marcali.plebania.hu\/wp-content\/uploads\/2025\/09\/14-1536x1024.jpg 1536w, https:\/\/marcali.plebania.hu\/wp-content\/uploads\/2025\/09\/14-2048x1365.jpg 2048w, https:\/\/marcali.plebania.hu\/wp-content\/uploads\/2025\/09\/14-405x270.jpg 405w\" sizes=\"auto, (max-width: 1024px) 100vw, 1024px\" \/><\/figure>\n<\/figure>\n\n\n\n<p>Ezut\u00e1n az egyh\u00e1zk\u00f6zs\u00e9g k\u00f6z\u00f6ss\u00e9gi h\u00e1z\u00e1ban (X-h\u00e1z) folytat\u00f3dott a program, ahol Kiss K\u00e1lm\u00e1n, a K\u00c9SZ helyi eln\u00f6ke k\u00f6sz\u00f6nt\u00f6tte a r\u00e9sztvev\u0151ket, majd pedig Molik Edit, a rendezv\u00e9nysorozat \u00f6tletgazd\u00e1ja m\u00e9ltatta az el\u0151ad\u00f3 vend\u00e9get. Majd Makl\u00e1ry \u00c1kos orsz\u00e1gos K\u00c9SZ eln\u00f6k tartott tan\u00fas\u00e1gtev\u0151 el\u0151ad\u00e1st: Mi\u00e9rt hiszek? c\u00edmmel a megjelenteknek. Kihangs\u00falyozta, hogy az Istenbe vetett hit egy szem\u00e9lyes kapcsolat. Sokan pr\u00f3b\u00e1lj\u00e1k szembe\u00e1ll\u00edtani a hitet \u00e9s a tudom\u00e1nyt, pedig a tudom\u00e1nyt az istenh\u00edv\u0151 emberek vitt\u00e9k el\u0151re. Az emberek manaps\u00e1g kev\u00e9sb\u00e9 tal\u00e1lkoznak a teremtet vil\u00e1ggal, mivel nagyv\u00e1rosokban \u00e9lnek, ahol minden az emberek alkot\u00e1sa. Ez\u00e1ltal nem nagyon tal\u00e1lkoznak Istennel. Sajnos sok a hitp\u00f3tl\u00e9k is manaps\u00e1g. A helyzetre vonatkoz\u00f3lag Kert\u00e9sz Imre n\u00f3bel-d\u00edjas \u00edr\u00f3 egyik mond\u00e1s\u00e1t id\u00e9zte, amely szerint \u201etranszcendens \u00e1rv\u00e1knak nevezte a nyugaton \u00e9l\u0151 embereket\u201d, b\u00e1r ez az \u201eir\u00e1nyzat\u201d sajnos kelet fel\u00e9 is terjed\u0151ben van. V\u00e9g\u00fcl \u00fagy \u00f6sszegezte mondand\u00f3j\u00e1t, hogy: \u201ea megbocs\u00e1t\u00e1st \u00e9s a h\u00e1l\u00e1s \u00e9letet kell kimunk\u00e1lni magunkban. A test \u00e9s a l\u00e9lek k\u00e9z a k\u00e9zben j\u00e1r, a h\u00e1la felemel Istenhez.\u201d<\/p>\n\n\n\n<figure class=\"wp-block-gallery has-nested-images columns-default is-cropped wp-block-gallery-2 is-layout-flex wp-block-gallery-is-layout-flex\">\n<figure class=\"wp-block-image size-large\"><img loading=\"lazy\" decoding=\"async\" width=\"1024\" height=\"683\" data-id=\"7653\" src=\"https:\/\/marcali.plebania.hu\/wp-content\/uploads\/2025\/09\/20-1-1024x683.jpg\" alt=\"\" class=\"wp-image-7653\" srcset=\"https:\/\/marcali.plebania.hu\/wp-content\/uploads\/2025\/09\/20-1-1024x683.jpg 1024w, https:\/\/marcali.plebania.hu\/wp-content\/uploads\/2025\/09\/20-1-300x200.jpg 300w, https:\/\/marcali.plebania.hu\/wp-content\/uploads\/2025\/09\/20-1-768x512.jpg 768w, https:\/\/marcali.plebania.hu\/wp-content\/uploads\/2025\/09\/20-1-1536x1024.jpg 1536w, https:\/\/marcali.plebania.hu\/wp-content\/uploads\/2025\/09\/20-1-2048x1365.jpg 2048w, https:\/\/marcali.plebania.hu\/wp-content\/uploads\/2025\/09\/20-1-405x270.jpg 405w\" sizes=\"auto, (max-width: 1024px) 100vw, 1024px\" \/><\/figure>\n\n\n\n<figure class=\"wp-block-image size-large\"><img loading=\"lazy\" decoding=\"async\" width=\"1024\" height=\"683\" data-id=\"7657\" src=\"https:\/\/marcali.plebania.hu\/wp-content\/uploads\/2025\/09\/25-1024x683.jpg\" alt=\"\" class=\"wp-image-7657\" srcset=\"https:\/\/marcali.plebania.hu\/wp-content\/uploads\/2025\/09\/25-1024x683.jpg 1024w, https:\/\/marcali.plebania.hu\/wp-content\/uploads\/2025\/09\/25-300x200.jpg 300w, https:\/\/marcali.plebania.hu\/wp-content\/uploads\/2025\/09\/25-768x512.jpg 768w, https:\/\/marcali.plebania.hu\/wp-content\/uploads\/2025\/09\/25-1536x1024.jpg 1536w, https:\/\/marcali.plebania.hu\/wp-content\/uploads\/2025\/09\/25-2048x1365.jpg 2048w, https:\/\/marcali.plebania.hu\/wp-content\/uploads\/2025\/09\/25-405x270.jpg 405w\" sizes=\"auto, (max-width: 1024px) 100vw, 1024px\" \/><\/figure>\n\n\n\n<figure class=\"wp-block-image size-large\"><img loading=\"lazy\" decoding=\"async\" width=\"1024\" height=\"683\" data-id=\"7658\" src=\"https:\/\/marcali.plebania.hu\/wp-content\/uploads\/2025\/09\/27-1024x683.jpg\" alt=\"\" class=\"wp-image-7658\" srcset=\"https:\/\/marcali.plebania.hu\/wp-content\/uploads\/2025\/09\/27-1024x683.jpg 1024w, https:\/\/marcali.plebania.hu\/wp-content\/uploads\/2025\/09\/27-300x200.jpg 300w, https:\/\/marcali.plebania.hu\/wp-content\/uploads\/2025\/09\/27-768x512.jpg 768w, https:\/\/marcali.plebania.hu\/wp-content\/uploads\/2025\/09\/27-1536x1024.jpg 1536w, https:\/\/marcali.plebania.hu\/wp-content\/uploads\/2025\/09\/27-2048x1365.jpg 2048w, https:\/\/marcali.plebania.hu\/wp-content\/uploads\/2025\/09\/27-405x270.jpg 405w\" sizes=\"auto, (max-width: 1024px) 100vw, 1024px\" \/><\/figure>\n\n\n\n<figure class=\"wp-block-image size-large\"><img loading=\"lazy\" decoding=\"async\" width=\"1024\" height=\"683\" data-id=\"7659\" src=\"https:\/\/marcali.plebania.hu\/wp-content\/uploads\/2025\/09\/36-1024x683.jpg\" alt=\"\" class=\"wp-image-7659\" srcset=\"https:\/\/marcali.plebania.hu\/wp-content\/uploads\/2025\/09\/36-1024x683.jpg 1024w, https:\/\/marcali.plebania.hu\/wp-content\/uploads\/2025\/09\/36-300x200.jpg 300w, https:\/\/marcali.plebania.hu\/wp-content\/uploads\/2025\/09\/36-768x512.jpg 768w, https:\/\/marcali.plebania.hu\/wp-content\/uploads\/2025\/09\/36-1536x1024.jpg 1536w, https:\/\/marcali.plebania.hu\/wp-content\/uploads\/2025\/09\/36-2048x1365.jpg 2048w, https:\/\/marcali.plebania.hu\/wp-content\/uploads\/2025\/09\/36-405x270.jpg 405w\" sizes=\"auto, (max-width: 1024px) 100vw, 1024px\" \/><\/figure>\n<\/figure>\n\n\n\n<p>Az el\u0151ad\u00e1s ut\u00e1n a helyi eln\u00f6k r\u00f6viden elmondta, hogy a Marcali Csoport l\u00e9trehoz\u00e1s\u00e1t Pozsonyi Gy\u00f6rgy \u00e9s dr. Laczkovics Anna kezdem\u00e9nyezt\u00e9k. Majd Kiss Iv\u00e1n akkori pl\u00e9b\u00e1nos t\u00e1mogat\u00e1s\u00e1val 1995. j\u00falius 3-\u00e1n 40 f\u0151vel m\u00e1r alakult meg a helyi k\u00f6z\u00f6ss\u00e9g. Az\u00f3ta sz\u00e1mos programot, rendezv\u00e9nyt \u00e9s zar\u00e1ndoklatot szerveztek. K\u00c9SZ helyi csoportj\u00e1t el\u0151sz\u00f6r dr. M\u00e1t\u00e9 Andr\u00e1s orvos, majd pedig 1997-2020 k\u00f6z\u00f6tt dr. Laczkovics Anna \u00fcgyv\u00e9dn\u0151 vezette. Az egyes\u00fclet jelenleg 56 f\u0151t sz\u00e1ml\u00e1l. Az alap\u00edt\u00f3k k\u00f6z\u00fcl ma m\u00e1r mind\u00f6ssze csak ketten vannak olyanok: S\u00e1voly Andrea \u00e9s Tombor Erzs\u00e9bet szem\u00e9ly\u00e9ben, akik 1993 \u00f3ta megszak\u00edt\u00e1s n\u00e9lk\u00fcl \u00e1lland\u00f3 tagok. Nekik Makl\u00e1ry \u00c1kos eln\u00f6k egy kis aj\u00e1nd\u00e9kot ny\u00fajtott \u00e1t megk\u00f6sz\u00f6nve 30 \u00e9ves h\u0171s\u00e9g\u00fcket.<\/p>\n\n\n\n<figure class=\"wp-block-gallery has-nested-images columns-default is-cropped wp-block-gallery-3 is-layout-flex wp-block-gallery-is-layout-flex\">\n<figure class=\"wp-block-image size-large\"><img loading=\"lazy\" decoding=\"async\" width=\"1024\" height=\"683\" data-id=\"7661\" src=\"https:\/\/marcali.plebania.hu\/wp-content\/uploads\/2025\/09\/45-1024x683.jpg\" alt=\"\" class=\"wp-image-7661\" srcset=\"https:\/\/marcali.plebania.hu\/wp-content\/uploads\/2025\/09\/45-1024x683.jpg 1024w, https:\/\/marcali.plebania.hu\/wp-content\/uploads\/2025\/09\/45-300x200.jpg 300w, https:\/\/marcali.plebania.hu\/wp-content\/uploads\/2025\/09\/45-768x512.jpg 768w, https:\/\/marcali.plebania.hu\/wp-content\/uploads\/2025\/09\/45-1536x1024.jpg 1536w, https:\/\/marcali.plebania.hu\/wp-content\/uploads\/2025\/09\/45-2048x1365.jpg 2048w, https:\/\/marcali.plebania.hu\/wp-content\/uploads\/2025\/09\/45-405x270.jpg 405w\" sizes=\"auto, (max-width: 1024px) 100vw, 1024px\" \/><\/figure>\n\n\n\n<figure class=\"wp-block-image size-large\"><img loading=\"lazy\" decoding=\"async\" width=\"1024\" height=\"683\" data-id=\"7662\" src=\"https:\/\/marcali.plebania.hu\/wp-content\/uploads\/2025\/09\/46-1024x683.jpg\" alt=\"\" class=\"wp-image-7662\" srcset=\"https:\/\/marcali.plebania.hu\/wp-content\/uploads\/2025\/09\/46-1024x683.jpg 1024w, https:\/\/marcali.plebania.hu\/wp-content\/uploads\/2025\/09\/46-300x200.jpg 300w, https:\/\/marcali.plebania.hu\/wp-content\/uploads\/2025\/09\/46-768x512.jpg 768w, https:\/\/marcali.plebania.hu\/wp-content\/uploads\/2025\/09\/46-1536x1024.jpg 1536w, https:\/\/marcali.plebania.hu\/wp-content\/uploads\/2025\/09\/46-2048x1365.jpg 2048w, https:\/\/marcali.plebania.hu\/wp-content\/uploads\/2025\/09\/46-405x270.jpg 405w\" sizes=\"auto, (max-width: 1024px) 100vw, 1024px\" \/><\/figure>\n\n\n\n<figure class=\"wp-block-image size-large\"><img loading=\"lazy\" decoding=\"async\" width=\"1024\" height=\"683\" data-id=\"7660\" src=\"https:\/\/marcali.plebania.hu\/wp-content\/uploads\/2025\/09\/47-1024x683.jpg\" alt=\"\" class=\"wp-image-7660\" srcset=\"https:\/\/marcali.plebania.hu\/wp-content\/uploads\/2025\/09\/47-1024x683.jpg 1024w, https:\/\/marcali.plebania.hu\/wp-content\/uploads\/2025\/09\/47-300x200.jpg 300w, https:\/\/marcali.plebania.hu\/wp-content\/uploads\/2025\/09\/47-768x512.jpg 768w, https:\/\/marcali.plebania.hu\/wp-content\/uploads\/2025\/09\/47-1536x1024.jpg 1536w, https:\/\/marcali.plebania.hu\/wp-content\/uploads\/2025\/09\/47-2048x1365.jpg 2048w, https:\/\/marcali.plebania.hu\/wp-content\/uploads\/2025\/09\/47-405x270.jpg 405w\" sizes=\"auto, (max-width: 1024px) 100vw, 1024px\" \/><\/figure>\n\n\n\n<figure class=\"wp-block-image size-large\"><img loading=\"lazy\" decoding=\"async\" width=\"1024\" height=\"683\" data-id=\"7664\" src=\"https:\/\/marcali.plebania.hu\/wp-content\/uploads\/2025\/09\/52-1024x683.jpg\" alt=\"\" class=\"wp-image-7664\" srcset=\"https:\/\/marcali.plebania.hu\/wp-content\/uploads\/2025\/09\/52-1024x683.jpg 1024w, https:\/\/marcali.plebania.hu\/wp-content\/uploads\/2025\/09\/52-300x200.jpg 300w, https:\/\/marcali.plebania.hu\/wp-content\/uploads\/2025\/09\/52-768x512.jpg 768w, https:\/\/marcali.plebania.hu\/wp-content\/uploads\/2025\/09\/52-1536x1024.jpg 1536w, https:\/\/marcali.plebania.hu\/wp-content\/uploads\/2025\/09\/52-2048x1365.jpg 2048w, https:\/\/marcali.plebania.hu\/wp-content\/uploads\/2025\/09\/52-405x270.jpg 405w\" sizes=\"auto, (max-width: 1024px) 100vw, 1024px\" \/><\/figure>\n<\/figure>\n\n\n\n<p>V\u00e9g\u00fcl az \u00c1roni \u00e1ld\u00e1s \u00e9s a Himnusz el\u00e9nekl\u00e9se ut\u00e1n, az orsz\u00e1gos- \u00e9s a helyi eln\u00f6k felszeletelt\u00e9k az \u00fcnnepi tort\u00e1t, melyet mindenki megk\u00f3stolhatott. A seg\u00edt\u0151k \u00e9s szervez\u0151k k\u00f6zrem\u0171k\u00f6d\u00e9s\u00e9vel pedig k\u00fcl\u00f6nf\u00e9le s\u00fctem\u00e9nyekkel, pog\u00e1cs\u00e1val \u00e9s friss\u00edt\u0151kkel k\u00edn\u00e1lt\u00e1k a jelenl\u00e9v\u0151 vend\u00e9geket.<\/p>\n\n\n\n<p>A mostani alkalomra egy fot\u00f3ki\u00e1ll\u00edt\u00e1st is berendeztek \u2013 az X-h\u00e1z nagyterm\u00e9ben \u2013 az elm\u00falt \u00e9vek f\u0151bb esem\u00e9nyeir\u0151l, felid\u00e9zve a sz\u00e9p eml\u00e9keket. Ezen k\u00edv\u00fcl mindenki kapott m\u00e9g egy eml\u00e9klapot is a jubileum alkalm\u00e1b\u00f3l.<\/p>\n\n\n\n<p>A rendezv\u00e9nyt megtisztelte jelenl\u00e9t\u00e9vel Debreczeni Katalin, a keszthelyi K\u00c9SZ csoport eln\u00f6ke; illet\u0151leg F\u00e1bi\u00e1n Zolt\u00e1n a nagyat\u00e1di K\u00c9SZ csoport eln\u00f6ke; valamint Huszti G\u00e1bor, a Somogy V\u00e1rmegyei K\u00f6zgy\u0171l\u00e9s P\u00e9nz\u00fcgyi \u00e9s Jogi Bizotts\u00e1g\u00e1nak eln\u00f6ke; Cs\u00e1ki Alp\u00e1r, Miszi Zsuzsanna, \u00e9s Moln\u00e1r \u00c1gnes Anna helyi \u00f6nkorm\u00e1nyzati k\u00e9pvisel\u0151k; Szaka Zsolt, a Marcali \u00e9s K\u00f6rny\u00e9ke Hagyom\u00e1ny\u0151rz\u0151 Ipartest\u00fclet eln\u00f6ke; tov\u00e1bb\u00e1 az egyh\u00e1zk\u00f6zs\u00e9g k\u00f6z\u00f6ss\u00e9geinek; illetve a Marcali civil szervezetek eln\u00f6kei \u00e9s k\u00fcld\u00f6ttei is.<\/p>\n\n\n\n<figure class=\"wp-block-gallery has-nested-images columns-default is-cropped wp-block-gallery-4 is-layout-flex wp-block-gallery-is-layout-flex\">\n<figure class=\"wp-block-image size-large\"><img loading=\"lazy\" decoding=\"async\" width=\"1024\" height=\"683\" data-id=\"7667\" src=\"https:\/\/marcali.plebania.hu\/wp-content\/uploads\/2025\/09\/63-1024x683.jpg\" alt=\"\" class=\"wp-image-7667\" srcset=\"https:\/\/marcali.plebania.hu\/wp-content\/uploads\/2025\/09\/63-1024x683.jpg 1024w, https:\/\/marcali.plebania.hu\/wp-content\/uploads\/2025\/09\/63-300x200.jpg 300w, https:\/\/marcali.plebania.hu\/wp-content\/uploads\/2025\/09\/63-768x512.jpg 768w, https:\/\/marcali.plebania.hu\/wp-content\/uploads\/2025\/09\/63-1536x1024.jpg 1536w, https:\/\/marcali.plebania.hu\/wp-content\/uploads\/2025\/09\/63-2048x1365.jpg 2048w, https:\/\/marcali.plebania.hu\/wp-content\/uploads\/2025\/09\/63-405x270.jpg 405w\" sizes=\"auto, (max-width: 1024px) 100vw, 1024px\" \/><\/figure>\n\n\n\n<figure class=\"wp-block-image size-large\"><img loading=\"lazy\" decoding=\"async\" width=\"1024\" height=\"683\" data-id=\"7666\" src=\"https:\/\/marcali.plebania.hu\/wp-content\/uploads\/2025\/09\/64-1024x683.jpg\" alt=\"\" class=\"wp-image-7666\" srcset=\"https:\/\/marcali.plebania.hu\/wp-content\/uploads\/2025\/09\/64-1024x683.jpg 1024w, https:\/\/marcali.plebania.hu\/wp-content\/uploads\/2025\/09\/64-300x200.jpg 300w, https:\/\/marcali.plebania.hu\/wp-content\/uploads\/2025\/09\/64-768x512.jpg 768w, https:\/\/marcali.plebania.hu\/wp-content\/uploads\/2025\/09\/64-1536x1024.jpg 1536w, https:\/\/marcali.plebania.hu\/wp-content\/uploads\/2025\/09\/64-2048x1365.jpg 2048w, https:\/\/marcali.plebania.hu\/wp-content\/uploads\/2025\/09\/64-405x270.jpg 405w\" sizes=\"auto, (max-width: 1024px) 100vw, 1024px\" \/><\/figure>\n\n\n\n<figure class=\"wp-block-image size-large\"><img loading=\"lazy\" decoding=\"async\" width=\"1024\" height=\"683\" data-id=\"7668\" src=\"https:\/\/marcali.plebania.hu\/wp-content\/uploads\/2025\/09\/65-1024x683.jpg\" alt=\"\" class=\"wp-image-7668\" srcset=\"https:\/\/marcali.plebania.hu\/wp-content\/uploads\/2025\/09\/65-1024x683.jpg 1024w, https:\/\/marcali.plebania.hu\/wp-content\/uploads\/2025\/09\/65-300x200.jpg 300w, https:\/\/marcali.plebania.hu\/wp-content\/uploads\/2025\/09\/65-768x512.jpg 768w, https:\/\/marcali.plebania.hu\/wp-content\/uploads\/2025\/09\/65-1536x1024.jpg 1536w, https:\/\/marcali.plebania.hu\/wp-content\/uploads\/2025\/09\/65-2048x1365.jpg 2048w, https:\/\/marcali.plebania.hu\/wp-content\/uploads\/2025\/09\/65-405x270.jpg 405w\" sizes=\"auto, (max-width: 1024px) 100vw, 1024px\" \/><\/figure>\n\n\n\n<figure class=\"wp-block-image size-large\"><img loading=\"lazy\" decoding=\"async\" width=\"1024\" height=\"683\" data-id=\"7665\" src=\"https:\/\/marcali.plebania.hu\/wp-content\/uploads\/2025\/09\/66-1024x683.jpg\" alt=\"\" class=\"wp-image-7665\" srcset=\"https:\/\/marcali.plebania.hu\/wp-content\/uploads\/2025\/09\/66-1024x683.jpg 1024w, https:\/\/marcali.plebania.hu\/wp-content\/uploads\/2025\/09\/66-300x200.jpg 300w, https:\/\/marcali.plebania.hu\/wp-content\/uploads\/2025\/09\/66-768x512.jpg 768w, https:\/\/marcali.plebania.hu\/wp-content\/uploads\/2025\/09\/66-1536x1024.jpg 1536w, https:\/\/marcali.plebania.hu\/wp-content\/uploads\/2025\/09\/66-2048x1365.jpg 2048w, https:\/\/marcali.plebania.hu\/wp-content\/uploads\/2025\/09\/66-405x270.jpg 405w\" sizes=\"auto, (max-width: 1024px) 100vw, 1024px\" \/><\/figure>\n<\/figure>\n\n\n\n<p>A j\u00f3l siker\u00fclt este egy vid\u00e1m hangulat\u00fa besz\u00e9lget\u00e9ssel z\u00e1rult. K\u00f6sz\u00f6net mindenkinek, aki valamivel is hozz\u00e1j\u00e1rult a jubileumi rendezv\u00e9ny sikeres lebonyol\u00edt\u00e1s\u00e1hoz!<\/p>\n\n\n\n<p>A \u201eMi\u00e9rt hiszek?\u201d c\u00edm\u0171 el\u0151ad\u00e1s-sorozat k\u00f6vetkez\u0151 alkalma okt\u00f3ber 16-\u00e1n folytat\u00f3dik majd S\u00e1gv\u00e1ri R\u00f3berttel, a marcali F\u00e9ny Gyermekei Katolikus Zenekar alap\u00edt\u00f3j\u00e1val.<\/p>\n\n\n\n<p><\/p>\n\n\n\n<p>\u00cdrta: K\u00c9SZ Marcali Csoport\/Kiss K\u00e1lm\u00e1n<\/p>\n\n\n\n<p>Fot\u00f3k: Szaka Zsolt \u00e9s Kiss K\u00e1lm\u00e1n<\/p>\n","protected":false},"excerpt":{"rendered":"<p>2025. szeptember 11-\u00e9n, cs\u00fct\u00f6rt\u00f6k\u00f6n 17.30-kor \u00fcnnepi szentmis\u00e9vel vette kezdet\u00e9t a Kereszt\u00e9ny \u00c9rtelmis\u00e9giek Sz\u00f6vets\u00e9ge (K\u00c9SZ) Marcali Csoportja 30 \u00e9ves jubileuma. Az istentiszteletet Tomanek Ferenc \u00c1ron pl\u00e9b\u00e1nos, Galambos Ferenc helyettes pl\u00e9b\u00e1nos \u00e9s Makl\u00e1ry \u00c1kos a K\u00c9SZ eln\u00f6ke, g\u00f6r\u00f6g katolikus par\u00f3kus celebr\u00e1lta a Gy\u00fcm\u00f6lcsolt\u00f3 Boldogasszony Pl\u00e9b\u00e1niatemplomban a helyi csoport \u00e9l\u0151 \u00e9s elhunyt tagjai\u00e9rt, melyen zenei szolg\u00e1lattal a F\u00e9ny Gyermekei Katolikus Zenekar m\u0171k\u00f6d\u00f6tt k\u00f6zre. Ezut\u00e1n az egyh\u00e1zk\u00f6zs\u00e9g k\u00f6z\u00f6ss\u00e9gi h\u00e1z\u00e1ban (X-h\u00e1z) folytat\u00f3dott a program, ahol Kiss K\u00e1lm\u00e1n, a K\u00c9SZ helyi eln\u00f6ke k\u00f6sz\u00f6nt\u00f6tte a r\u00e9sztvev\u0151ket, majd&#8230;<\/p>\n<p class=\"read-more\"><a class=\"btn btn-default\" href=\"https:\/\/marcali.plebania.hu\/?p=7645\"> Read More<span class=\"screen-reader-text\">  Read More<\/span><\/a><\/p>\n","protected":false},"author":2,"featured_media":0,"comment_status":"closed","ping_status":"open","sticky":false,"template":"","format":"standard","meta":{"footnotes":""},"categories":[1],"tags":[],"class_list":["post-7645","post","type-post","status-publish","format-standard","hentry","category-egyeb"],"_links":{"self":[{"href":"https:\/\/marcali.plebania.hu\/index.php?rest_route=\/wp\/v2\/posts\/7645","targetHints":{"allow":["GET"]}}],"collection":[{"href":"https:\/\/marcali.plebania.hu\/index.php?rest_route=\/wp\/v2\/posts"}],"about":[{"href":"https:\/\/marcali.plebania.hu\/index.php?rest_route=\/wp\/v2\/types\/post"}],"author":[{"embeddable":true,"href":"https:\/\/marcali.plebania.hu\/index.php?rest_route=\/wp\/v2\/users\/2"}],"replies":[{"embeddable":true,"href":"https:\/\/marcali.plebania.hu\/index.php?rest_route=%2Fwp%2Fv2%2Fcomments&post=7645"}],"version-history":[{"count":1,"href":"https:\/\/marcali.plebania.hu\/index.php?rest_route=\/wp\/v2\/posts\/7645\/revisions"}],"predecessor-version":[{"id":7669,"href":"https:\/\/marcali.plebania.hu\/index.php?rest_route=\/wp\/v2\/posts\/7645\/revisions\/7669"}],"wp:attachment":[{"href":"https:\/\/marcali.plebania.hu\/index.php?rest_route=%2Fwp%2Fv2%2Fmedia&parent=7645"}],"wp:term":[{"taxonomy":"category","embeddable":true,"href":"https:\/\/marcali.plebania.hu\/index.php?rest_route=%2Fwp%2Fv2%2Fcategories&post=7645"},{"taxonomy":"post_tag","embeddable":true,"href":"https:\/\/marcali.plebania.hu\/index.php?rest_route=%2Fwp%2Fv2%2Ftags&post=7645"}],"curies":[{"name":"wp","href":"https:\/\/api.w.org\/{rel}","templated":true}]}}