{"id":7673,"date":"2025-09-23T14:15:43","date_gmt":"2025-09-23T14:15:43","guid":{"rendered":"https:\/\/marcali.plebania.hu\/?p=7673"},"modified":"2025-09-23T14:15:43","modified_gmt":"2025-09-23T14:15:43","slug":"oromforras-zenekar-kozlemenye","status":"publish","type":"post","link":"https:\/\/marcali.plebania.hu\/?p=7673","title":{"rendered":"\u00d6r\u00f6mforr\u00e1s zenekar k\u00f6zlem\u00e9nye"},"content":{"rendered":"\n<p>Kedves Testv\u00e9rek!<\/p>\n\n\n\n<p>Nagy h\u00e1l\u00e1val a sz\u00edv\u00fcnkben szeretn\u00e9nk megosztani egy fontos fordul\u00f3pontot k\u00f6z\u00f6ss\u00e9g\u00fcnk \u00e9let\u00e9ben.<br>Zenekarunk, a F\u00e9ny Gyermekei, imm\u00e1r 30 \u00e9ve szolg\u00e1lja az Urat zen\u00e9vel \u00e9s dics\u0151\u00edt\u00e9ssel. Sok sz\u00e9p eml\u00e9k, h\u0171s\u00e9ges szolg\u00e1lat \u00e9s k\u00f6z\u00f6s ima kapcsol\u00f3dik ehhez a n\u00e9vhez. H\u00e1l\u00e1sak vagyunk mindazok\u00e9rt, akik az elm\u00falt \u00e9vtizedekben tagjai, t\u00e1mogat\u00f3i \u00e9s hallgat\u00f3i voltak ennek a szolg\u00e1latnak.<\/p>\n\n\n\n<figure class=\"wp-block-image size-large\"><img loading=\"lazy\" decoding=\"async\" width=\"966\" height=\"1024\" src=\"https:\/\/marcali.plebania.hu\/wp-content\/uploads\/2025\/09\/Messenger_creation_B79AC853-A5BB-4FA6-A7CF-2B161592E34F-966x1024.jpeg\" alt=\"\" class=\"wp-image-7671\" srcset=\"https:\/\/marcali.plebania.hu\/wp-content\/uploads\/2025\/09\/Messenger_creation_B79AC853-A5BB-4FA6-A7CF-2B161592E34F-966x1024.jpeg 966w, https:\/\/marcali.plebania.hu\/wp-content\/uploads\/2025\/09\/Messenger_creation_B79AC853-A5BB-4FA6-A7CF-2B161592E34F-283x300.jpeg 283w, https:\/\/marcali.plebania.hu\/wp-content\/uploads\/2025\/09\/Messenger_creation_B79AC853-A5BB-4FA6-A7CF-2B161592E34F-768x814.jpeg 768w, https:\/\/marcali.plebania.hu\/wp-content\/uploads\/2025\/09\/Messenger_creation_B79AC853-A5BB-4FA6-A7CF-2B161592E34F-255x270.jpeg 255w, https:\/\/marcali.plebania.hu\/wp-content\/uploads\/2025\/09\/Messenger_creation_B79AC853-A5BB-4FA6-A7CF-2B161592E34F.jpeg 1080w\" sizes=\"auto, (max-width: 966px) 100vw, 966px\" \/><\/figure>\n\n\n\n<p>Most \u00faj tagokkal \u00e9s meg\u00fajult hangz\u00e1ssal szeretn\u00e9nk folytatni az utat. Lend\u00fclet\u00fcnket, lelkesed\u00e9s\u00fcnket \u00e9s a k\u00f6z\u00f6ss\u00e9gben \u00e1t\u00e9lt \u00f6r\u00f6m\u00f6t kifejezve ezent\u00fal \u00d6r\u00f6mforr\u00e1s n\u00e9ven folytatjuk a zenei szolg\u00e1latot.<\/p>\n\n\n\n<p>Szeptember 20-t\u00f3l kezd\u0151d\u0151en egyik h\u00e9ten a szombati 17:30 \u00f3r\u00e1s, m\u00e1sik h\u00e9ten pedig a vas\u00e1rnapi 9 \u00f3r\u00e1s szentmis\u00e9ken fogjuk a zenei szolg\u00e1latot v\u00e9gezni. (Ez a pl\u00e9b\u00e1niai hirdet\u00e9sben is k\u00f6vethet\u0151 h\u00e9tr\u0151l h\u00e9tre.)<\/p>\n\n\n\n<p>Sz\u00e1munkra nagy megtiszteltet\u00e9s \u00e9s felel\u0151ss\u00e9g, hogy a liturgi\u00e1kon szolg\u00e1lhatunk, \u00e9s<br>zen\u00e9nkkel hozz\u00e1j\u00e1rulhatunk a k\u00f6z\u00f6ss\u00e9g im\u00e1ds\u00e1g\u00e1hoz. Isten dics\u0151s\u00e9ge \u00e9s a h\u00edvek lelki<br>\u00e9p\u00fcl\u00e9se a legf\u0151bb c\u00e9lunk. Nyitottak vagyunk a p\u00e1rbesz\u00e9dre, az \u00e9p\u00edt\u0151 jelleg\u0171 visszajelz\u00e9sekre, k\u00e9r\u00e9sekre.<\/p>\n\n\n\n<p>K\u00e9rj\u00fck a h\u00edveket, k\u00eds\u00e9rjenek minket im\u00e1val, szeretettel \u00e9s b\u00e1tor\u00edt\u00e1ssal!<\/p>\n\n\n\n<p>Testv\u00e9ri szeretettel: \u00d6r\u00f6mforr\u00e1s zenekar<\/p>\n","protected":false},"excerpt":{"rendered":"<p>Kedves Testv\u00e9rek! Nagy h\u00e1l\u00e1val a sz\u00edv\u00fcnkben szeretn\u00e9nk megosztani egy fontos fordul\u00f3pontot k\u00f6z\u00f6ss\u00e9g\u00fcnk \u00e9let\u00e9ben.Zenekarunk, a F\u00e9ny Gyermekei, imm\u00e1r 30 \u00e9ve szolg\u00e1lja az Urat zen\u00e9vel \u00e9s dics\u0151\u00edt\u00e9ssel. Sok sz\u00e9p eml\u00e9k, h\u0171s\u00e9ges szolg\u00e1lat \u00e9s k\u00f6z\u00f6s ima kapcsol\u00f3dik ehhez a n\u00e9vhez. H\u00e1l\u00e1sak vagyunk mindazok\u00e9rt, akik az elm\u00falt \u00e9vtizedekben tagjai, t\u00e1mogat\u00f3i \u00e9s hallgat\u00f3i voltak ennek a szolg\u00e1latnak. Most \u00faj tagokkal \u00e9s meg\u00fajult hangz\u00e1ssal szeretn\u00e9nk folytatni az utat. Lend\u00fclet\u00fcnket, lelkesed\u00e9s\u00fcnket \u00e9s a k\u00f6z\u00f6ss\u00e9gben \u00e1t\u00e9lt \u00f6r\u00f6m\u00f6t kifejezve ezent\u00fal \u00d6r\u00f6mforr\u00e1s n\u00e9ven folytatjuk a zenei szolg\u00e1latot. Szeptember 20-t\u00f3l kezd\u0151d\u0151en&#8230;<\/p>\n<p class=\"read-more\"><a class=\"btn btn-default\" href=\"https:\/\/marcali.plebania.hu\/?p=7673\"> Read More<span class=\"screen-reader-text\">  Read More<\/span><\/a><\/p>\n","protected":false},"author":2,"featured_media":0,"comment_status":"closed","ping_status":"open","sticky":false,"template":"","format":"standard","meta":{"footnotes":""},"categories":[1],"tags":[],"class_list":["post-7673","post","type-post","status-publish","format-standard","hentry","category-egyeb"],"_links":{"self":[{"href":"https:\/\/marcali.plebania.hu\/index.php?rest_route=\/wp\/v2\/posts\/7673","targetHints":{"allow":["GET"]}}],"collection":[{"href":"https:\/\/marcali.plebania.hu\/index.php?rest_route=\/wp\/v2\/posts"}],"about":[{"href":"https:\/\/marcali.plebania.hu\/index.php?rest_route=\/wp\/v2\/types\/post"}],"author":[{"embeddable":true,"href":"https:\/\/marcali.plebania.hu\/index.php?rest_route=\/wp\/v2\/users\/2"}],"replies":[{"embeddable":true,"href":"https:\/\/marcali.plebania.hu\/index.php?rest_route=%2Fwp%2Fv2%2Fcomments&post=7673"}],"version-history":[{"count":1,"href":"https:\/\/marcali.plebania.hu\/index.php?rest_route=\/wp\/v2\/posts\/7673\/revisions"}],"predecessor-version":[{"id":7674,"href":"https:\/\/marcali.plebania.hu\/index.php?rest_route=\/wp\/v2\/posts\/7673\/revisions\/7674"}],"wp:attachment":[{"href":"https:\/\/marcali.plebania.hu\/index.php?rest_route=%2Fwp%2Fv2%2Fmedia&parent=7673"}],"wp:term":[{"taxonomy":"category","embeddable":true,"href":"https:\/\/marcali.plebania.hu\/index.php?rest_route=%2Fwp%2Fv2%2Fcategories&post=7673"},{"taxonomy":"post_tag","embeddable":true,"href":"https:\/\/marcali.plebania.hu\/index.php?rest_route=%2Fwp%2Fv2%2Ftags&post=7673"}],"curies":[{"name":"wp","href":"https:\/\/api.w.org\/{rel}","templated":true}]}}