{"id":7700,"date":"2025-09-27T05:54:56","date_gmt":"2025-09-27T05:54:56","guid":{"rendered":"https:\/\/marcali.plebania.hu\/?p=7700"},"modified":"2025-09-27T05:55:31","modified_gmt":"2025-09-27T05:55:31","slug":"hirdetesek-2025-szeptember-28-an","status":"publish","type":"post","link":"https:\/\/marcali.plebania.hu\/?p=7700","title":{"rendered":"Hirdet\u00e9sek 2025. szeptember 28-\u00e1n"},"content":{"rendered":"\n<p><strong>\u00c9vk\u00f6zi 26. vas\u00e1rnap<br><a href=\"https:\/\/igenaptar.katolikus.hu\/nap\/index.php?holnap=2025-09-28\">A szentmise olvasm\u00e1nyai<\/a><\/strong><\/p>\n\n\n\n<ol start=\"1\" class=\"wp-block-list\">\n<li><span style=\"text-decoration: underline;\">Ma<\/span> 11 \u00f3rakor kezd\u0151dik az <strong>Orb\u00e1n-k\u00e1poln\u00e1<\/strong>ban a term\u00e9nybetakar\u00edt\u00f3 h\u00e1laad\u00f3 <strong>szentmise<\/strong>. K\u00e9rj\u00fck a kedves h\u00edveket, aki tud, s\u00fctem\u00e9nnyel vagy pog\u00e1cs\u00e1val j\u00e1ruljon hozz\u00e1 az agap\u00e9hoz. (Biz\u00e9n nem lesz szentmise.)<\/li>\n\n\n\n<li>A <strong>Feln\u0151tt hittan, szents\u00e9gi felk\u00e9sz\u00edt\u0151<\/strong> <span style=\"text-decoration: underline;\">szerd\u00e1n<\/span> 18:00-kor kezd\u0151dik a pl\u00e9b\u00e1ni\u00e1n. Szeretettel v\u00e1rjuk az \u00e9rdekl\u0151d\u0151ket minden m\u00e1sodik h\u00e9ten.<\/li>\n\n\n\n<li><span style=\"text-decoration: underline;\">Okt\u00f3berben<\/span> az esti szentmis\u00e9k el\u0151tt, 16:45-t\u0151l k\u00f6z\u00f6sen im\u00e1dkozzuk a <strong>r\u00f3zsaf\u00fcz\u00e9r<\/strong>t, Gomb\u00e1n \u00e9s a Boldog Gizella-templomban pedig a vas\u00e1rnapi mise el\u0151tt. K\u00f6sz\u00f6nj\u00fck a jelentkez\u00e9seket a k\u00f6z\u00f6s im\u00e1ds\u00e1g vezet\u00e9s\u00e9re. M\u00e9g van p\u00e1r szabad nap, amelyre lehet jelentkezni. A pl\u00e9b\u00e1niatemplom bej\u00e1rat\u00e1n\u00e1l \u00e9s a sekresty\u00e9ben l\u00e1that\u00f3 a t\u00e1bl\u00e1zat.<\/li>\n\n\n\n<li>A <span style=\"text-decoration: underline;\">p\u00e9ntek esti<\/span> <strong>r\u00f3zsaf\u00fcz\u00e9r <\/strong>im\u00e1dkoz\u00e1sa a b\u00e9k\u00e9\u00e9rt e h\u00e9tt\u0151l (okt\u00f3ber 3-t\u00f3l) 20:00-kor kezd\u0151dik a pl\u00e9b\u00e1niatemplomban.<\/li>\n\n\n\n<li>Minden h\u00f3nap <span style=\"text-decoration: underline;\">els\u0151 p\u00e9ntek<\/span>\u00e9n megl\u00e1togatjuk otthonukban az id\u0151seket \u00e9s betegeket, akik nem tudnak elj\u00f6nni a templomba. Ez lehet\u0151s\u00e9g sz\u00e1mukra a szentgy\u00f3n\u00e1s elv\u00e9gz\u00e9s\u00e9re \u00e9s az \u00e1ldoz\u00e1sra is. Aki szeretne \u00e9lni a lehet\u0151s\u00e9ggel, de m\u00e9g nem jelentkezett, az irod\u00e1n b\u00e1rmikor megteheti.<\/li>\n\n\n\n<li>Az <strong>id\u0151sek vil\u00e1gnapja<\/strong> alkalm\u00e1b\u00f3l a Karit\u00e1sz csoport szerettel h\u00edvja \u00e9s l\u00e1tja vend\u00e9g\u00fcl az id\u0151s, beteg testv\u00e9reket a <span style=\"text-decoration: underline;\">p\u00e9ntek<\/span>i mise ut\u00e1n (kb. 18:00-t\u00f3l) a pl\u00e9b\u00e1ni\u00e1n. Az el\u0151k\u00e9sz\u00fclet megk\u00f6nny\u00edt\u00e9se \u00e9rdek\u00e9ben szerd\u00e1ig v\u00e1rjuk a jelentkez\u00e9seket az irod\u00e1ban.<\/li>\n\n\n\n<li>Az els\u0151 szombati <strong>ima\u00f3ra <\/strong>16:30-kor kezd\u0151dik a pl\u00e9b\u00e1niatemplomban.<\/li>\n\n\n\n<li>Szent Jeromos bibliaford\u00edt\u00f3 \u00fcnnep\u00e9hez kapcsol\u00f3d\u00f3an szeretettel h\u00edvunk egy r\u00f6vid tal\u00e1lkoz\u00f3ra \u00e9s megbesz\u00e9l\u00e9sre mindenkit, aki jelentkezett <strong>templomi felolvas\u00e1s<\/strong>ra \u00e9s azokat is, akik \u00fajonnan csatlakozn\u00e1nak e szolg\u00e1lathoz, <span style=\"text-decoration: underline;\">vas\u00e1rnap<\/span> (okt. 5.) a 9 \u00f3rai szentmise ut\u00e1n a pl\u00e9b\u00e1niatemplomba.<\/li>\n\n\n\n<li>Okt\u00f3berben elindul az <strong>ima-b\u00f6jt<\/strong> szolg\u00e1lat a <strong>pl\u00e9b\u00e1niai k\u00f6z\u00f6ss\u00e9g\u00fcnk\u00e9rt<\/strong>: a jelentkez\u0151k v\u00e1llalj\u00e1k, hogy saj\u00e1t elhat\u00e1roz\u00e1suk szerint havonta egy nap a pl\u00e9b\u00e1ni\u00e1\u00e9rt im\u00e1dkoznak \u00e9s\/vagy valamilyen \u00e1ldozatv\u00e1llal\u00e1st felaj\u00e1nlanak. Aki sz\u00edvesen csatlakozna e szolg\u00e1lathoz, a vas\u00e1rnapi mis\u00e9k ut\u00e1n szem\u00e9lyesen, vagy a honlapunk (marcali.plebania.hu) tetej\u00e9n, a r\u00f6gz\u00edtett bejegyz\u00e9sben jelentkezhet r\u00e1. K\u00f6sz\u00f6n\u00fcnk minden eddigi jelentkez\u00e9st.<\/li>\n<\/ol>\n\n\n\n<hr class=\"wp-block-separator has-alpha-channel-opacity\"\/>\n\n\n\n<figure class=\"wp-block-image size-large\"><img loading=\"lazy\" decoding=\"async\" width=\"1024\" height=\"721\" src=\"https:\/\/marcali.plebania.hu\/wp-content\/uploads\/2025\/09\/250928-1024x721.png\" alt=\"\" class=\"wp-image-7701\" srcset=\"https:\/\/marcali.plebania.hu\/wp-content\/uploads\/2025\/09\/250928-1024x721.png 1024w, https:\/\/marcali.plebania.hu\/wp-content\/uploads\/2025\/09\/250928-300x211.png 300w, https:\/\/marcali.plebania.hu\/wp-content\/uploads\/2025\/09\/250928-768x540.png 768w, https:\/\/marcali.plebania.hu\/wp-content\/uploads\/2025\/09\/250928-1536x1081.png 1536w, https:\/\/marcali.plebania.hu\/wp-content\/uploads\/2025\/09\/250928-2048x1441.png 2048w, https:\/\/marcali.plebania.hu\/wp-content\/uploads\/2025\/09\/250928-384x270.png 384w\" sizes=\"auto, (max-width: 1024px) 100vw, 1024px\" \/><\/figure>\n","protected":false},"excerpt":{"rendered":"<p>\u00c9vk\u00f6zi 26. vas\u00e1rnapA szentmise olvasm\u00e1nyai<\/p>\n","protected":false},"author":1,"featured_media":0,"comment_status":"closed","ping_status":"open","sticky":false,"template":"","format":"standard","meta":{"footnotes":""},"categories":[3],"tags":[],"class_list":["post-7700","post","type-post","status-publish","format-standard","hentry","category-hirdetesek"],"_links":{"self":[{"href":"https:\/\/marcali.plebania.hu\/index.php?rest_route=\/wp\/v2\/posts\/7700","targetHints":{"allow":["GET"]}}],"collection":[{"href":"https:\/\/marcali.plebania.hu\/index.php?rest_route=\/wp\/v2\/posts"}],"about":[{"href":"https:\/\/marcali.plebania.hu\/index.php?rest_route=\/wp\/v2\/types\/post"}],"author":[{"embeddable":true,"href":"https:\/\/marcali.plebania.hu\/index.php?rest_route=\/wp\/v2\/users\/1"}],"replies":[{"embeddable":true,"href":"https:\/\/marcali.plebania.hu\/index.php?rest_route=%2Fwp%2Fv2%2Fcomments&post=7700"}],"version-history":[{"count":2,"href":"https:\/\/marcali.plebania.hu\/index.php?rest_route=\/wp\/v2\/posts\/7700\/revisions"}],"predecessor-version":[{"id":7703,"href":"https:\/\/marcali.plebania.hu\/index.php?rest_route=\/wp\/v2\/posts\/7700\/revisions\/7703"}],"wp:attachment":[{"href":"https:\/\/marcali.plebania.hu\/index.php?rest_route=%2Fwp%2Fv2%2Fmedia&parent=7700"}],"wp:term":[{"taxonomy":"category","embeddable":true,"href":"https:\/\/marcali.plebania.hu\/index.php?rest_route=%2Fwp%2Fv2%2Fcategories&post=7700"},{"taxonomy":"post_tag","embeddable":true,"href":"https:\/\/marcali.plebania.hu\/index.php?rest_route=%2Fwp%2Fv2%2Ftags&post=7700"}],"curies":[{"name":"wp","href":"https:\/\/api.w.org\/{rel}","templated":true}]}}