{"id":7704,"date":"2025-09-29T09:46:03","date_gmt":"2025-09-29T09:46:03","guid":{"rendered":"https:\/\/marcali.plebania.hu\/?p=7704"},"modified":"2025-09-29T09:46:03","modified_gmt":"2025-09-29T09:46:03","slug":"termenybetakarito-halaado-szentmise-az-orban-kapolnaban-2","status":"publish","type":"post","link":"https:\/\/marcali.plebania.hu\/?p=7704","title":{"rendered":"Term\u00e9nybetakar\u00edt\u00f3 h\u00e1laad\u00f3 szentmise az Orb\u00e1n k\u00e1poln\u00e1ban"},"content":{"rendered":"\n<p>2025. szeptember 28-\u00e1n, vas\u00e1rnap 11 \u00f3rakor term\u00e9nybetakar\u00edt\u00f3 h\u00e1laad\u00f3 \u00fcnnepi szentmis\u00e9t tartottak az Orb\u00e1n k\u00e1poln\u00e1ban.<\/p>\n\n\n\n<figure class=\"wp-block-gallery has-nested-images columns-default is-cropped wp-block-gallery-1 is-layout-flex wp-block-gallery-is-layout-flex\">\n<figure class=\"wp-block-image size-large\"><img loading=\"lazy\" decoding=\"async\" width=\"1024\" height=\"683\" data-id=\"7708\" src=\"https:\/\/marcali.plebania.hu\/wp-content\/uploads\/2025\/09\/02-1-1024x683.jpg\" alt=\"\" class=\"wp-image-7708\" srcset=\"https:\/\/marcali.plebania.hu\/wp-content\/uploads\/2025\/09\/02-1-1024x683.jpg 1024w, https:\/\/marcali.plebania.hu\/wp-content\/uploads\/2025\/09\/02-1-300x200.jpg 300w, https:\/\/marcali.plebania.hu\/wp-content\/uploads\/2025\/09\/02-1-768x512.jpg 768w, https:\/\/marcali.plebania.hu\/wp-content\/uploads\/2025\/09\/02-1-1536x1024.jpg 1536w, https:\/\/marcali.plebania.hu\/wp-content\/uploads\/2025\/09\/02-1-2048x1365.jpg 2048w, https:\/\/marcali.plebania.hu\/wp-content\/uploads\/2025\/09\/02-1-405x270.jpg 405w\" sizes=\"auto, (max-width: 1024px) 100vw, 1024px\" \/><\/figure>\n\n\n\n<figure class=\"wp-block-image size-large\"><img loading=\"lazy\" decoding=\"async\" width=\"1024\" height=\"683\" data-id=\"7711\" src=\"https:\/\/marcali.plebania.hu\/wp-content\/uploads\/2025\/09\/09-1-1024x683.jpg\" alt=\"\" class=\"wp-image-7711\" srcset=\"https:\/\/marcali.plebania.hu\/wp-content\/uploads\/2025\/09\/09-1-1024x683.jpg 1024w, https:\/\/marcali.plebania.hu\/wp-content\/uploads\/2025\/09\/09-1-300x200.jpg 300w, https:\/\/marcali.plebania.hu\/wp-content\/uploads\/2025\/09\/09-1-768x512.jpg 768w, https:\/\/marcali.plebania.hu\/wp-content\/uploads\/2025\/09\/09-1-1536x1024.jpg 1536w, https:\/\/marcali.plebania.hu\/wp-content\/uploads\/2025\/09\/09-1-2048x1365.jpg 2048w, https:\/\/marcali.plebania.hu\/wp-content\/uploads\/2025\/09\/09-1-405x270.jpg 405w\" sizes=\"auto, (max-width: 1024px) 100vw, 1024px\" \/><\/figure>\n\n\n\n<figure class=\"wp-block-image size-large\"><img loading=\"lazy\" decoding=\"async\" width=\"1024\" height=\"683\" data-id=\"7709\" src=\"https:\/\/marcali.plebania.hu\/wp-content\/uploads\/2025\/09\/08-1-1024x683.jpg\" alt=\"\" class=\"wp-image-7709\" srcset=\"https:\/\/marcali.plebania.hu\/wp-content\/uploads\/2025\/09\/08-1-1024x683.jpg 1024w, https:\/\/marcali.plebania.hu\/wp-content\/uploads\/2025\/09\/08-1-300x200.jpg 300w, https:\/\/marcali.plebania.hu\/wp-content\/uploads\/2025\/09\/08-1-768x512.jpg 768w, https:\/\/marcali.plebania.hu\/wp-content\/uploads\/2025\/09\/08-1-1536x1024.jpg 1536w, https:\/\/marcali.plebania.hu\/wp-content\/uploads\/2025\/09\/08-1-2048x1365.jpg 2048w, https:\/\/marcali.plebania.hu\/wp-content\/uploads\/2025\/09\/08-1-405x270.jpg 405w\" sizes=\"auto, (max-width: 1024px) 100vw, 1024px\" \/><\/figure>\n\n\n\n<figure class=\"wp-block-image size-large\"><img loading=\"lazy\" decoding=\"async\" width=\"1024\" height=\"683\" data-id=\"7710\" src=\"https:\/\/marcali.plebania.hu\/wp-content\/uploads\/2025\/09\/14-1-1024x683.jpg\" alt=\"\" class=\"wp-image-7710\" srcset=\"https:\/\/marcali.plebania.hu\/wp-content\/uploads\/2025\/09\/14-1-1024x683.jpg 1024w, https:\/\/marcali.plebania.hu\/wp-content\/uploads\/2025\/09\/14-1-300x200.jpg 300w, https:\/\/marcali.plebania.hu\/wp-content\/uploads\/2025\/09\/14-1-768x512.jpg 768w, https:\/\/marcali.plebania.hu\/wp-content\/uploads\/2025\/09\/14-1-1536x1024.jpg 1536w, https:\/\/marcali.plebania.hu\/wp-content\/uploads\/2025\/09\/14-1-2048x1365.jpg 2048w, https:\/\/marcali.plebania.hu\/wp-content\/uploads\/2025\/09\/14-1-405x270.jpg 405w\" sizes=\"auto, (max-width: 1024px) 100vw, 1024px\" \/><\/figure>\n<\/figure>\n\n\n\n<p>A R\u00f3mai Katolikus Egyh\u00e1zk\u00f6zs\u00e9g tagjai \u2013 a kor\u00e1bbi \u00e9vek hagyom\u00e1nyaihoz hasonl\u00f3an \u2013 a k\u00e1polna bej\u00e1rata el\u0151tt f\u00e9lk\u00f6r\u00edvben sz\u0151l\u0151lugast k\u00e9sz\u00edtettek, melyet z\u00f6lds\u00e9gekkel \u00e9s gy\u00fcm\u00f6lcs\u00f6kkel d\u00edsz\u00edtettek fel, ugyancsak a templom belsej\u00e9t is.<\/p>\n\n\n\n<p>Az istentiszteletet Tomanek Ferenc \u00c1ron pl\u00e9b\u00e1nos celebr\u00e1lta \u00e9s a jelenl\u00e9v\u0151 h\u00edvekkel egy\u00fctt h\u00e1l\u00e1t adott Istennek az idei term\u00e9s\u00e9rt. \u00c9nekkel k\u00f6zrem\u0171k\u00f6d\u00f6tt Balogh B\u00e1lint k\u00e1ntor.<\/p>\n\n\n\n<p>V\u00e9g\u00fcl a k\u00e1polna el\u0151tti udvaron, T\u00f3th P\u00e9ter k\u00f6zrem\u0171k\u00f6d\u00e9s\u00e9vel s\u00fctem\u00e9nyekkel, pog\u00e1cs\u00e1kkal, valamint friss\u00edt\u0151kkel \u00e9s borral is k\u00edn\u00e1lt\u00e1k a jelenl\u00e9v\u0151ket, melyeket a h\u00edvek k\u00e9sz\u00edtettek el \u00e9s hoztak az \u00fcnnepi alkalomra. Ferenc atya a szeretetvend\u00e9gs\u00e9g (agap\u00e9) \u00e9teleit \u00e9s italait ezt megel\u0151z\u0151en \u00e1ld\u00e1sban r\u00e9szes\u00edtette. Az \u00fcnneps\u00e9g k\u00f6tetlen hangulat\u00fa besz\u00e9lget\u00e9ssel z\u00e1rult.<\/p>\n\n\n\n<figure class=\"wp-block-gallery has-nested-images columns-default is-cropped wp-block-gallery-2 is-layout-flex wp-block-gallery-is-layout-flex\">\n<figure class=\"wp-block-image size-large\"><img loading=\"lazy\" decoding=\"async\" width=\"1024\" height=\"683\" data-id=\"7712\" src=\"https:\/\/marcali.plebania.hu\/wp-content\/uploads\/2025\/09\/18-2-1024x683.jpg\" alt=\"\" class=\"wp-image-7712\" srcset=\"https:\/\/marcali.plebania.hu\/wp-content\/uploads\/2025\/09\/18-2-1024x683.jpg 1024w, https:\/\/marcali.plebania.hu\/wp-content\/uploads\/2025\/09\/18-2-300x200.jpg 300w, https:\/\/marcali.plebania.hu\/wp-content\/uploads\/2025\/09\/18-2-768x512.jpg 768w, https:\/\/marcali.plebania.hu\/wp-content\/uploads\/2025\/09\/18-2-1536x1024.jpg 1536w, https:\/\/marcali.plebania.hu\/wp-content\/uploads\/2025\/09\/18-2-2048x1365.jpg 2048w, https:\/\/marcali.plebania.hu\/wp-content\/uploads\/2025\/09\/18-2-405x270.jpg 405w\" sizes=\"auto, (max-width: 1024px) 100vw, 1024px\" \/><\/figure>\n\n\n\n<figure class=\"wp-block-image size-large\"><img loading=\"lazy\" decoding=\"async\" width=\"1024\" height=\"683\" data-id=\"7713\" src=\"https:\/\/marcali.plebania.hu\/wp-content\/uploads\/2025\/09\/19-1-1024x683.jpg\" alt=\"\" class=\"wp-image-7713\" srcset=\"https:\/\/marcali.plebania.hu\/wp-content\/uploads\/2025\/09\/19-1-1024x683.jpg 1024w, https:\/\/marcali.plebania.hu\/wp-content\/uploads\/2025\/09\/19-1-300x200.jpg 300w, https:\/\/marcali.plebania.hu\/wp-content\/uploads\/2025\/09\/19-1-768x512.jpg 768w, https:\/\/marcali.plebania.hu\/wp-content\/uploads\/2025\/09\/19-1-1536x1024.jpg 1536w, https:\/\/marcali.plebania.hu\/wp-content\/uploads\/2025\/09\/19-1-2048x1365.jpg 2048w, https:\/\/marcali.plebania.hu\/wp-content\/uploads\/2025\/09\/19-1-405x270.jpg 405w\" sizes=\"auto, (max-width: 1024px) 100vw, 1024px\" \/><\/figure>\n\n\n\n<figure class=\"wp-block-image size-large\"><img loading=\"lazy\" decoding=\"async\" width=\"1024\" height=\"683\" data-id=\"7715\" src=\"https:\/\/marcali.plebania.hu\/wp-content\/uploads\/2025\/09\/21-2-1024x683.jpg\" alt=\"\" class=\"wp-image-7715\" srcset=\"https:\/\/marcali.plebania.hu\/wp-content\/uploads\/2025\/09\/21-2-1024x683.jpg 1024w, https:\/\/marcali.plebania.hu\/wp-content\/uploads\/2025\/09\/21-2-300x200.jpg 300w, https:\/\/marcali.plebania.hu\/wp-content\/uploads\/2025\/09\/21-2-768x512.jpg 768w, https:\/\/marcali.plebania.hu\/wp-content\/uploads\/2025\/09\/21-2-1536x1024.jpg 1536w, https:\/\/marcali.plebania.hu\/wp-content\/uploads\/2025\/09\/21-2-2048x1365.jpg 2048w, https:\/\/marcali.plebania.hu\/wp-content\/uploads\/2025\/09\/21-2-405x270.jpg 405w\" sizes=\"auto, (max-width: 1024px) 100vw, 1024px\" \/><\/figure>\n\n\n\n<figure class=\"wp-block-image size-large\"><img loading=\"lazy\" decoding=\"async\" width=\"1024\" height=\"683\" data-id=\"7714\" src=\"https:\/\/marcali.plebania.hu\/wp-content\/uploads\/2025\/09\/20-2-1024x683.jpg\" alt=\"\" class=\"wp-image-7714\" srcset=\"https:\/\/marcali.plebania.hu\/wp-content\/uploads\/2025\/09\/20-2-1024x683.jpg 1024w, https:\/\/marcali.plebania.hu\/wp-content\/uploads\/2025\/09\/20-2-300x200.jpg 300w, https:\/\/marcali.plebania.hu\/wp-content\/uploads\/2025\/09\/20-2-768x512.jpg 768w, https:\/\/marcali.plebania.hu\/wp-content\/uploads\/2025\/09\/20-2-1536x1024.jpg 1536w, https:\/\/marcali.plebania.hu\/wp-content\/uploads\/2025\/09\/20-2-2048x1365.jpg 2048w, https:\/\/marcali.plebania.hu\/wp-content\/uploads\/2025\/09\/20-2-405x270.jpg 405w\" sizes=\"auto, (max-width: 1024px) 100vw, 1024px\" \/><\/figure>\n<\/figure>\n\n\n\n<p>K\u00fcl\u00f6n k\u00f6sz\u00f6net Gelencs\u00e9r R\u00f3bertnek, az egyh\u00e1zk\u00f6zs\u00e9g k\u00e9pvisel\u0151 test\u00fclet tagj\u00e1nak az el\u0151k\u00e9sz\u00fcletek lebonyol\u00edt\u00e1s\u00e1ban, tov\u00e1bb\u00e1 mindenkinek, akik valamivel is hozz\u00e1j\u00e1rult az \u00fcnnepi h\u00e1laad\u00e1shoz!<\/p>\n\n\n\n<p>\u00cdrta \u00e9s fot\u00f3k: Kiss K\u00e1lm\u00e1n<\/p>\n","protected":false},"excerpt":{"rendered":"<p>2025. szeptember 28-\u00e1n, vas\u00e1rnap 11 \u00f3rakor term\u00e9nybetakar\u00edt\u00f3 h\u00e1laad\u00f3 \u00fcnnepi szentmis\u00e9t tartottak az Orb\u00e1n k\u00e1poln\u00e1ban. A R\u00f3mai Katolikus Egyh\u00e1zk\u00f6zs\u00e9g tagjai \u2013 a kor\u00e1bbi \u00e9vek hagyom\u00e1nyaihoz hasonl\u00f3an \u2013 a k\u00e1polna bej\u00e1rata el\u0151tt f\u00e9lk\u00f6r\u00edvben sz\u0151l\u0151lugast k\u00e9sz\u00edtettek, melyet z\u00f6lds\u00e9gekkel \u00e9s gy\u00fcm\u00f6lcs\u00f6kkel d\u00edsz\u00edtettek fel, ugyancsak a templom belsej\u00e9t is. Az istentiszteletet Tomanek Ferenc \u00c1ron pl\u00e9b\u00e1nos celebr\u00e1lta \u00e9s a jelenl\u00e9v\u0151 h\u00edvekkel egy\u00fctt h\u00e1l\u00e1t adott Istennek az idei term\u00e9s\u00e9rt. \u00c9nekkel k\u00f6zrem\u0171k\u00f6d\u00f6tt Balogh B\u00e1lint k\u00e1ntor. V\u00e9g\u00fcl a k\u00e1polna el\u0151tti udvaron, T\u00f3th P\u00e9ter k\u00f6zrem\u0171k\u00f6d\u00e9s\u00e9vel s\u00fctem\u00e9nyekkel, pog\u00e1cs\u00e1kkal, valamint friss\u00edt\u0151kkel \u00e9s&#8230;<\/p>\n<p class=\"read-more\"><a class=\"btn btn-default\" href=\"https:\/\/marcali.plebania.hu\/?p=7704\"> Read More<span class=\"screen-reader-text\">  Read More<\/span><\/a><\/p>\n","protected":false},"author":2,"featured_media":0,"comment_status":"closed","ping_status":"open","sticky":false,"template":"","format":"standard","meta":{"footnotes":""},"categories":[1],"tags":[],"class_list":["post-7704","post","type-post","status-publish","format-standard","hentry","category-egyeb"],"_links":{"self":[{"href":"https:\/\/marcali.plebania.hu\/index.php?rest_route=\/wp\/v2\/posts\/7704","targetHints":{"allow":["GET"]}}],"collection":[{"href":"https:\/\/marcali.plebania.hu\/index.php?rest_route=\/wp\/v2\/posts"}],"about":[{"href":"https:\/\/marcali.plebania.hu\/index.php?rest_route=\/wp\/v2\/types\/post"}],"author":[{"embeddable":true,"href":"https:\/\/marcali.plebania.hu\/index.php?rest_route=\/wp\/v2\/users\/2"}],"replies":[{"embeddable":true,"href":"https:\/\/marcali.plebania.hu\/index.php?rest_route=%2Fwp%2Fv2%2Fcomments&post=7704"}],"version-history":[{"count":1,"href":"https:\/\/marcali.plebania.hu\/index.php?rest_route=\/wp\/v2\/posts\/7704\/revisions"}],"predecessor-version":[{"id":7716,"href":"https:\/\/marcali.plebania.hu\/index.php?rest_route=\/wp\/v2\/posts\/7704\/revisions\/7716"}],"wp:attachment":[{"href":"https:\/\/marcali.plebania.hu\/index.php?rest_route=%2Fwp%2Fv2%2Fmedia&parent=7704"}],"wp:term":[{"taxonomy":"category","embeddable":true,"href":"https:\/\/marcali.plebania.hu\/index.php?rest_route=%2Fwp%2Fv2%2Fcategories&post=7704"},{"taxonomy":"post_tag","embeddable":true,"href":"https:\/\/marcali.plebania.hu\/index.php?rest_route=%2Fwp%2Fv2%2Ftags&post=7704"}],"curies":[{"name":"wp","href":"https:\/\/api.w.org\/{rel}","templated":true}]}}