{"id":7722,"date":"2025-10-03T21:31:49","date_gmt":"2025-10-03T21:31:49","guid":{"rendered":"https:\/\/marcali.plebania.hu\/?p=7722"},"modified":"2025-10-04T07:28:37","modified_gmt":"2025-10-04T07:28:37","slug":"hirdetesek-2025-oktober-5-en","status":"publish","type":"post","link":"https:\/\/marcali.plebania.hu\/?p=7722","title":{"rendered":"Hirdet\u00e9sek 2025. okt\u00f3ber 5-\u00e9n"},"content":{"rendered":"\n<p><strong><strong>\u00c9vk\u00f6zi 27. vas\u00e1rnap<\/strong><\/strong><br><strong><a href=\"https:\/\/igenaptar.katolikus.hu\/nap\/index.php?holnap=2025-10-05\" target=\"_blank\" rel=\"noreferrer noopener\">A szentmise olvasm\u00e1nyai<\/a><\/strong><\/p>\n\n\n\n<ol start=\"1\" class=\"wp-block-list\">\n<li>Megk\u00f6sz\u00f6nj\u00fck mindenki seg\u00edts\u00e9g\u00e9t, aki hozz\u00e1j\u00e1rult az <strong>Orb\u00e1n-k\u00e1poln\u00e1<\/strong>ban a m\u00falt vas\u00e1rnapi term\u00e9nybetakar\u00edt\u00f3 h\u00e1laad\u00f3 <strong>szentmise <\/strong>el\u0151k\u00e9sz\u00fcleteihez \u00e9s az agap\u00e9hoz.<\/li>\n\n\n\n<li>Az <strong>id\u0151sek vil\u00e1gnapja<\/strong> alkalm\u00e1b\u00f3l a Karit\u00e1sz csoport vend\u00e9g\u00fcl l\u00e1tta az id\u0151s testv\u00e9reket, k\u00f6sz\u00f6nj\u00fck az el\u0151k\u00e9sz\u00edt\u00e9st, a finoms\u00e1gokat, a m\u0171sort, valamint a jelenl\u00e9tet mindenkinek, aki elfogadta a megh\u00edv\u00e1st.<\/li>\n\n\n\n<li>A mai, 9 \u00f3rai szentmise ut\u00e1n r\u00f6vid <strong>tal\u00e1lkoz\u00f3<\/strong>ra \u00e9s megbesz\u00e9l\u00e9sre marasztalunk mindenkit, aki jelentkezett <strong>templomi felolvas\u00e1s<\/strong>ra \u00e9s azokat is, akik \u00fajonnan csatlakozn\u00e1nak e szolg\u00e1lathoz.<\/li>\n\n\n\n<li>Okt\u00f3berben az esti szentmis\u00e9k el\u0151tt, 16:45-t\u0151l k\u00f6z\u00f6sen im\u00e1dkozzuk a <strong>r\u00f3zsaf\u00fcz\u00e9r<\/strong>t, Gomb\u00e1n \u00e9s a Boldog Gizella-templomban pedig a vas\u00e1rnapi mise el\u0151tt. K\u00f6sz\u00f6nj\u00fck a jelentkez\u00e9seket a k\u00f6z\u00f6s im\u00e1ds\u00e1g vezet\u00e9s\u00e9re.<\/li>\n\n\n\n<li>A <strong>F\u00e9rfi-k\u00f6r<\/strong> szerd\u00e1n 18:00-kor kezd\u0151dik a pl\u00e9b\u00e1ni\u00e1n.<\/li>\n\n\n\n<li><strong>\u201eMi\u00e9rt hiszek?\u201d<\/strong>-sorozatunk k\u00f6vetkez\u0151 alkalma okt\u00f3ber 16-\u00e1n (cs\u00fct\u00f6rt\u00f6k\u00f6n) az esti szentmise ut\u00e1n, 18:15-kor kezd\u0151dik a k\u00f6z\u00f6ss\u00e9gi h\u00e1zban. <strong>S\u00e1gv\u00e1ri R\u00f3bert<\/strong> tan\u00fas\u00e1gt\u00e9tel\u00e9t hallgathatjuk meg, szeretettel h\u00edvunk r\u00e1 mindenkit.<\/li>\n\n\n\n<li>Okt\u00f3berben elindult az <strong>ima-b\u00f6jt<\/strong> szolg\u00e1lat a <strong>pl\u00e9b\u00e1niai k\u00f6z\u00f6ss\u00e9g\u00fcnk\u00e9rt<\/strong>: a jelentkez\u0151k v\u00e1llalj\u00e1k, hogy saj\u00e1t elhat\u00e1roz\u00e1suk szerint havonta egy nap a pl\u00e9b\u00e1ni\u00e1\u00e9rt im\u00e1dkoznak \u00e9s\/vagy valamilyen \u00e1ldozatv\u00e1llal\u00e1st felaj\u00e1nlanak. Aki sz\u00edvesen csatlakozik e szolg\u00e1lathoz, a sekresty\u00e9ben, az irod\u00e1ban, vagy a honlapunkon jelentkezhet r\u00e1. K\u00f6sz\u00f6n\u00fcnk minden eddigi jelentkez\u00e9st.<\/li>\n\n\n\n<li>Aki szeretne a <strong>Sz\u00edvem els\u0151 gondolata<\/strong> c. k\u00f6nyvb\u0151l rendelni, mely napi elm\u00e9lked\u00e9seket \u00e9s im\u00e1ds\u00e1gokat tartalmaz az adventtel kezd\u0151d\u0151 \u00faj egyh\u00e1zi \u00e9vre, okt\u00f3ber 20-ig iratkozhat fel a sekresty\u00e9ben vagy a honlapunkon a csoportos rendel\u00e9shez. A k\u00f6nyv \u00e1ra v\u00e1rhat\u00f3an 2600 Ft k\u00f6r\u00fcl lesz.<\/li>\n<\/ol>\n\n\n\n<hr class=\"wp-block-separator has-alpha-channel-opacity\"\/>\n\n\n\n<figure class=\"wp-block-image size-large\"><img loading=\"lazy\" decoding=\"async\" width=\"1024\" height=\"624\" src=\"https:\/\/marcali.plebania.hu\/wp-content\/uploads\/2025\/10\/251005-1024x624.png\" alt=\"\" class=\"wp-image-7723\" srcset=\"https:\/\/marcali.plebania.hu\/wp-content\/uploads\/2025\/10\/251005-1024x624.png 1024w, https:\/\/marcali.plebania.hu\/wp-content\/uploads\/2025\/10\/251005-300x183.png 300w, https:\/\/marcali.plebania.hu\/wp-content\/uploads\/2025\/10\/251005-768x468.png 768w, https:\/\/marcali.plebania.hu\/wp-content\/uploads\/2025\/10\/251005-443x270.png 443w, https:\/\/marcali.plebania.hu\/wp-content\/uploads\/2025\/10\/251005.png 1526w\" sizes=\"auto, (max-width: 1024px) 100vw, 1024px\" \/><\/figure>\n","protected":false},"excerpt":{"rendered":"<p>\u00c9vk\u00f6zi 27. vas\u00e1rnapA szentmise olvasm\u00e1nyai<\/p>\n","protected":false},"author":1,"featured_media":0,"comment_status":"closed","ping_status":"open","sticky":false,"template":"","format":"standard","meta":{"footnotes":""},"categories":[3],"tags":[],"class_list":["post-7722","post","type-post","status-publish","format-standard","hentry","category-hirdetesek"],"_links":{"self":[{"href":"https:\/\/marcali.plebania.hu\/index.php?rest_route=\/wp\/v2\/posts\/7722","targetHints":{"allow":["GET"]}}],"collection":[{"href":"https:\/\/marcali.plebania.hu\/index.php?rest_route=\/wp\/v2\/posts"}],"about":[{"href":"https:\/\/marcali.plebania.hu\/index.php?rest_route=\/wp\/v2\/types\/post"}],"author":[{"embeddable":true,"href":"https:\/\/marcali.plebania.hu\/index.php?rest_route=\/wp\/v2\/users\/1"}],"replies":[{"embeddable":true,"href":"https:\/\/marcali.plebania.hu\/index.php?rest_route=%2Fwp%2Fv2%2Fcomments&post=7722"}],"version-history":[{"count":3,"href":"https:\/\/marcali.plebania.hu\/index.php?rest_route=\/wp\/v2\/posts\/7722\/revisions"}],"predecessor-version":[{"id":7726,"href":"https:\/\/marcali.plebania.hu\/index.php?rest_route=\/wp\/v2\/posts\/7722\/revisions\/7726"}],"wp:attachment":[{"href":"https:\/\/marcali.plebania.hu\/index.php?rest_route=%2Fwp%2Fv2%2Fmedia&parent=7722"}],"wp:term":[{"taxonomy":"category","embeddable":true,"href":"https:\/\/marcali.plebania.hu\/index.php?rest_route=%2Fwp%2Fv2%2Fcategories&post=7722"},{"taxonomy":"post_tag","embeddable":true,"href":"https:\/\/marcali.plebania.hu\/index.php?rest_route=%2Fwp%2Fv2%2Ftags&post=7722"}],"curies":[{"name":"wp","href":"https:\/\/api.w.org\/{rel}","templated":true}]}}