{"id":7728,"date":"2025-10-11T23:00:47","date_gmt":"2025-10-11T23:00:47","guid":{"rendered":"https:\/\/marcali.plebania.hu\/?p=7728"},"modified":"2025-10-11T23:37:42","modified_gmt":"2025-10-11T23:37:42","slug":"hirdetesek-2025-oktober-12-en","status":"publish","type":"post","link":"https:\/\/marcali.plebania.hu\/?p=7728","title":{"rendered":"Hirdet\u00e9sek 2025. okt\u00f3ber 12-\u00e9n"},"content":{"rendered":"\n<p><strong>\u00c9vk\u00f6zi 28. vas\u00e1rnap<\/strong><br><strong><a href=\"https:\/\/igenaptar.katolikus.hu\/nap\/index.php?holnap=2025-10-12\" target=\"_blank\" rel=\"noreferrer noopener\">A szentmise olvasm\u00e1nyai<\/a><\/strong><\/p>\n\n\n\n<ol start=\"1\" class=\"wp-block-list\">\n<li>Okt\u00f3berben az esti szentmis\u00e9k el\u0151tt, 16:45-t\u0151l k\u00f6z\u00f6sen im\u00e1dkozzuk a <strong>r\u00f3zsaf\u00fcz\u00e9r<\/strong>t, Gomb\u00e1n \u00e9s a Boldog Gizella-templomban pedig a vas\u00e1rnapi mise el\u0151tt. K\u00f6sz\u00f6nj\u00fck a jelentkez\u00e9seket a k\u00f6z\u00f6s im\u00e1ds\u00e1g vezet\u00e9s\u00e9re.<\/li>\n\n\n\n<li><span style=\"text-decoration: underline;\">Ma<\/span> 11 \u00f3rakor Gomb\u00e1n <strong>igeliturgia<\/strong> lesz a templomban.<\/li>\n\n\n\n<li>A <strong>Fatimai ima\u00f3ra<\/strong> <span style=\"text-decoration: underline;\">kedden<\/span> 16:30-kor kezd\u0151dik a pl\u00e9b\u00e1niatemplomban.<\/li>\n\n\n\n<li>A <strong>K\u00e9pvisel\u0151-test\u00fclet<\/strong> <span style=\"text-decoration: underline;\">kedden<\/span>, a szentmise ut\u00e1n (18:00-t\u00f3l) tartja \u00fcl\u00e9s\u00e9t.<\/li>\n\n\n\n<li><strong>Feln\u0151tt hittan<\/strong>ra<strong>, szents\u00e9gi felk\u00e9sz\u00edt\u0151<\/strong>re h\u00edvjuk a tagokat \u00e9s az \u00e9rdekl\u0151d\u0151ket <span style=\"text-decoration: underline;\">szerd\u00e1n<\/span> 18:00-ra a pl\u00e9b\u00e1ni\u00e1ra.<\/li>\n\n\n\n<li><strong>\u201eMi\u00e9rt hiszek?\u201d<\/strong>-sorozatunk k\u00f6vetkez\u0151 alkalma <span style=\"text-decoration: underline;\">cs\u00fct\u00f6rt\u00f6k\u00f6n<\/span> az esti szentmise ut\u00e1n, 18:15-kor kezd\u0151dik a k\u00f6z\u00f6ss\u00e9gi h\u00e1zban (D\u00f3zsa Gy. u. 3.). <strong>S\u00e1gv\u00e1ri R\u00f3bert<\/strong> tan\u00fas\u00e1gt\u00e9tel\u00e9t hallgathatjuk meg, szeretettel h\u00edvunk r\u00e1 mindenkit.<\/li>\n\n\n\n<li>Aki szeretne a <strong>Sz\u00edvem els\u0151 gondolata<\/strong> c. k\u00f6nyvb\u0151l rendelni, mely napi elm\u00e9lked\u00e9seket \u00e9s im\u00e1ds\u00e1gokat tartalmaz az adventtel kezd\u0151d\u0151 \u00faj egyh\u00e1zi \u00e9vre, okt\u00f3ber 20-ig iratkozhat fel a csoportos rendel\u00e9sre <a href=\"https:\/\/marcali.plebania.hu\/index.php\/2025\/05\/10\/jelentkezes-a-kozelgo-plebaniai-programokra\/\">ide kattintva<\/a>, a sekresty\u00e9ben vagy az irod\u00e1ban. (A k\u00f6nyv \u00e1ra v\u00e1rhat\u00f3an 2600 Ft k\u00f6r\u00fcl lesz.)<\/li>\n\n\n\n<li>J\u00f6v\u0151 <span style=\"text-decoration: underline;\">vas\u00e1rnap<\/span> a <strong>misszi\u00f3k jav\u00e1ra<\/strong> lesz <strong>gy\u0171jt\u00e9s<\/strong>, a perselyadom\u00e1nyokat e c\u00e9lra tov\u00e1bb\u00edtjuk. Seg\u00edts\u00fck ezen a m\u00f3don is az Egyh\u00e1z misszi\u00f3s tev\u00e9kenys\u00e9g\u00e9t!<\/li>\n\n\n\n<li>Egyh\u00e1zmegy\u00e9nk lapja (Spiritus) leg\u00fajabb sz\u00e1ma <a href=\"https:\/\/kaposvar.egyhazmegye.hu\/index.php\/hirek\/item\/1720-megjelent-a-spiritus-legujabb-szama\">itt megtekinthet\u0151<\/a>.<\/li>\n<\/ol>\n\n\n\n<hr class=\"wp-block-separator has-alpha-channel-opacity\"\/>\n\n\n\n<figure class=\"wp-block-image size-large\"><img loading=\"lazy\" decoding=\"async\" width=\"1024\" height=\"724\" src=\"https:\/\/marcali.plebania.hu\/wp-content\/uploads\/2025\/10\/251012-1-1024x724.png\" alt=\"\" class=\"wp-image-7733\" srcset=\"https:\/\/marcali.plebania.hu\/wp-content\/uploads\/2025\/10\/251012-1-1024x724.png 1024w, https:\/\/marcali.plebania.hu\/wp-content\/uploads\/2025\/10\/251012-1-300x212.png 300w, https:\/\/marcali.plebania.hu\/wp-content\/uploads\/2025\/10\/251012-1-768x543.png 768w, https:\/\/marcali.plebania.hu\/wp-content\/uploads\/2025\/10\/251012-1-1536x1086.png 1536w, https:\/\/marcali.plebania.hu\/wp-content\/uploads\/2025\/10\/251012-1-382x270.png 382w, https:\/\/marcali.plebania.hu\/wp-content\/uploads\/2025\/10\/251012-1.png 1678w\" sizes=\"auto, (max-width: 1024px) 100vw, 1024px\" \/><\/figure>\n\n\n\n<p><\/p>\n","protected":false},"excerpt":{"rendered":"<p>\u00c9vk\u00f6zi 28. vas\u00e1rnapA szentmise olvasm\u00e1nyai<\/p>\n","protected":false},"author":1,"featured_media":0,"comment_status":"closed","ping_status":"open","sticky":false,"template":"","format":"standard","meta":{"footnotes":""},"categories":[3],"tags":[],"class_list":["post-7728","post","type-post","status-publish","format-standard","hentry","category-hirdetesek"],"_links":{"self":[{"href":"https:\/\/marcali.plebania.hu\/index.php?rest_route=\/wp\/v2\/posts\/7728","targetHints":{"allow":["GET"]}}],"collection":[{"href":"https:\/\/marcali.plebania.hu\/index.php?rest_route=\/wp\/v2\/posts"}],"about":[{"href":"https:\/\/marcali.plebania.hu\/index.php?rest_route=\/wp\/v2\/types\/post"}],"author":[{"embeddable":true,"href":"https:\/\/marcali.plebania.hu\/index.php?rest_route=\/wp\/v2\/users\/1"}],"replies":[{"embeddable":true,"href":"https:\/\/marcali.plebania.hu\/index.php?rest_route=%2Fwp%2Fv2%2Fcomments&post=7728"}],"version-history":[{"count":3,"href":"https:\/\/marcali.plebania.hu\/index.php?rest_route=\/wp\/v2\/posts\/7728\/revisions"}],"predecessor-version":[{"id":7735,"href":"https:\/\/marcali.plebania.hu\/index.php?rest_route=\/wp\/v2\/posts\/7728\/revisions\/7735"}],"wp:attachment":[{"href":"https:\/\/marcali.plebania.hu\/index.php?rest_route=%2Fwp%2Fv2%2Fmedia&parent=7728"}],"wp:term":[{"taxonomy":"category","embeddable":true,"href":"https:\/\/marcali.plebania.hu\/index.php?rest_route=%2Fwp%2Fv2%2Fcategories&post=7728"},{"taxonomy":"post_tag","embeddable":true,"href":"https:\/\/marcali.plebania.hu\/index.php?rest_route=%2Fwp%2Fv2%2Ftags&post=7728"}],"curies":[{"name":"wp","href":"https:\/\/api.w.org\/{rel}","templated":true}]}}