{"id":7741,"date":"2025-10-15T14:02:15","date_gmt":"2025-10-15T14:02:15","guid":{"rendered":"https:\/\/marcali.plebania.hu\/?p=7741"},"modified":"2025-10-15T14:02:15","modified_gmt":"2025-10-15T14:02:15","slug":"megujul-a-temetoben-az-1848-as-emlekkereszt","status":"publish","type":"post","link":"https:\/\/marcali.plebania.hu\/?p=7741","title":{"rendered":"Meg\u00fajul a temet\u0151ben az 1848-as eml\u00e9kkereszt"},"content":{"rendered":"\n<p>A K\u00c9SZ Marcali Csoport kezdem\u00e9nyez\u00e9s\u00e9re, \u00e9s a h\u00edvek adom\u00e1nyaib\u00f3l megkezd\u0151d\u00f6tt a temet\u0151 k\u00e1polna el\u0151tti kereszt fel\u00faj\u00edt\u00e1sa. A munk\u00e1kat Vida Szil\u00e1rd k\u0151farag\u00f3 v\u00e9gzi.<\/p>\n\n\n\n<p>K\u00f6sz\u00f6net Mindenkinek a nagylelk\u0171 adom\u00e1nyok\u00e9rt!<\/p>\n\n\n\n<p>\u00cdrta \u00e9s fot\u00f3k: K\u00c9SZ Marcali Csoport\/Kiss K\u00e1lm\u00e1n<\/p>\n","protected":false},"excerpt":{"rendered":"<p>A K\u00c9SZ Marcali Csoport kezdem\u00e9nyez\u00e9s\u00e9re, \u00e9s a h\u00edvek adom\u00e1nyaib\u00f3l megkezd\u0151d\u00f6tt a temet\u0151 k\u00e1polna el\u0151tti kereszt fel\u00faj\u00edt\u00e1sa. A munk\u00e1kat Vida Szil\u00e1rd k\u0151farag\u00f3 v\u00e9gzi. K\u00f6sz\u00f6net Mindenkinek a nagylelk\u0171 adom\u00e1nyok\u00e9rt! \u00cdrta \u00e9s fot\u00f3k: K\u00c9SZ Marcali Csoport\/Kiss K\u00e1lm\u00e1n<\/p>\n","protected":false},"author":2,"featured_media":0,"comment_status":"closed","ping_status":"open","sticky":false,"template":"","format":"standard","meta":{"footnotes":""},"categories":[1],"tags":[],"class_list":["post-7741","post","type-post","status-publish","format-standard","hentry","category-egyeb"],"_links":{"self":[{"href":"https:\/\/marcali.plebania.hu\/index.php?rest_route=\/wp\/v2\/posts\/7741","targetHints":{"allow":["GET"]}}],"collection":[{"href":"https:\/\/marcali.plebania.hu\/index.php?rest_route=\/wp\/v2\/posts"}],"about":[{"href":"https:\/\/marcali.plebania.hu\/index.php?rest_route=\/wp\/v2\/types\/post"}],"author":[{"embeddable":true,"href":"https:\/\/marcali.plebania.hu\/index.php?rest_route=\/wp\/v2\/users\/2"}],"replies":[{"embeddable":true,"href":"https:\/\/marcali.plebania.hu\/index.php?rest_route=%2Fwp%2Fv2%2Fcomments&post=7741"}],"version-history":[{"count":1,"href":"https:\/\/marcali.plebania.hu\/index.php?rest_route=\/wp\/v2\/posts\/7741\/revisions"}],"predecessor-version":[{"id":7743,"href":"https:\/\/marcali.plebania.hu\/index.php?rest_route=\/wp\/v2\/posts\/7741\/revisions\/7743"}],"wp:attachment":[{"href":"https:\/\/marcali.plebania.hu\/index.php?rest_route=%2Fwp%2Fv2%2Fmedia&parent=7741"}],"wp:term":[{"taxonomy":"category","embeddable":true,"href":"https:\/\/marcali.plebania.hu\/index.php?rest_route=%2Fwp%2Fv2%2Fcategories&post=7741"},{"taxonomy":"post_tag","embeddable":true,"href":"https:\/\/marcali.plebania.hu\/index.php?rest_route=%2Fwp%2Fv2%2Ftags&post=7741"}],"curies":[{"name":"wp","href":"https:\/\/api.w.org\/{rel}","templated":true}]}}