{"id":7744,"date":"2025-10-18T10:49:53","date_gmt":"2025-10-18T10:49:53","guid":{"rendered":"https:\/\/marcali.plebania.hu\/?p=7744"},"modified":"2025-10-18T11:35:02","modified_gmt":"2025-10-18T11:35:02","slug":"hirdetesek-2025-oktober-19-en","status":"publish","type":"post","link":"https:\/\/marcali.plebania.hu\/?p=7744","title":{"rendered":"Hirdet\u00e9sek 2025. okt\u00f3ber 19-\u00e9n"},"content":{"rendered":"\n<p><strong>\u00c9vk\u00f6zi 29. vas\u00e1rnap<\/strong><br><strong><a href=\"https:\/\/igenaptar.katolikus.hu\/nap\/index.php?holnap=2025-10-19\" target=\"_blank\" rel=\"noreferrer noopener\">A szentmise olvasm\u00e1nyai<\/a><\/strong><\/p>\n\n\n\n<ol start=\"1\" class=\"wp-block-list\">\n<li>Misszi\u00f3s vas\u00e1rnap alkalm\u00e1b\u00f3l a mai perselyadom\u00e1nyt a <strong>misszi\u00f3k jav\u00e1ra<\/strong> tov\u00e1bb\u00edtjuk. Seg\u00edts\u00fck az Egyh\u00e1z ezen tev\u00e9kenys\u00e9g\u00e9t lehet\u0151s\u00e9geink szerint!<\/li>\n\n\n\n<li>Aki szeretne a <strong>Sz\u00edvem els\u0151 gondolata<\/strong> c. k\u00f6nyvb\u0151l rendelni, mely napi elm\u00e9lked\u00e9seket \u00e9s im\u00e1ds\u00e1gokat tartalmaz az adventtel kezd\u0151d\u0151 \u00faj egyh\u00e1zi \u00e9vre, <span style=\"text-decoration: underline;\">h\u00e9tf\u0151ig<\/span> iratkozhat fel a csoportos rendel\u00e9sre a sekresty\u00e9ben, az irod\u00e1ban vagy a honlapunkon.<\/li>\n\n\n\n<li><span style=\"text-decoration: underline;\">H\u00e9tf\u0151n<\/span> a Somogyv\u00e1ri Esperesi Ker\u00fclet koron\u00e1ja lesz a pl\u00e9b\u00e1ni\u00e1n, aminek r\u00e9szek\u00e9nt <strong>Varga L\u00e1szl\u00f3 <\/strong>kaposv\u00e1ri <strong>megy\u00e9sp\u00fcsp\u00f6k<\/strong> celebr\u00e1lja a <strong>szentmis\u00e9<\/strong>t 18:00-kor, a ker\u00fclet paps\u00e1g\u00e1val egy\u00fctt. A szentmis\u00e9re minden h\u00edv\u0151t szeretettel h\u00edvunk.<\/li>\n\n\n\n<li>A <strong>Karit\u00e1sz<\/strong> tagjai a <span style=\"text-decoration: underline;\">keddi<\/span> szentmise ut\u00e1n kezdik a megbesz\u00e9l\u00e9s\u00fcket a pl\u00e9b\u00e1ni\u00e1n.<\/li>\n\n\n\n<li>A <strong>F\u00e9rfi-k\u00f6r <\/strong><span style=\"text-decoration: underline;\">szerd\u00e1n<\/span> 18:00-kor kezd\u0151dik a pl\u00e9b\u00e1ni\u00e1n.<\/li>\n\n\n\n<li>J\u00f6v\u0151 <span style=\"text-decoration: underline;\">vas\u00e1rnap<\/span> Biz\u00e9n 11:00-kor <strong>b\u00facs\u00fa<\/strong>i szentmis\u00e9t \u00fcnnepl\u00fcnk.<\/li>\n\n\n\n<li>A K\u00c9SZ Marcali Csoport kezdem\u00e9nyez\u00e9s\u00e9re, \u00e9s a h\u00edvek adom\u00e1nyaib\u00f3l megkezd\u0151d\u00f6tt a temet\u0151 k\u00e1polna el\u0151tti kereszt fel\u00faj\u00edt\u00e1sa. A munk\u00e1kat Vida Szil\u00e1rd k\u0151farag\u00f3 v\u00e9gzi. K\u00f6sz\u00f6nj\u00fck a felaj\u00e1nl\u00e1sokat!<\/li>\n\n\n\n<li>A j\u00f6v\u0151 vas\u00e1rnapi \u00f3ra\u00e1t\u00e1ll\u00edt\u00e1s ut\u00e1n is marad minden esti szentmise kezd\u00e9si id\u0151pontja 17:30, a p\u00e9ntek esti r\u00f3zsaf\u00fcz\u00e9r-im\u00e1dkoz\u00e1s\u00e9 pedig 20:00.<\/li>\n\n\n\n<li>J\u00f6v\u0151 \u00e9vi napt\u00e1r \u00e9s kalend\u00e1rium a sekresty\u00e9ben kaphat\u00f3.<\/li>\n\n\n\n<li>A kaposv\u00e1ri katolikus gimn\u00e1zium ny\u00edlt napot tart az \u00e9rdekl\u0151d\u0151k sz\u00e1m\u00e1ra november 13-\u00e1n \u00e9s 14-\u00e9n.<\/li>\n<\/ol>\n\n\n\n<hr class=\"wp-block-separator has-alpha-channel-opacity\"\/>\n\n\n\n<figure class=\"wp-block-image size-large\"><img loading=\"lazy\" decoding=\"async\" width=\"1024\" height=\"717\" src=\"https:\/\/marcali.plebania.hu\/wp-content\/uploads\/2025\/10\/251019-1-1024x717.png\" alt=\"\" class=\"wp-image-7747\" srcset=\"https:\/\/marcali.plebania.hu\/wp-content\/uploads\/2025\/10\/251019-1-1024x717.png 1024w, https:\/\/marcali.plebania.hu\/wp-content\/uploads\/2025\/10\/251019-1-300x210.png 300w, https:\/\/marcali.plebania.hu\/wp-content\/uploads\/2025\/10\/251019-1-768x538.png 768w, https:\/\/marcali.plebania.hu\/wp-content\/uploads\/2025\/10\/251019-1-1536x1076.png 1536w, https:\/\/marcali.plebania.hu\/wp-content\/uploads\/2025\/10\/251019-1-386x270.png 386w, https:\/\/marcali.plebania.hu\/wp-content\/uploads\/2025\/10\/251019-1.png 1565w\" sizes=\"auto, (max-width: 1024px) 100vw, 1024px\" \/><\/figure>\n\n\n\n<p><\/p>\n","protected":false},"excerpt":{"rendered":"<p>\u00c9vk\u00f6zi 29. vas\u00e1rnapA szentmise olvasm\u00e1nyai<\/p>\n","protected":false},"author":1,"featured_media":0,"comment_status":"closed","ping_status":"open","sticky":false,"template":"","format":"standard","meta":{"footnotes":""},"categories":[3],"tags":[],"class_list":["post-7744","post","type-post","status-publish","format-standard","hentry","category-hirdetesek"],"_links":{"self":[{"href":"https:\/\/marcali.plebania.hu\/index.php?rest_route=\/wp\/v2\/posts\/7744","targetHints":{"allow":["GET"]}}],"collection":[{"href":"https:\/\/marcali.plebania.hu\/index.php?rest_route=\/wp\/v2\/posts"}],"about":[{"href":"https:\/\/marcali.plebania.hu\/index.php?rest_route=\/wp\/v2\/types\/post"}],"author":[{"embeddable":true,"href":"https:\/\/marcali.plebania.hu\/index.php?rest_route=\/wp\/v2\/users\/1"}],"replies":[{"embeddable":true,"href":"https:\/\/marcali.plebania.hu\/index.php?rest_route=%2Fwp%2Fv2%2Fcomments&post=7744"}],"version-history":[{"count":3,"href":"https:\/\/marcali.plebania.hu\/index.php?rest_route=\/wp\/v2\/posts\/7744\/revisions"}],"predecessor-version":[{"id":7749,"href":"https:\/\/marcali.plebania.hu\/index.php?rest_route=\/wp\/v2\/posts\/7744\/revisions\/7749"}],"wp:attachment":[{"href":"https:\/\/marcali.plebania.hu\/index.php?rest_route=%2Fwp%2Fv2%2Fmedia&parent=7744"}],"wp:term":[{"taxonomy":"category","embeddable":true,"href":"https:\/\/marcali.plebania.hu\/index.php?rest_route=%2Fwp%2Fv2%2Fcategories&post=7744"},{"taxonomy":"post_tag","embeddable":true,"href":"https:\/\/marcali.plebania.hu\/index.php?rest_route=%2Fwp%2Fv2%2Ftags&post=7744"}],"curies":[{"name":"wp","href":"https:\/\/api.w.org\/{rel}","templated":true}]}}