{"id":7752,"date":"2025-10-21T13:41:41","date_gmt":"2025-10-21T13:41:41","guid":{"rendered":"https:\/\/marcali.plebania.hu\/?p=7752"},"modified":"2025-10-21T13:41:41","modified_gmt":"2025-10-21T13:41:41","slug":"sagvari-robert-miert-hiszek-kesz-eloadas-az-x-hazban","status":"publish","type":"post","link":"https:\/\/marcali.plebania.hu\/?p=7752","title":{"rendered":"S\u00e1gv\u00e1ri R\u00f3bert: Mi\u00e9rt hiszek? \u2013 K\u00c9SZ el\u0151ad\u00e1s az X-h\u00e1zban"},"content":{"rendered":"\n<p>2025. okt\u00f3ber 16-\u00e1n, cs\u00fct\u00f6rt\u00f6k\u00f6n 18.15 \u00f3r\u00e1t\u00f3l S\u00e1gv\u00e1ri R\u00f3bert: Mi\u00e9rt hiszek? c\u00edmmel tartott tan\u00fas\u00e1gtev\u0151 el\u0151ad\u00e1st az egyh\u00e1zk\u00f6zs\u00e9g k\u00f6z\u00f6ss\u00e9gi h\u00e1z\u00e1ban (D\u00f3zsa u. 3.) a Kereszt\u00e9ny \u00c9rtelmis\u00e9giek Sz\u00f6vets\u00e9ge (K\u00c9SZ) Marcali Csoportja szervez\u00e9s\u00e9ben.<\/p>\n\n\n\n<figure class=\"wp-block-gallery has-nested-images columns-default is-cropped wp-block-gallery-1 is-layout-flex wp-block-gallery-is-layout-flex\">\n<figure class=\"wp-block-image size-large\"><img loading=\"lazy\" decoding=\"async\" width=\"1024\" height=\"683\" data-id=\"7753\" src=\"https:\/\/marcali.plebania.hu\/wp-content\/uploads\/2025\/10\/02-1024x683.jpg\" alt=\"\" class=\"wp-image-7753\" srcset=\"https:\/\/marcali.plebania.hu\/wp-content\/uploads\/2025\/10\/02-1024x683.jpg 1024w, https:\/\/marcali.plebania.hu\/wp-content\/uploads\/2025\/10\/02-300x200.jpg 300w, https:\/\/marcali.plebania.hu\/wp-content\/uploads\/2025\/10\/02-768x512.jpg 768w, https:\/\/marcali.plebania.hu\/wp-content\/uploads\/2025\/10\/02-1536x1024.jpg 1536w, https:\/\/marcali.plebania.hu\/wp-content\/uploads\/2025\/10\/02-2048x1365.jpg 2048w, https:\/\/marcali.plebania.hu\/wp-content\/uploads\/2025\/10\/02-405x270.jpg 405w\" sizes=\"auto, (max-width: 1024px) 100vw, 1024px\" \/><\/figure>\n\n\n\n<figure class=\"wp-block-image size-large\"><img loading=\"lazy\" decoding=\"async\" width=\"1024\" height=\"683\" data-id=\"7755\" src=\"https:\/\/marcali.plebania.hu\/wp-content\/uploads\/2025\/10\/03-1024x683.jpg\" alt=\"\" class=\"wp-image-7755\" srcset=\"https:\/\/marcali.plebania.hu\/wp-content\/uploads\/2025\/10\/03-1024x683.jpg 1024w, https:\/\/marcali.plebania.hu\/wp-content\/uploads\/2025\/10\/03-300x200.jpg 300w, https:\/\/marcali.plebania.hu\/wp-content\/uploads\/2025\/10\/03-768x512.jpg 768w, https:\/\/marcali.plebania.hu\/wp-content\/uploads\/2025\/10\/03-1536x1024.jpg 1536w, https:\/\/marcali.plebania.hu\/wp-content\/uploads\/2025\/10\/03-2048x1365.jpg 2048w, https:\/\/marcali.plebania.hu\/wp-content\/uploads\/2025\/10\/03-405x270.jpg 405w\" sizes=\"auto, (max-width: 1024px) 100vw, 1024px\" \/><\/figure>\n\n\n\n<figure class=\"wp-block-image size-large\"><img loading=\"lazy\" decoding=\"async\" width=\"1024\" height=\"683\" data-id=\"7754\" src=\"https:\/\/marcali.plebania.hu\/wp-content\/uploads\/2025\/10\/04-1024x683.jpg\" alt=\"\" class=\"wp-image-7754\" srcset=\"https:\/\/marcali.plebania.hu\/wp-content\/uploads\/2025\/10\/04-1024x683.jpg 1024w, https:\/\/marcali.plebania.hu\/wp-content\/uploads\/2025\/10\/04-300x200.jpg 300w, https:\/\/marcali.plebania.hu\/wp-content\/uploads\/2025\/10\/04-768x512.jpg 768w, https:\/\/marcali.plebania.hu\/wp-content\/uploads\/2025\/10\/04-1536x1024.jpg 1536w, https:\/\/marcali.plebania.hu\/wp-content\/uploads\/2025\/10\/04-2048x1365.jpg 2048w, https:\/\/marcali.plebania.hu\/wp-content\/uploads\/2025\/10\/04-405x270.jpg 405w\" sizes=\"auto, (max-width: 1024px) 100vw, 1024px\" \/><\/figure>\n\n\n\n<figure class=\"wp-block-image size-large\"><img loading=\"lazy\" decoding=\"async\" width=\"1024\" height=\"683\" data-id=\"7756\" src=\"https:\/\/marcali.plebania.hu\/wp-content\/uploads\/2025\/10\/05-1024x683.jpg\" alt=\"\" class=\"wp-image-7756\" srcset=\"https:\/\/marcali.plebania.hu\/wp-content\/uploads\/2025\/10\/05-1024x683.jpg 1024w, https:\/\/marcali.plebania.hu\/wp-content\/uploads\/2025\/10\/05-300x200.jpg 300w, https:\/\/marcali.plebania.hu\/wp-content\/uploads\/2025\/10\/05-768x512.jpg 768w, https:\/\/marcali.plebania.hu\/wp-content\/uploads\/2025\/10\/05-1536x1024.jpg 1536w, https:\/\/marcali.plebania.hu\/wp-content\/uploads\/2025\/10\/05-2048x1365.jpg 2048w, https:\/\/marcali.plebania.hu\/wp-content\/uploads\/2025\/10\/05-405x270.jpg 405w\" sizes=\"auto, (max-width: 1024px) 100vw, 1024px\" \/><\/figure>\n<\/figure>\n\n\n\n<p>A rendezv\u00e9ny r\u00e9sztvev\u0151it \u00e9s a vend\u00e9get Molik Edit, az el\u0151ad\u00e1s-sorozat \u00f6tletgazd\u00e1ja \u00e9s f\u0151 szervez\u0151je k\u00f6sz\u00f6nt\u00f6tte, majd bevezet\u0151 gondolatai ut\u00e1n, Kiss K\u00e1lm\u00e1n, a K\u00c9SZ helyi csoportj\u00e1nak eln\u00f6ke mutatta be a megh\u00edvott, de v\u00e1rosszerte k\u00f6zismert el\u0151ad\u00f3t.<\/p>\n\n\n\n<p>Ezt k\u00f6vet\u0151en S\u00e1gv\u00e1ri R\u00f3bert vette \u00e1t a sz\u00f3t, aki egy vid\u00e1m hangulat\u00fa el\u0151ad\u00e1st tartott, melynek keret\u00e9n bel\u00fcl besz\u00e9lt sz\u00e1rmaz\u00e1s\u00e1r\u00f3l, gyermekkor\u00e1r\u00f3l, nem mindennapi \u00e9let\u00e9r\u0151l, k\u00fczdelmeir\u0151l. Az \u00e1cs, tet\u0151fed\u0151 \u00e9s b\u00e1dogos munk\u00e1ja mellett a gyermeknevel\u00e9s neh\u00e9zs\u00e9geivel is meg kellett birk\u00f3znia egyed\u00fcl\u00e1ll\u00f3k\u00e9nt, m\u00edg v\u00e9g\u00fcl a J\u00f3isten, Tombor Erzs\u00e9bet szem\u00e9lyben megfelel\u0151 t\u00e1rsat adott hozz\u00e1. Robi feleleven\u00edtette a zene ir\u00e1nti szeretet\u00e9t, eg\u00e9szen a kezdetekt\u0151l a F\u00e9ny Gyermekei Katolikus Zenekar megalap\u00edt\u00e1s\u00e1ig, amely v\u00e9g\u00fcl Kiss Iv\u00e1n pl\u00e9b\u00e1nos (1993-2023) idej\u00e9ben teljesedett ki. Az el\u0151ad\u00e1s k\u00f6zben t\u00f6bb zenesz\u00e1m is elhangzott az ut\u00f3dzenekar vezet\u0151j\u00e9nek, Szab\u00f3 Andre\u00e1nak a k\u00f6zrem\u0171k\u00f6d\u00e9s\u00e9vel, aki szinte m\u00e9g gyerekk\u00e9nt kapcsol\u00f3dott be abba a zenei szolg\u00e1latba, ami meghat\u00e1rozta az egy\u00fcttes ir\u00e1nyvonal\u00e1t. K\u00e9s\u0151bb m\u00e1r nemcsak a v\u00e1rosban, hanem a k\u00f6rny\u00e9ken, s\u0151t megye szerte is nevesek lettek. Munk\u00e1juk elismer\u00e9sek\u00e9nt elnyert\u00e9k el\u0151sz\u00f6r Marcali V\u00e1ros Alkot\u00f3i, majd pedig a Somogy Polg\u00e1rai\u00e9rt D\u00edjat. Erre az est\u00e9re S\u00e1gv\u00e1ri R\u00f3bert elhozta ezeket a relikvi\u00e1kat, az \u00e1ltala olvasott Bibli\u00e1kat, \u00e9s r\u00e9gi f\u00e9nyk\u00e9peket is, melyeket a jelenl\u00e9v\u0151knek meg lehetett tekinteni. Hitvall\u00e1sa szerint, hogy \u0151 szem\u00e9lyesen mi\u00e9rt hisz? A k\u00f6vetkez\u0151kkel foglalta \u00f6ssze r\u00f6viden: \u201eIsten n\u00e9lk\u00fcl lehet ugyan \u00e9lni, de nem \u00e9rdemes!\u201d<\/p>\n\n\n\n<figure class=\"wp-block-gallery has-nested-images columns-default is-cropped wp-block-gallery-2 is-layout-flex wp-block-gallery-is-layout-flex\">\n<figure class=\"wp-block-image size-large\"><img loading=\"lazy\" decoding=\"async\" width=\"1024\" height=\"683\" data-id=\"7759\" src=\"https:\/\/marcali.plebania.hu\/wp-content\/uploads\/2025\/10\/11-1024x683.jpg\" alt=\"\" class=\"wp-image-7759\" srcset=\"https:\/\/marcali.plebania.hu\/wp-content\/uploads\/2025\/10\/11-1024x683.jpg 1024w, https:\/\/marcali.plebania.hu\/wp-content\/uploads\/2025\/10\/11-300x200.jpg 300w, https:\/\/marcali.plebania.hu\/wp-content\/uploads\/2025\/10\/11-768x512.jpg 768w, https:\/\/marcali.plebania.hu\/wp-content\/uploads\/2025\/10\/11-1536x1024.jpg 1536w, https:\/\/marcali.plebania.hu\/wp-content\/uploads\/2025\/10\/11-2048x1365.jpg 2048w, https:\/\/marcali.plebania.hu\/wp-content\/uploads\/2025\/10\/11-405x270.jpg 405w\" sizes=\"auto, (max-width: 1024px) 100vw, 1024px\" \/><\/figure>\n\n\n\n<figure class=\"wp-block-image size-large\"><img loading=\"lazy\" decoding=\"async\" width=\"1024\" height=\"683\" data-id=\"7762\" src=\"https:\/\/marcali.plebania.hu\/wp-content\/uploads\/2025\/10\/24-1024x683.jpg\" alt=\"\" class=\"wp-image-7762\" srcset=\"https:\/\/marcali.plebania.hu\/wp-content\/uploads\/2025\/10\/24-1024x683.jpg 1024w, https:\/\/marcali.plebania.hu\/wp-content\/uploads\/2025\/10\/24-300x200.jpg 300w, https:\/\/marcali.plebania.hu\/wp-content\/uploads\/2025\/10\/24-768x512.jpg 768w, https:\/\/marcali.plebania.hu\/wp-content\/uploads\/2025\/10\/24-1536x1024.jpg 1536w, https:\/\/marcali.plebania.hu\/wp-content\/uploads\/2025\/10\/24-2048x1365.jpg 2048w, https:\/\/marcali.plebania.hu\/wp-content\/uploads\/2025\/10\/24-405x270.jpg 405w\" sizes=\"auto, (max-width: 1024px) 100vw, 1024px\" \/><\/figure>\n\n\n\n<figure class=\"wp-block-image size-large\"><img loading=\"lazy\" decoding=\"async\" width=\"1024\" height=\"683\" data-id=\"7761\" src=\"https:\/\/marcali.plebania.hu\/wp-content\/uploads\/2025\/10\/21-1024x683.jpg\" alt=\"\" class=\"wp-image-7761\" srcset=\"https:\/\/marcali.plebania.hu\/wp-content\/uploads\/2025\/10\/21-1024x683.jpg 1024w, https:\/\/marcali.plebania.hu\/wp-content\/uploads\/2025\/10\/21-300x200.jpg 300w, https:\/\/marcali.plebania.hu\/wp-content\/uploads\/2025\/10\/21-768x512.jpg 768w, https:\/\/marcali.plebania.hu\/wp-content\/uploads\/2025\/10\/21-1536x1024.jpg 1536w, https:\/\/marcali.plebania.hu\/wp-content\/uploads\/2025\/10\/21-2048x1365.jpg 2048w, https:\/\/marcali.plebania.hu\/wp-content\/uploads\/2025\/10\/21-405x270.jpg 405w\" sizes=\"auto, (max-width: 1024px) 100vw, 1024px\" \/><\/figure>\n\n\n\n<figure class=\"wp-block-image size-large\"><img loading=\"lazy\" decoding=\"async\" width=\"1024\" height=\"683\" data-id=\"7760\" src=\"https:\/\/marcali.plebania.hu\/wp-content\/uploads\/2025\/10\/12-1024x683.jpg\" alt=\"\" class=\"wp-image-7760\" srcset=\"https:\/\/marcali.plebania.hu\/wp-content\/uploads\/2025\/10\/12-1024x683.jpg 1024w, https:\/\/marcali.plebania.hu\/wp-content\/uploads\/2025\/10\/12-300x200.jpg 300w, https:\/\/marcali.plebania.hu\/wp-content\/uploads\/2025\/10\/12-768x512.jpg 768w, https:\/\/marcali.plebania.hu\/wp-content\/uploads\/2025\/10\/12-1536x1024.jpg 1536w, https:\/\/marcali.plebania.hu\/wp-content\/uploads\/2025\/10\/12-2048x1365.jpg 2048w, https:\/\/marcali.plebania.hu\/wp-content\/uploads\/2025\/10\/12-405x270.jpg 405w\" sizes=\"auto, (max-width: 1024px) 100vw, 1024px\" \/><\/figure>\n<\/figure>\n\n\n\n<p>A rendezv\u00e9ny k\u00f6tetlen hangulat\u00fa besz\u00e9lget\u00e9ssel z\u00e1rult, mik\u00f6zben a megjelenteket pog\u00e1cs\u00e1val \u00e9s \u00fcd\u00edt\u0151kkel vend\u00e9gelt\u00e9k meg \u2013 a h\u00edvek j\u00f3volt\u00e1b\u00f3l \u2013 a szervez\u0151k.<\/p>\n\n\n\n<p>A rendezv\u00e9nyt megtisztelte jelenl\u00e9t\u00e9vel Tomanek Ferenc \u00c1ron pl\u00e9b\u00e1nos \u00e9s Galambos Ferenc helyettes pl\u00e9b\u00e1nos; valamint Huszti G\u00e1bor, a Somogy V\u00e1rmegyei K\u00f6zgy\u0171l\u00e9s P\u00e9nz\u00fcgyi \u00e9s Jogi Bizotts\u00e1g\u00e1nak eln\u00f6ke; Moln\u00e1r \u00c1gnes Anna helyi \u00f6nkorm\u00e1nyzati k\u00e9pvisel\u0151; Szaka Zsolt, a Marcali \u00e9s K\u00f6rny\u00e9ke Hagyom\u00e1ny\u0151rz\u0151 Ipartest\u00fclet eln\u00f6ke; tov\u00e1bb\u00e1 az egyh\u00e1zk\u00f6zs\u00e9g k\u00f6z\u00f6ss\u00e9geinek; illetve a Marcali civil szervezetek tagjai is.<\/p>\n\n\n\n<figure class=\"wp-block-gallery has-nested-images columns-default is-cropped wp-block-gallery-3 is-layout-flex wp-block-gallery-is-layout-flex\">\n<figure class=\"wp-block-image size-large\"><img loading=\"lazy\" decoding=\"async\" width=\"1024\" height=\"683\" data-id=\"7763\" src=\"https:\/\/marcali.plebania.hu\/wp-content\/uploads\/2025\/10\/30-1024x683.jpg\" alt=\"\" class=\"wp-image-7763\" srcset=\"https:\/\/marcali.plebania.hu\/wp-content\/uploads\/2025\/10\/30-1024x683.jpg 1024w, https:\/\/marcali.plebania.hu\/wp-content\/uploads\/2025\/10\/30-300x200.jpg 300w, https:\/\/marcali.plebania.hu\/wp-content\/uploads\/2025\/10\/30-768x512.jpg 768w, https:\/\/marcali.plebania.hu\/wp-content\/uploads\/2025\/10\/30-1536x1024.jpg 1536w, https:\/\/marcali.plebania.hu\/wp-content\/uploads\/2025\/10\/30-2048x1365.jpg 2048w, https:\/\/marcali.plebania.hu\/wp-content\/uploads\/2025\/10\/30-405x270.jpg 405w\" sizes=\"auto, (max-width: 1024px) 100vw, 1024px\" \/><\/figure>\n<\/figure>\n\n\n\n<p>A \u201eMi\u00e9rt hiszek?\u201d c\u00edm\u0171 el\u0151ad\u00e1s-sorozat k\u00f6vetkez\u0151 el\u0151ad\u00e1sa novemberben (m\u00e9g szervez\u00e9s alatt a pontos d\u00e1tum) folytat\u00f3dik majd, amikor dr. Rajnics P\u00e9ter kaposv\u00e1ri hematol\u00f3gus-orvos lesz a vend\u00e9g.<\/p>\n\n\n\n<p>\u00cdrta: K\u00c9SZ Marcali Csoport\/Kiss K\u00e1lm\u00e1n<\/p>\n\n\n\n<p>Fot\u00f3k: Szaka Zsolt \u00e9s Kiss K\u00e1lm\u00e1n<\/p>\n","protected":false},"excerpt":{"rendered":"<p>2025. okt\u00f3ber 16-\u00e1n, cs\u00fct\u00f6rt\u00f6k\u00f6n 18.15 \u00f3r\u00e1t\u00f3l S\u00e1gv\u00e1ri R\u00f3bert: Mi\u00e9rt hiszek? c\u00edmmel tartott tan\u00fas\u00e1gtev\u0151 el\u0151ad\u00e1st az egyh\u00e1zk\u00f6zs\u00e9g k\u00f6z\u00f6ss\u00e9gi h\u00e1z\u00e1ban (D\u00f3zsa u. 3.) a Kereszt\u00e9ny \u00c9rtelmis\u00e9giek Sz\u00f6vets\u00e9ge (K\u00c9SZ) Marcali Csoportja szervez\u00e9s\u00e9ben. A rendezv\u00e9ny r\u00e9sztvev\u0151it \u00e9s a vend\u00e9get Molik Edit, az el\u0151ad\u00e1s-sorozat \u00f6tletgazd\u00e1ja \u00e9s f\u0151 szervez\u0151je k\u00f6sz\u00f6nt\u00f6tte, majd bevezet\u0151 gondolatai ut\u00e1n, Kiss K\u00e1lm\u00e1n, a K\u00c9SZ helyi csoportj\u00e1nak eln\u00f6ke mutatta be a megh\u00edvott, de v\u00e1rosszerte k\u00f6zismert el\u0151ad\u00f3t. Ezt k\u00f6vet\u0151en S\u00e1gv\u00e1ri R\u00f3bert vette \u00e1t a sz\u00f3t, aki egy vid\u00e1m hangulat\u00fa el\u0151ad\u00e1st tartott, melynek keret\u00e9n bel\u00fcl&#8230;<\/p>\n<p class=\"read-more\"><a class=\"btn btn-default\" href=\"https:\/\/marcali.plebania.hu\/?p=7752\"> Read More<span class=\"screen-reader-text\">  Read More<\/span><\/a><\/p>\n","protected":false},"author":2,"featured_media":0,"comment_status":"closed","ping_status":"open","sticky":false,"template":"","format":"standard","meta":{"footnotes":""},"categories":[1],"tags":[],"class_list":["post-7752","post","type-post","status-publish","format-standard","hentry","category-egyeb"],"_links":{"self":[{"href":"https:\/\/marcali.plebania.hu\/index.php?rest_route=\/wp\/v2\/posts\/7752","targetHints":{"allow":["GET"]}}],"collection":[{"href":"https:\/\/marcali.plebania.hu\/index.php?rest_route=\/wp\/v2\/posts"}],"about":[{"href":"https:\/\/marcali.plebania.hu\/index.php?rest_route=\/wp\/v2\/types\/post"}],"author":[{"embeddable":true,"href":"https:\/\/marcali.plebania.hu\/index.php?rest_route=\/wp\/v2\/users\/2"}],"replies":[{"embeddable":true,"href":"https:\/\/marcali.plebania.hu\/index.php?rest_route=%2Fwp%2Fv2%2Fcomments&post=7752"}],"version-history":[{"count":1,"href":"https:\/\/marcali.plebania.hu\/index.php?rest_route=\/wp\/v2\/posts\/7752\/revisions"}],"predecessor-version":[{"id":7764,"href":"https:\/\/marcali.plebania.hu\/index.php?rest_route=\/wp\/v2\/posts\/7752\/revisions\/7764"}],"wp:attachment":[{"href":"https:\/\/marcali.plebania.hu\/index.php?rest_route=%2Fwp%2Fv2%2Fmedia&parent=7752"}],"wp:term":[{"taxonomy":"category","embeddable":true,"href":"https:\/\/marcali.plebania.hu\/index.php?rest_route=%2Fwp%2Fv2%2Fcategories&post=7752"},{"taxonomy":"post_tag","embeddable":true,"href":"https:\/\/marcali.plebania.hu\/index.php?rest_route=%2Fwp%2Fv2%2Ftags&post=7752"}],"curies":[{"name":"wp","href":"https:\/\/api.w.org\/{rel}","templated":true}]}}