{"id":7766,"date":"2025-10-25T23:41:31","date_gmt":"2025-10-25T23:41:31","guid":{"rendered":"https:\/\/marcali.plebania.hu\/?p=7766"},"modified":"2025-10-25T23:41:31","modified_gmt":"2025-10-25T23:41:31","slug":"hirdetesek-2025-oktober-26-an","status":"publish","type":"post","link":"https:\/\/marcali.plebania.hu\/?p=7766","title":{"rendered":"Hirdet\u00e9sek 2025. okt\u00f3ber 26-\u00e1n"},"content":{"rendered":"\n<p><strong>\u00c9vk\u00f6zi 30. vas\u00e1rnap<\/strong><br><strong><a href=\"https:\/\/igenaptar.katolikus.hu\/nap\/index.php?holnap=2025-10-26\" target=\"_blank\" rel=\"noreferrer noopener\">A szentmise olvasm\u00e1nyai<\/a><\/strong><\/p>\n\n\n\n<ol class=\"wp-block-list\">\n<li>J\u00f6v\u0151 \u00e9vi <strong>napt\u00e1r<\/strong> \u00e9s <strong>kalend\u00e1rium<\/strong> a sekresty\u00e9ben kaphat\u00f3.<\/li>\n\n\n\n<li>A <strong>Sz\u00edvem els\u0151 gondolata<\/strong> k\u00f6nyv \u00e1ra, csoportos kedvezm\u00e9nnyel \u00e9s sz\u00e1ll\u00edt\u00e1si k\u00f6lts\u00e9ggel egy\u00fctt darabonk\u00e9nt 2750 Ft. Hirdetni fogjuk, amikor m\u00e1r \u00e1tvehet\u0151 lesz a sekresty\u00e9ben \u00e9s az irod\u00e1ban mindazok sz\u00e1m\u00e1ra, akik feliratkoztak a csoportos rendel\u00e9sre.<\/li>\n\n\n\n<li>A <strong>lelki adopt\u00e1l\u00f3k<\/strong> okt\u00f3beri <strong>tal\u00e1lkoz\u00f3ja<\/strong> <span style=\"text-decoration: underline;\">szerd\u00e1n<\/span> lesz a pl\u00e9b\u00e1niatemplomban: 16:45-t\u0151l \u0151k vezetik a k\u00f6z\u00f6s r\u00f3zsaf\u00fcz\u00e9r im\u00e1ds\u00e1got. Ut\u00e1na igeliturgia lesz a templomban 17:30-t\u00f3l.<\/li>\n\n\n\n<li>K\u00f6sz\u00f6nj\u00fck a jelentkez\u00e9seket az <strong>ima-b\u00f6jt szolg\u00e1lat<\/strong>ra, amit a pl\u00e9b\u00e1ni\u00e1\u00e9rt v\u00e1llaltak. Egyed\u00fcl a 16-a maradt im\u00e1dkoz\u00f3 n\u00e9lk\u00fcl. K\u00e9rj\u00fck, aki v\u00e1llalja, hogy havonta ezen a napon im\u00e1dkozik \u00e9s\/vagy valamilyen \u00e1ldozatot hoz pl\u00e9b\u00e1ni\u00e1nk k\u00f6z\u00f6ss\u00e9g\u00e9\u00e9rt, jelentkezzen a sekresty\u00e9ben vagy az irod\u00e1ban.<\/li>\n\n\n\n<li><strong>Mindenszentek f\u0151\u00fcnnepe<\/strong> (nov. 1.) parancsolt \u00fcnnep\u00fcnk, az \u00f6sszes \u00fcdv\u00f6z\u00fclt l\u00e9lek tisztelet\u00e9re. A vas\u00e1rnaphoz hasonl\u00f3an a parancsolt \u00fcnnepeken is hitb\u0151l fakad\u00f3 k\u00f6teless\u00e9g\u00fcnk r\u00e9szt venni valamelyik mis\u00e9n (hanyags\u00e1gb\u00f3l t\u00f6rt\u00e9n\u0151 elmulaszt\u00e1sa hal\u00e1los b\u0171n). <span style=\"text-decoration: underline;\">P\u00e9nteken<\/span> 17:30-kor kezd\u0151dik az el\u0151esti mise, <span style=\"text-decoration: underline;\">szombaton<\/span> 9:00-kor a pl\u00e9b\u00e1niatemplomban (zenekar) \u00e9s 17:00-kor a temet\u0151ben, melynek v\u00e9g\u00e9n egy\u00fctt im\u00e1dkozunk elhunytjaink\u00e9rt. <\/li>\n\n\n\n<li><strong>Halottak napj\u00e1n<\/strong> a vas\u00e1rnapi miserendet k\u00f6vetj\u00fck, de az esti szentmise a Boldog Gizella-templom altemplom\u00e1ban lesz.<\/li>\n<\/ol>\n\n\n\n<hr class=\"wp-block-separator has-alpha-channel-opacity\"\/>\n\n\n\n<figure class=\"wp-block-image size-large\"><img loading=\"lazy\" decoding=\"async\" width=\"1024\" height=\"661\" src=\"https:\/\/marcali.plebania.hu\/wp-content\/uploads\/2025\/10\/251026-1024x661.png\" alt=\"\" class=\"wp-image-7767\" srcset=\"https:\/\/marcali.plebania.hu\/wp-content\/uploads\/2025\/10\/251026-1024x661.png 1024w, https:\/\/marcali.plebania.hu\/wp-content\/uploads\/2025\/10\/251026-300x194.png 300w, https:\/\/marcali.plebania.hu\/wp-content\/uploads\/2025\/10\/251026-768x496.png 768w, https:\/\/marcali.plebania.hu\/wp-content\/uploads\/2025\/10\/251026-1536x992.png 1536w, https:\/\/marcali.plebania.hu\/wp-content\/uploads\/2025\/10\/251026-418x270.png 418w, https:\/\/marcali.plebania.hu\/wp-content\/uploads\/2025\/10\/251026.png 1673w\" sizes=\"auto, (max-width: 1024px) 100vw, 1024px\" \/><\/figure>\n","protected":false},"excerpt":{"rendered":"<p>\u00c9vk\u00f6zi 30. vas\u00e1rnapA szentmise olvasm\u00e1nyai<\/p>\n","protected":false},"author":1,"featured_media":0,"comment_status":"closed","ping_status":"open","sticky":false,"template":"","format":"standard","meta":{"footnotes":""},"categories":[1],"tags":[],"class_list":["post-7766","post","type-post","status-publish","format-standard","hentry","category-egyeb"],"_links":{"self":[{"href":"https:\/\/marcali.plebania.hu\/index.php?rest_route=\/wp\/v2\/posts\/7766","targetHints":{"allow":["GET"]}}],"collection":[{"href":"https:\/\/marcali.plebania.hu\/index.php?rest_route=\/wp\/v2\/posts"}],"about":[{"href":"https:\/\/marcali.plebania.hu\/index.php?rest_route=\/wp\/v2\/types\/post"}],"author":[{"embeddable":true,"href":"https:\/\/marcali.plebania.hu\/index.php?rest_route=\/wp\/v2\/users\/1"}],"replies":[{"embeddable":true,"href":"https:\/\/marcali.plebania.hu\/index.php?rest_route=%2Fwp%2Fv2%2Fcomments&post=7766"}],"version-history":[{"count":3,"href":"https:\/\/marcali.plebania.hu\/index.php?rest_route=\/wp\/v2\/posts\/7766\/revisions"}],"predecessor-version":[{"id":7770,"href":"https:\/\/marcali.plebania.hu\/index.php?rest_route=\/wp\/v2\/posts\/7766\/revisions\/7770"}],"wp:attachment":[{"href":"https:\/\/marcali.plebania.hu\/index.php?rest_route=%2Fwp%2Fv2%2Fmedia&parent=7766"}],"wp:term":[{"taxonomy":"category","embeddable":true,"href":"https:\/\/marcali.plebania.hu\/index.php?rest_route=%2Fwp%2Fv2%2Fcategories&post=7766"},{"taxonomy":"post_tag","embeddable":true,"href":"https:\/\/marcali.plebania.hu\/index.php?rest_route=%2Fwp%2Fv2%2Ftags&post=7766"}],"curies":[{"name":"wp","href":"https:\/\/api.w.org\/{rel}","templated":true}]}}