{"id":777,"date":"2019-04-22T15:33:42","date_gmt":"2019-04-22T15:33:42","guid":{"rendered":"https:\/\/marcali.plebania.hu\/?p=777"},"modified":"2019-04-22T15:33:42","modified_gmt":"2019-04-22T15:33:42","slug":"barkaszenteles-passioenekles-viragvasarnap","status":"publish","type":"post","link":"https:\/\/marcali.plebania.hu\/?p=777","title":{"rendered":"Barkaszentel\u00e9s, passi\u00f3\u00e9nekl\u00e9s \u2013 Vir\u00e1gvas\u00e1rnap"},"content":{"rendered":"\n<p>2019. \u00e1prilis 14-\u00e9n, vas\u00e1rnap 9 \u00f3rakor kezd\u0151d\u00f6tt a vir\u00e1gvas\u00e1rnapi reggeli szentmise Marcaliban. A v\u00e1ros k\u00f6zpontj\u00e1ban l\u00e9v\u0151 l\u00e1mp\u00e1s csom\u00f3pontn\u00e1l, a Kop\u00e1ri-sarokkal szemben, a Pet\u0151fi-R\u00e1k\u00f3czi utca sark\u00e1n\u00e1l gy\u00fclekeztek a h\u00edvek, ahol a liturgia barkaszentel\u00e9ssel kezd\u0151d\u00f6tt.<\/p>\n\n\n\n<ul class=\"wp-block-gallery columns-3 is-cropped wp-block-gallery-1 is-layout-flex wp-block-gallery-is-layout-flex\"><li class=\"blocks-gallery-item\"><figure><img loading=\"lazy\" decoding=\"async\" width=\"1024\" height=\"683\" src=\"https:\/\/marcali.plebania.hu\/wp-content\/uploads\/2019\/04\/06-1024x683.jpg\" alt=\"\" data-id=\"778\" data-link=\"https:\/\/marcali.plebania.hu\/?attachment_id=778\" class=\"wp-image-778\" srcset=\"https:\/\/marcali.plebania.hu\/wp-content\/uploads\/2019\/04\/06-1024x683.jpg 1024w, https:\/\/marcali.plebania.hu\/wp-content\/uploads\/2019\/04\/06-300x200.jpg 300w, https:\/\/marcali.plebania.hu\/wp-content\/uploads\/2019\/04\/06-768x512.jpg 768w, https:\/\/marcali.plebania.hu\/wp-content\/uploads\/2019\/04\/06-405x270.jpg 405w\" sizes=\"auto, (max-width: 1024px) 100vw, 1024px\" \/><\/figure><\/li><li class=\"blocks-gallery-item\"><figure><img loading=\"lazy\" decoding=\"async\" width=\"1024\" height=\"683\" src=\"https:\/\/marcali.plebania.hu\/wp-content\/uploads\/2019\/04\/07-1-1024x683.jpg\" alt=\"\" data-id=\"779\" data-link=\"https:\/\/marcali.plebania.hu\/?attachment_id=779\" class=\"wp-image-779\" srcset=\"https:\/\/marcali.plebania.hu\/wp-content\/uploads\/2019\/04\/07-1-1024x683.jpg 1024w, https:\/\/marcali.plebania.hu\/wp-content\/uploads\/2019\/04\/07-1-300x200.jpg 300w, https:\/\/marcali.plebania.hu\/wp-content\/uploads\/2019\/04\/07-1-768x512.jpg 768w, https:\/\/marcali.plebania.hu\/wp-content\/uploads\/2019\/04\/07-1-405x270.jpg 405w\" sizes=\"auto, (max-width: 1024px) 100vw, 1024px\" \/><\/figure><\/li><li class=\"blocks-gallery-item\"><figure><img loading=\"lazy\" decoding=\"async\" width=\"1024\" height=\"683\" src=\"https:\/\/marcali.plebania.hu\/wp-content\/uploads\/2019\/04\/09-2-1024x683.jpg\" alt=\"\" data-id=\"780\" data-link=\"https:\/\/marcali.plebania.hu\/?attachment_id=780\" class=\"wp-image-780\" srcset=\"https:\/\/marcali.plebania.hu\/wp-content\/uploads\/2019\/04\/09-2-1024x683.jpg 1024w, https:\/\/marcali.plebania.hu\/wp-content\/uploads\/2019\/04\/09-2-300x200.jpg 300w, https:\/\/marcali.plebania.hu\/wp-content\/uploads\/2019\/04\/09-2-768x512.jpg 768w, https:\/\/marcali.plebania.hu\/wp-content\/uploads\/2019\/04\/09-2-405x270.jpg 405w\" sizes=\"auto, (max-width: 1024px) 100vw, 1024px\" \/><\/figure><\/li><li class=\"blocks-gallery-item\"><figure><img loading=\"lazy\" decoding=\"async\" width=\"1024\" height=\"683\" src=\"https:\/\/marcali.plebania.hu\/wp-content\/uploads\/2019\/04\/08-2-1024x683.jpg\" alt=\"\" data-id=\"781\" data-link=\"https:\/\/marcali.plebania.hu\/?attachment_id=781\" class=\"wp-image-781\" srcset=\"https:\/\/marcali.plebania.hu\/wp-content\/uploads\/2019\/04\/08-2-1024x683.jpg 1024w, https:\/\/marcali.plebania.hu\/wp-content\/uploads\/2019\/04\/08-2-300x200.jpg 300w, https:\/\/marcali.plebania.hu\/wp-content\/uploads\/2019\/04\/08-2-768x512.jpg 768w, https:\/\/marcali.plebania.hu\/wp-content\/uploads\/2019\/04\/08-2-405x270.jpg 405w\" sizes=\"auto, (max-width: 1024px) 100vw, 1024px\" \/><\/figure><\/li><\/ul>\n\n\n\n<p>A h\u00edvek \u00e1ltal hozott bark\u00e1kat a k\u00f6vetkez\u0151 szavakkal \u00e1ldott meg Kiss Iv\u00e1n c. pr\u00e9post, esperes-pl\u00e9b\u00e1nos: <em>\u201eMindenhat\u00f3, \u00f6r\u00f6k Isten, szenteld meg \u00e1ld\u00e1soddal ezeket az \u00e1gakat, hogy mi, akik most \u00f6rvendezve l\u00e9p\u00fcnk Krisztus Kir\u00e1ly nyom\u00e1ba, \u0151\u00e1ltala egykor az \u00f6r\u00f6k Jeruzs\u00e1lembe is eljussunk.\u201d<\/em><\/p>\n\n\n\n<ul class=\"wp-block-gallery columns-3 is-cropped wp-block-gallery-2 is-layout-flex wp-block-gallery-is-layout-flex\"><li class=\"blocks-gallery-item\"><figure><img loading=\"lazy\" decoding=\"async\" width=\"1024\" height=\"683\" src=\"https:\/\/marcali.plebania.hu\/wp-content\/uploads\/2019\/04\/12-1-1024x683.jpg\" alt=\"\" data-id=\"782\" data-link=\"https:\/\/marcali.plebania.hu\/?attachment_id=782\" class=\"wp-image-782\" srcset=\"https:\/\/marcali.plebania.hu\/wp-content\/uploads\/2019\/04\/12-1-1024x683.jpg 1024w, https:\/\/marcali.plebania.hu\/wp-content\/uploads\/2019\/04\/12-1-300x200.jpg 300w, https:\/\/marcali.plebania.hu\/wp-content\/uploads\/2019\/04\/12-1-768x512.jpg 768w, https:\/\/marcali.plebania.hu\/wp-content\/uploads\/2019\/04\/12-1-405x270.jpg 405w\" sizes=\"auto, (max-width: 1024px) 100vw, 1024px\" \/><\/figure><\/li><li class=\"blocks-gallery-item\"><figure><img loading=\"lazy\" decoding=\"async\" width=\"1024\" height=\"683\" src=\"https:\/\/marcali.plebania.hu\/wp-content\/uploads\/2019\/04\/15-1024x683.jpg\" alt=\"\" data-id=\"783\" data-link=\"https:\/\/marcali.plebania.hu\/?attachment_id=783\" class=\"wp-image-783\" srcset=\"https:\/\/marcali.plebania.hu\/wp-content\/uploads\/2019\/04\/15-1024x683.jpg 1024w, https:\/\/marcali.plebania.hu\/wp-content\/uploads\/2019\/04\/15-300x200.jpg 300w, https:\/\/marcali.plebania.hu\/wp-content\/uploads\/2019\/04\/15-768x512.jpg 768w, https:\/\/marcali.plebania.hu\/wp-content\/uploads\/2019\/04\/15-405x270.jpg 405w\" sizes=\"auto, (max-width: 1024px) 100vw, 1024px\" \/><\/figure><\/li><li class=\"blocks-gallery-item\"><figure><img loading=\"lazy\" decoding=\"async\" width=\"1024\" height=\"683\" src=\"https:\/\/marcali.plebania.hu\/wp-content\/uploads\/2019\/04\/21-1024x683.jpg\" alt=\"\" data-id=\"784\" data-link=\"https:\/\/marcali.plebania.hu\/?attachment_id=784\" class=\"wp-image-784\" srcset=\"https:\/\/marcali.plebania.hu\/wp-content\/uploads\/2019\/04\/21-1024x683.jpg 1024w, https:\/\/marcali.plebania.hu\/wp-content\/uploads\/2019\/04\/21-300x200.jpg 300w, https:\/\/marcali.plebania.hu\/wp-content\/uploads\/2019\/04\/21-768x512.jpg 768w, https:\/\/marcali.plebania.hu\/wp-content\/uploads\/2019\/04\/21-405x270.jpg 405w\" sizes=\"auto, (max-width: 1024px) 100vw, 1024px\" \/><\/figure><\/li><li class=\"blocks-gallery-item\"><figure><img loading=\"lazy\" decoding=\"async\" width=\"1024\" height=\"683\" src=\"https:\/\/marcali.plebania.hu\/wp-content\/uploads\/2019\/04\/22-2-1024x683.jpg\" alt=\"\" data-id=\"786\" data-link=\"https:\/\/marcali.plebania.hu\/?attachment_id=786\" class=\"wp-image-786\" srcset=\"https:\/\/marcali.plebania.hu\/wp-content\/uploads\/2019\/04\/22-2-1024x683.jpg 1024w, https:\/\/marcali.plebania.hu\/wp-content\/uploads\/2019\/04\/22-2-300x200.jpg 300w, https:\/\/marcali.plebania.hu\/wp-content\/uploads\/2019\/04\/22-2-768x512.jpg 768w, https:\/\/marcali.plebania.hu\/wp-content\/uploads\/2019\/04\/22-2-405x270.jpg 405w\" sizes=\"auto, (max-width: 1024px) 100vw, 1024px\" \/><\/figure><\/li><\/ul>\n\n\n\n<p>Ezut\u00e1n a jelenl\u00e9v\u0151k k\u00f6rmenetben vonulnak a templomba. A gyermekek kez\u00e9ben barka volt, mely azokat a p\u00e1lma\u00e1gakat jelk\u00e9pezte, melyeket J\u00e9zus jeruzs\u00e1lemi bevonul\u00e1sakor az emberek tartottak \u00e9s integettek vele J\u00e9zusnak.<\/p>\n\n\n\n<ul class=\"wp-block-gallery columns-3 is-cropped wp-block-gallery-3 is-layout-flex wp-block-gallery-is-layout-flex\"><li class=\"blocks-gallery-item\"><figure><img loading=\"lazy\" decoding=\"async\" width=\"1024\" height=\"683\" src=\"https:\/\/marcali.plebania.hu\/wp-content\/uploads\/2019\/04\/34-1-1024x683.jpg\" alt=\"\" data-id=\"787\" data-link=\"https:\/\/marcali.plebania.hu\/?attachment_id=787\" class=\"wp-image-787\" srcset=\"https:\/\/marcali.plebania.hu\/wp-content\/uploads\/2019\/04\/34-1-1024x683.jpg 1024w, https:\/\/marcali.plebania.hu\/wp-content\/uploads\/2019\/04\/34-1-300x200.jpg 300w, https:\/\/marcali.plebania.hu\/wp-content\/uploads\/2019\/04\/34-1-768x512.jpg 768w, https:\/\/marcali.plebania.hu\/wp-content\/uploads\/2019\/04\/34-1-405x270.jpg 405w\" sizes=\"auto, (max-width: 1024px) 100vw, 1024px\" \/><\/figure><\/li><li class=\"blocks-gallery-item\"><figure><img loading=\"lazy\" decoding=\"async\" width=\"1024\" height=\"683\" src=\"https:\/\/marcali.plebania.hu\/wp-content\/uploads\/2019\/04\/35-1-1024x683.jpg\" alt=\"\" data-id=\"788\" data-link=\"https:\/\/marcali.plebania.hu\/?attachment_id=788\" class=\"wp-image-788\" srcset=\"https:\/\/marcali.plebania.hu\/wp-content\/uploads\/2019\/04\/35-1-1024x683.jpg 1024w, https:\/\/marcali.plebania.hu\/wp-content\/uploads\/2019\/04\/35-1-300x200.jpg 300w, https:\/\/marcali.plebania.hu\/wp-content\/uploads\/2019\/04\/35-1-768x512.jpg 768w, https:\/\/marcali.plebania.hu\/wp-content\/uploads\/2019\/04\/35-1-405x270.jpg 405w\" sizes=\"auto, (max-width: 1024px) 100vw, 1024px\" \/><\/figure><\/li><li class=\"blocks-gallery-item\"><figure><img loading=\"lazy\" decoding=\"async\" width=\"1024\" height=\"683\" src=\"https:\/\/marcali.plebania.hu\/wp-content\/uploads\/2019\/04\/36-1024x683.jpg\" alt=\"\" data-id=\"789\" data-link=\"https:\/\/marcali.plebania.hu\/?attachment_id=789\" class=\"wp-image-789\" srcset=\"https:\/\/marcali.plebania.hu\/wp-content\/uploads\/2019\/04\/36-1024x683.jpg 1024w, https:\/\/marcali.plebania.hu\/wp-content\/uploads\/2019\/04\/36-300x200.jpg 300w, https:\/\/marcali.plebania.hu\/wp-content\/uploads\/2019\/04\/36-768x512.jpg 768w, https:\/\/marcali.plebania.hu\/wp-content\/uploads\/2019\/04\/36-405x270.jpg 405w\" sizes=\"auto, (max-width: 1024px) 100vw, 1024px\" \/><\/figure><\/li><li class=\"blocks-gallery-item\"><figure><img loading=\"lazy\" decoding=\"async\" width=\"1024\" height=\"683\" src=\"https:\/\/marcali.plebania.hu\/wp-content\/uploads\/2019\/04\/42-1024x683.jpg\" alt=\"\" data-id=\"790\" data-link=\"https:\/\/marcali.plebania.hu\/?attachment_id=790\" class=\"wp-image-790\" srcset=\"https:\/\/marcali.plebania.hu\/wp-content\/uploads\/2019\/04\/42-1024x683.jpg 1024w, https:\/\/marcali.plebania.hu\/wp-content\/uploads\/2019\/04\/42-300x200.jpg 300w, https:\/\/marcali.plebania.hu\/wp-content\/uploads\/2019\/04\/42-768x512.jpg 768w, https:\/\/marcali.plebania.hu\/wp-content\/uploads\/2019\/04\/42-405x270.jpg 405w\" sizes=\"auto, (max-width: 1024px) 100vw, 1024px\" \/><\/figure><\/li><\/ul>\n\n\n\n<p>Vir\u00e1gvas\u00e1rnap\na nagyh\u00e9t kezdete, melynek liturgi\u00e1j\u00e1ban minden alkalommal feleleven\u00edtik J\u00e9zus\njeruzs\u00e1lemi bevonul\u00e1s\u00e1nak t\u00f6rt\u00e9net\u00e9t. A szentmis\u00e9n J\u00e9zus szenved\u00e9s\u00e9nek\nt\u00f6rt\u00e9net\u00e9t, a passi\u00f3t \u00e9nekelte el az egyh\u00e1zk\u00f6zs\u00e9gi k\u00f6z\u00f6ss\u00e9gekb\u0151l szervezett \u00e9nekkar.\nK\u00f6zrem\u0171k\u00f6d\u00f6tt a F\u00e9ny Gyermekei Zenakar.<\/p>\n","protected":false},"excerpt":{"rendered":"<p>2019. \u00e1prilis 14-\u00e9n, vas\u00e1rnap 9 \u00f3rakor kezd\u0151d\u00f6tt a vir\u00e1gvas\u00e1rnapi reggeli szentmise Marcaliban. A v\u00e1ros k\u00f6zpontj\u00e1ban l\u00e9v\u0151 l\u00e1mp\u00e1s csom\u00f3pontn\u00e1l, a Kop\u00e1ri-sarokkal szemben, a Pet\u0151fi-R\u00e1k\u00f3czi utca sark\u00e1n\u00e1l gy\u00fclekeztek a h\u00edvek, ahol a liturgia barkaszentel\u00e9ssel kezd\u0151d\u00f6tt. A h\u00edvek \u00e1ltal hozott bark\u00e1kat a k\u00f6vetkez\u0151 szavakkal \u00e1ldott meg Kiss Iv\u00e1n c. pr\u00e9post, esperes-pl\u00e9b\u00e1nos: \u201eMindenhat\u00f3, \u00f6r\u00f6k Isten, szenteld meg \u00e1ld\u00e1soddal ezeket az \u00e1gakat, hogy mi, akik most \u00f6rvendezve l\u00e9p\u00fcnk Krisztus Kir\u00e1ly nyom\u00e1ba, \u0151\u00e1ltala egykor az \u00f6r\u00f6k Jeruzs\u00e1lembe is eljussunk.\u201d Ezut\u00e1n a jelenl\u00e9v\u0151k k\u00f6rmenetben vonulnak a templomba&#8230;.<\/p>\n<p class=\"read-more\"><a class=\"btn btn-default\" href=\"https:\/\/marcali.plebania.hu\/?p=777\"> Read More<span class=\"screen-reader-text\">  Read More<\/span><\/a><\/p>\n","protected":false},"author":2,"featured_media":0,"comment_status":"closed","ping_status":"open","sticky":false,"template":"","format":"standard","meta":{"footnotes":""},"categories":[1],"tags":[],"class_list":["post-777","post","type-post","status-publish","format-standard","hentry","category-egyeb"],"_links":{"self":[{"href":"https:\/\/marcali.plebania.hu\/index.php?rest_route=\/wp\/v2\/posts\/777","targetHints":{"allow":["GET"]}}],"collection":[{"href":"https:\/\/marcali.plebania.hu\/index.php?rest_route=\/wp\/v2\/posts"}],"about":[{"href":"https:\/\/marcali.plebania.hu\/index.php?rest_route=\/wp\/v2\/types\/post"}],"author":[{"embeddable":true,"href":"https:\/\/marcali.plebania.hu\/index.php?rest_route=\/wp\/v2\/users\/2"}],"replies":[{"embeddable":true,"href":"https:\/\/marcali.plebania.hu\/index.php?rest_route=%2Fwp%2Fv2%2Fcomments&post=777"}],"version-history":[{"count":1,"href":"https:\/\/marcali.plebania.hu\/index.php?rest_route=\/wp\/v2\/posts\/777\/revisions"}],"predecessor-version":[{"id":791,"href":"https:\/\/marcali.plebania.hu\/index.php?rest_route=\/wp\/v2\/posts\/777\/revisions\/791"}],"wp:attachment":[{"href":"https:\/\/marcali.plebania.hu\/index.php?rest_route=%2Fwp%2Fv2%2Fmedia&parent=777"}],"wp:term":[{"taxonomy":"category","embeddable":true,"href":"https:\/\/marcali.plebania.hu\/index.php?rest_route=%2Fwp%2Fv2%2Fcategories&post=777"},{"taxonomy":"post_tag","embeddable":true,"href":"https:\/\/marcali.plebania.hu\/index.php?rest_route=%2Fwp%2Fv2%2Ftags&post=777"}],"curies":[{"name":"wp","href":"https:\/\/api.w.org\/{rel}","templated":true}]}}