{"id":7775,"date":"2025-11-02T06:55:16","date_gmt":"2025-11-02T06:55:16","guid":{"rendered":"https:\/\/marcali.plebania.hu\/?p=7775"},"modified":"2025-11-02T07:00:49","modified_gmt":"2025-11-02T07:00:49","slug":"hirdetesek-2025-november-2-an","status":"publish","type":"post","link":"https:\/\/marcali.plebania.hu\/?p=7775","title":{"rendered":"Hirdet\u00e9sek 2025. november 2-\u00e1n"},"content":{"rendered":"\n<p><strong>Halottak napja<\/strong><br><strong><a href=\"https:\/\/igenaptar.katolikus.hu\/nap\/index.php?holnap=2025-11-02\" target=\"_blank\" rel=\"noreferrer noopener\">A szentmise olvasm\u00e1nyai<\/a><\/strong><\/p>\n\n\n\n<ol start=\"1\" class=\"wp-block-list\">\n<li>K\u00f6sz\u00f6nj\u00fck a bekapcsol\u00f3d\u00e1st az okt\u00f3beri r\u00f3zsaf\u00fcz\u00e9r-im\u00e1ds\u00e1gba.<\/li>\n\n\n\n<li>A <strong>Sz\u00edvem els\u0151 gondolata<\/strong> k\u00f6nyv (2750 Ft-\u00e9rt) \u00e1tvehet\u0151 a sekresty\u00e9ben \u00e9s az irod\u00e1ban.<\/li>\n\n\n\n<li>A <strong>F\u00e9rfi k\u00f6r<\/strong> szerd\u00e1n 18:00-kor kezd\u0151dik a pl\u00e9b\u00e1ni\u00e1n.<\/li>\n\n\n\n<li>Minden h\u00f3nap <span style=\"text-decoration: underline;\">els\u0151 cs\u00fct\u00f6rt\u00f6k<\/span>\u00e9n a szents\u00e9gim\u00e1d\u00e1si \u00f3r\u00e1t (16:00-t\u00f3l) \u00e9s a szentmis\u00e9t (17:30) papok\u00e9rt \u00e9s papi hivat\u00e1sok\u00e9rt aj\u00e1nljuk fel, p\u00fcsp\u00f6k aty\u00e1nk k\u00e9r\u00e9se szerint. Szeretettel h\u00edvunk mindenkit a csatlakoz\u00e1sra.<\/li>\n\n\n\n<li>Minden h\u00f3nap <span style=\"text-decoration: underline;\">els\u0151 p\u00e9ntek<\/span>\u00e9n megl\u00e1togatjuk otthonukban azokat, akik nem tudnak elj\u00f6nni a templomba. Ez lehet\u0151s\u00e9g sz\u00e1mukra a szentgy\u00f3n\u00e1s elv\u00e9gz\u00e9s\u00e9re \u00e9s az \u00e1ldoz\u00e1sra is.<\/li>\n\n\n\n<li>A tiszt\u00edt\u00f3t\u0171zben szenved\u0151 lelkek jav\u00e1ra ford\u00edthat\u00f3 <strong>teljes b\u00facs\u00fa<\/strong>t nyerhet az a katolikus h\u00edv\u0151,<\/li>\n<\/ol>\n\n\n\n<ul class=\"wp-block-list\">\n<li>aki a mai napon templomot vagy k\u00e1poln\u00e1t \u00e1h\u00edtattal megl\u00e1togat, s egy Miaty\u00e1nkot \u00e9s egy Hiszekegyet elim\u00e1dkozik.<\/li>\n\n\n\n<li>aki nov. 1-t\u0151l 8-ig \u00e1h\u00edtatos l\u00e9lekkel temet\u0151t l\u00e1togat, s im\u00e1dkozik az elhunytak\u00e9rt.<\/li>\n<\/ul>\n\n\n\n<p>B\u00e1rmilyen b\u00facs\u00fa elnyer\u00e9s\u00e9nek a k\u00f6vetkez\u0151k a felt\u00e9telei: kereszts\u00e9g, \u00e9s a kegyelem \u00e1llapota (nincs tudom\u00e1sunk s\u00falyos b\u0171n\u00fcnkr\u0151l, amit az utols\u00f3 gy\u00f3n\u00e1s \u00f3ta k\u00f6vett\u00fcnk volna el). A teljes b\u00facs\u00fa elnyer\u00e9s\u00e9hez azon t\u00falmen\u0151en, hogy a l\u00e9leknek nem szabad ragaszkodnia semmif\u00e9le b\u0171nh\u00f6z, m\u00e9g bocs\u00e1natos b\u0171nh\u00f6z sem, meg kell tenni a k\u00f6vetkez\u0151 h\u00e1rom felt\u00e9telt: szents\u00e9gi gy\u00f3n\u00e1s, szent\u00e1ldoz\u00e1s, a Szentatya sz\u00e1nd\u00e9k\u00e9ra t\u00f6rt\u00e9n\u0151 im\u00e1ds\u00e1g.<\/p>\n\n\n\n<hr class=\"wp-block-separator has-alpha-channel-opacity\"\/>\n\n\n\n<figure class=\"wp-block-image size-large\"><img loading=\"lazy\" decoding=\"async\" width=\"1024\" height=\"663\" src=\"https:\/\/marcali.plebania.hu\/wp-content\/uploads\/2025\/11\/251102-1-1024x663.png\" alt=\"\" class=\"wp-image-7781\" srcset=\"https:\/\/marcali.plebania.hu\/wp-content\/uploads\/2025\/11\/251102-1-1024x663.png 1024w, https:\/\/marcali.plebania.hu\/wp-content\/uploads\/2025\/11\/251102-1-300x194.png 300w, https:\/\/marcali.plebania.hu\/wp-content\/uploads\/2025\/11\/251102-1-768x497.png 768w, https:\/\/marcali.plebania.hu\/wp-content\/uploads\/2025\/11\/251102-1-1536x994.png 1536w, https:\/\/marcali.plebania.hu\/wp-content\/uploads\/2025\/11\/251102-1-417x270.png 417w, https:\/\/marcali.plebania.hu\/wp-content\/uploads\/2025\/11\/251102-1.png 1550w\" sizes=\"auto, (max-width: 1024px) 100vw, 1024px\" \/><\/figure>\n","protected":false},"excerpt":{"rendered":"<p>Halottak napjaA szentmise olvasm\u00e1nyai B\u00e1rmilyen b\u00facs\u00fa elnyer\u00e9s\u00e9nek a k\u00f6vetkez\u0151k a felt\u00e9telei: kereszts\u00e9g, \u00e9s a kegyelem \u00e1llapota (nincs tudom\u00e1sunk s\u00falyos b\u0171n\u00fcnkr\u0151l, amit az utols\u00f3 gy\u00f3n\u00e1s \u00f3ta k\u00f6vett\u00fcnk volna el). A teljes b\u00facs\u00fa elnyer\u00e9s\u00e9hez azon t\u00falmen\u0151en, hogy a l\u00e9leknek nem szabad ragaszkodnia semmif\u00e9le b\u0171nh\u00f6z, m\u00e9g bocs\u00e1natos b\u0171nh\u00f6z sem, meg kell tenni a k\u00f6vetkez\u0151 h\u00e1rom felt\u00e9telt: szents\u00e9gi gy\u00f3n\u00e1s, szent\u00e1ldoz\u00e1s, a Szentatya sz\u00e1nd\u00e9k\u00e9ra t\u00f6rt\u00e9n\u0151 im\u00e1ds\u00e1g.<\/p>\n","protected":false},"author":1,"featured_media":0,"comment_status":"closed","ping_status":"open","sticky":false,"template":"","format":"standard","meta":{"footnotes":""},"categories":[3],"tags":[],"class_list":["post-7775","post","type-post","status-publish","format-standard","hentry","category-hirdetesek"],"_links":{"self":[{"href":"https:\/\/marcali.plebania.hu\/index.php?rest_route=\/wp\/v2\/posts\/7775","targetHints":{"allow":["GET"]}}],"collection":[{"href":"https:\/\/marcali.plebania.hu\/index.php?rest_route=\/wp\/v2\/posts"}],"about":[{"href":"https:\/\/marcali.plebania.hu\/index.php?rest_route=\/wp\/v2\/types\/post"}],"author":[{"embeddable":true,"href":"https:\/\/marcali.plebania.hu\/index.php?rest_route=\/wp\/v2\/users\/1"}],"replies":[{"embeddable":true,"href":"https:\/\/marcali.plebania.hu\/index.php?rest_route=%2Fwp%2Fv2%2Fcomments&post=7775"}],"version-history":[{"count":3,"href":"https:\/\/marcali.plebania.hu\/index.php?rest_route=\/wp\/v2\/posts\/7775\/revisions"}],"predecessor-version":[{"id":7782,"href":"https:\/\/marcali.plebania.hu\/index.php?rest_route=\/wp\/v2\/posts\/7775\/revisions\/7782"}],"wp:attachment":[{"href":"https:\/\/marcali.plebania.hu\/index.php?rest_route=%2Fwp%2Fv2%2Fmedia&parent=7775"}],"wp:term":[{"taxonomy":"category","embeddable":true,"href":"https:\/\/marcali.plebania.hu\/index.php?rest_route=%2Fwp%2Fv2%2Fcategories&post=7775"},{"taxonomy":"post_tag","embeddable":true,"href":"https:\/\/marcali.plebania.hu\/index.php?rest_route=%2Fwp%2Fv2%2Ftags&post=7775"}],"curies":[{"name":"wp","href":"https:\/\/api.w.org\/{rel}","templated":true}]}}