{"id":7783,"date":"2025-11-08T10:31:02","date_gmt":"2025-11-08T10:31:02","guid":{"rendered":"https:\/\/marcali.plebania.hu\/?p=7783"},"modified":"2025-11-08T21:10:39","modified_gmt":"2025-11-08T21:10:39","slug":"hirdetesek-2025-november-9-en","status":"publish","type":"post","link":"https:\/\/marcali.plebania.hu\/?p=7783","title":{"rendered":"Hirdet\u00e9sek 2025. november 9-\u00e9n"},"content":{"rendered":"\n<p>A later\u00e1ni bazilika felszentel\u00e9s\u00e9nek \u00fcnnepe<br><strong><a href=\"https:\/\/igenaptar.katolikus.hu\/nap\/index.php?holnap=2025-11-02\" target=\"_blank\" rel=\"noreferrer noopener\">A szentmise olvasm\u00e1nyai<\/a><\/strong><\/p>\n\n\n\n<ol class=\"wp-block-list\">\n<li><span style=\"text-decoration: underline;\">Kedden<\/span> d\u00e9lel\u0151tt 9 \u00f3r\u00e1t\u00f3l kezdve seg\u00edts\u00e9get k\u00e9r\u00fcnk a pl\u00e9b\u00e1nia<strong>templom<\/strong> <strong>takar\u00edt\u00e1s<\/strong>\u00e1ban azokt\u00f3l, akik r\u00e9szt tudnak venni a templom tiszt\u00e1v\u00e1 \u00e9s sz\u00e9pp\u00e9 t\u00e9tel\u00e9ben. K\u00f6sz\u00f6nettel vessz\u00fck a seg\u00edts\u00e9g\u00e9t annak is, aki k\u00e9s\u0151bb csatlakozik a folyamatba. <\/li>\n\n\n\n<li>A <strong>Feln\u0151tt hittan, szents\u00e9gi felk\u00e9sz\u00edt\u0151<\/strong> <span style=\"text-decoration: underline;\">szerd\u00e1n<\/span> 18:00-kor kezd\u0151dik a pl\u00e9b\u00e1ni\u00e1n.<\/li>\n\n\n\n<li><span style=\"text-decoration: underline;\">Cs\u00fct\u00f6rt\u00f6k\u00f6n<\/span> 16:30-kor kezd\u0151dik a fatimai ima\u00f3ra a pl\u00e9b\u00e1niatemplomban, emiatt a szents\u00e9gim\u00e1d\u00e1s 15:30-t\u00f3l lesz.<\/li>\n\n\n\n<li>\u201e<strong>Mi\u00e9rt hiszek?\u201d<\/strong>-sorozatunk k\u00f6vetkez\u0151 alkalma <span style=\"text-decoration: underline;\">november 20-\u00e1n <\/span>(cs\u00fct\u00f6rt\u00f6k\u00f6n) az esti szentmise ut\u00e1n, 18:15-kor kezd\u0151dik a k\u00f6z\u00f6ss\u00e9gi h\u00e1zban. Vend\u00e9g\u00fcnk <strong>Dr. Rajnics P\u00e9ter<\/strong> f\u0151orvos, haematol\u00f3gus, akolitus lesz. Szeretettel h\u00edvunk minden \u00e9rdekl\u0151d\u0151t az el\u0151ad\u00e1sra, tan\u00fas\u00e1gt\u00e9telre.<\/li>\n\n\n\n<li>A megrendelt Sz\u00edvem els\u0151 gondolata k\u00f6nyv \u00e1tvehet\u0151 a sekresty\u00e9ben.<\/li>\n\n\n\n<li>A kaposv\u00e1ri katolikus gimn\u00e1zium ny\u00edlt napot tart az \u00e9rdekl\u0151d\u0151k sz\u00e1m\u00e1ra cs\u00fct\u00f6rt\u00f6k\u00f6n \u00e9s p\u00e9nteken. R\u00e9szletek a katgim.hu oldalon.<\/li>\n<\/ol>\n\n\n\n<hr class=\"wp-block-separator has-alpha-channel-opacity\"\/>\n\n\n<div class=\"wp-block-image\">\n<figure class=\"aligncenter size-large\"><img loading=\"lazy\" decoding=\"async\" width=\"1024\" height=\"722\" src=\"https:\/\/marcali.plebania.hu\/wp-content\/uploads\/2025\/11\/251109-1024x722.png\" alt=\"\" class=\"wp-image-7785\" srcset=\"https:\/\/marcali.plebania.hu\/wp-content\/uploads\/2025\/11\/251109-1024x722.png 1024w, https:\/\/marcali.plebania.hu\/wp-content\/uploads\/2025\/11\/251109-300x212.png 300w, https:\/\/marcali.plebania.hu\/wp-content\/uploads\/2025\/11\/251109-768x542.png 768w, https:\/\/marcali.plebania.hu\/wp-content\/uploads\/2025\/11\/251109-1536x1083.png 1536w, https:\/\/marcali.plebania.hu\/wp-content\/uploads\/2025\/11\/251109-383x270.png 383w, https:\/\/marcali.plebania.hu\/wp-content\/uploads\/2025\/11\/251109.png 1570w\" sizes=\"auto, (max-width: 1024px) 100vw, 1024px\" \/><\/figure>\n<\/div>\n\n\n<hr class=\"wp-block-separator has-alpha-channel-opacity\"\/>\n\n\n<div class=\"wp-block-image\">\n<figure class=\"aligncenter size-large\"><img loading=\"lazy\" decoding=\"async\" width=\"724\" height=\"1024\" src=\"https:\/\/marcali.plebania.hu\/wp-content\/uploads\/2025\/11\/MIERT_HISZEK_DR_RAJNICS_PETER-724x1024.jpg\" alt=\"\" class=\"wp-image-7788\" srcset=\"https:\/\/marcali.plebania.hu\/wp-content\/uploads\/2025\/11\/MIERT_HISZEK_DR_RAJNICS_PETER-724x1024.jpg 724w, https:\/\/marcali.plebania.hu\/wp-content\/uploads\/2025\/11\/MIERT_HISZEK_DR_RAJNICS_PETER-212x300.jpg 212w, https:\/\/marcali.plebania.hu\/wp-content\/uploads\/2025\/11\/MIERT_HISZEK_DR_RAJNICS_PETER-768x1086.jpg 768w, https:\/\/marcali.plebania.hu\/wp-content\/uploads\/2025\/11\/MIERT_HISZEK_DR_RAJNICS_PETER-1086x1536.jpg 1086w, https:\/\/marcali.plebania.hu\/wp-content\/uploads\/2025\/11\/MIERT_HISZEK_DR_RAJNICS_PETER-1448x2048.jpg 1448w, https:\/\/marcali.plebania.hu\/wp-content\/uploads\/2025\/11\/MIERT_HISZEK_DR_RAJNICS_PETER-191x270.jpg 191w, https:\/\/marcali.plebania.hu\/wp-content\/uploads\/2025\/11\/MIERT_HISZEK_DR_RAJNICS_PETER-scaled.jpg 1811w\" sizes=\"auto, (max-width: 724px) 100vw, 724px\" \/><\/figure>\n<\/div>","protected":false},"excerpt":{"rendered":"<p>A later\u00e1ni bazilika felszentel\u00e9s\u00e9nek \u00fcnnepeA szentmise olvasm\u00e1nyai<\/p>\n","protected":false},"author":1,"featured_media":0,"comment_status":"closed","ping_status":"open","sticky":false,"template":"","format":"standard","meta":{"footnotes":""},"categories":[1],"tags":[],"class_list":["post-7783","post","type-post","status-publish","format-standard","hentry","category-egyeb"],"_links":{"self":[{"href":"https:\/\/marcali.plebania.hu\/index.php?rest_route=\/wp\/v2\/posts\/7783","targetHints":{"allow":["GET"]}}],"collection":[{"href":"https:\/\/marcali.plebania.hu\/index.php?rest_route=\/wp\/v2\/posts"}],"about":[{"href":"https:\/\/marcali.plebania.hu\/index.php?rest_route=\/wp\/v2\/types\/post"}],"author":[{"embeddable":true,"href":"https:\/\/marcali.plebania.hu\/index.php?rest_route=\/wp\/v2\/users\/1"}],"replies":[{"embeddable":true,"href":"https:\/\/marcali.plebania.hu\/index.php?rest_route=%2Fwp%2Fv2%2Fcomments&post=7783"}],"version-history":[{"count":4,"href":"https:\/\/marcali.plebania.hu\/index.php?rest_route=\/wp\/v2\/posts\/7783\/revisions"}],"predecessor-version":[{"id":7790,"href":"https:\/\/marcali.plebania.hu\/index.php?rest_route=\/wp\/v2\/posts\/7783\/revisions\/7790"}],"wp:attachment":[{"href":"https:\/\/marcali.plebania.hu\/index.php?rest_route=%2Fwp%2Fv2%2Fmedia&parent=7783"}],"wp:term":[{"taxonomy":"category","embeddable":true,"href":"https:\/\/marcali.plebania.hu\/index.php?rest_route=%2Fwp%2Fv2%2Fcategories&post=7783"},{"taxonomy":"post_tag","embeddable":true,"href":"https:\/\/marcali.plebania.hu\/index.php?rest_route=%2Fwp%2Fv2%2Ftags&post=7783"}],"curies":[{"name":"wp","href":"https:\/\/api.w.org\/{rel}","templated":true}]}}