{"id":7796,"date":"2025-11-15T23:29:44","date_gmt":"2025-11-15T23:29:44","guid":{"rendered":"https:\/\/marcali.plebania.hu\/?p=7796"},"modified":"2025-11-15T23:45:21","modified_gmt":"2025-11-15T23:45:21","slug":"hirdetesek-2025-november-16-an","status":"publish","type":"post","link":"https:\/\/marcali.plebania.hu\/?p=7796","title":{"rendered":"Hirdet\u00e9sek 2025. november 16-\u00e1n"},"content":{"rendered":"\n<p>\u00c9vk\u00f6zi 33. vas\u00e1rnap<br><strong><a href=\"https:\/\/igenaptar.katolikus.hu\/nap\/index.php?holnap=2025-11-16\" target=\"_blank\" rel=\"noreferrer noopener\">A szentmise olvasm\u00e1nyai<\/a><\/strong><\/p>\n\n\n\n<ol start=\"1\" class=\"wp-block-list\">\n<li>H\u00e1l\u00e1san k\u00f6sz\u00f6nj\u00fck mindazok munk\u00e1j\u00e1t, akik a pl\u00e9b\u00e1niatemplom takar\u00edt\u00e1s\u00e1ban r\u00e9szt vettek.<\/li>\n\n\n\n<li><span style=\"text-decoration: underline;\">H\u00e9tf\u0151n<\/span> pl\u00e9b\u00e1ni\u00e1nk papi tal\u00e1lkoz\u00f3 helysz\u00edne lesz, amelynek r\u00e9szek\u00e9nt 11 \u00f3rakor szentmis\u00e9t \u00fcnnepl\u00fcnk. Szeretettel h\u00edvunk mindenkit a mis\u00e9re a pl\u00e9b\u00e1niatemplomba.<\/li>\n\n\n\n<li>A <strong>F\u00e9rfi k\u00f6r<\/strong> <span style=\"text-decoration: underline;\">szerd\u00e1n<\/span> 18:00-kor kezd\u0151dik a pl\u00e9b\u00e1ni\u00e1n.<\/li>\n\n\n\n<li><strong>\u201eMi\u00e9rt hiszek?\u201d<\/strong>-sorozatunk k\u00f6vetkez\u0151 alkalma <span style=\"text-decoration: underline;\">cs\u00fct\u00f6rt\u00f6k\u00f6n<\/span> az esti szentmise ut\u00e1n, 18:15-kor kezd\u0151dik a k\u00f6z\u00f6ss\u00e9gi h\u00e1zban. Vend\u00e9g\u00fcnk <strong>Dr. Rajnics P\u00e9ter<\/strong> f\u0151orvos, haematol\u00f3gus, akolitus lesz. Szeretettel h\u00edvunk minden \u00e9rdekl\u0151d\u0151t az el\u0151ad\u00e1sra, tan\u00fas\u00e1gt\u00e9telre.<\/li>\n\n\n\n<li>J\u00f6v\u0151 <span style=\"text-decoration: underline;\">vas\u00e1rnap<\/span> a Karit\u00e1sz jav\u00e1ra lesz templomi gy\u0171jt\u00e9s.<\/li>\n<\/ol>\n\n\n\n<hr class=\"wp-block-separator has-alpha-channel-opacity\"\/>\n\n\n\n<figure class=\"wp-block-image size-large\"><img loading=\"lazy\" decoding=\"async\" width=\"1024\" height=\"720\" src=\"https:\/\/marcali.plebania.hu\/wp-content\/uploads\/2025\/11\/251116-1-1024x720.png\" alt=\"\" class=\"wp-image-7798\" srcset=\"https:\/\/marcali.plebania.hu\/wp-content\/uploads\/2025\/11\/251116-1-1024x720.png 1024w, https:\/\/marcali.plebania.hu\/wp-content\/uploads\/2025\/11\/251116-1-300x211.png 300w, https:\/\/marcali.plebania.hu\/wp-content\/uploads\/2025\/11\/251116-1-768x540.png 768w, https:\/\/marcali.plebania.hu\/wp-content\/uploads\/2025\/11\/251116-1-1536x1080.png 1536w, https:\/\/marcali.plebania.hu\/wp-content\/uploads\/2025\/11\/251116-1-384x270.png 384w, https:\/\/marcali.plebania.hu\/wp-content\/uploads\/2025\/11\/251116-1.png 1672w\" sizes=\"auto, (max-width: 1024px) 100vw, 1024px\" \/><\/figure>\n","protected":false},"excerpt":{"rendered":"<p>\u00c9vk\u00f6zi 33. vas\u00e1rnapA szentmise olvasm\u00e1nyai<\/p>\n","protected":false},"author":1,"featured_media":0,"comment_status":"closed","ping_status":"open","sticky":false,"template":"","format":"standard","meta":{"footnotes":""},"categories":[1],"tags":[],"class_list":["post-7796","post","type-post","status-publish","format-standard","hentry","category-egyeb"],"_links":{"self":[{"href":"https:\/\/marcali.plebania.hu\/index.php?rest_route=\/wp\/v2\/posts\/7796","targetHints":{"allow":["GET"]}}],"collection":[{"href":"https:\/\/marcali.plebania.hu\/index.php?rest_route=\/wp\/v2\/posts"}],"about":[{"href":"https:\/\/marcali.plebania.hu\/index.php?rest_route=\/wp\/v2\/types\/post"}],"author":[{"embeddable":true,"href":"https:\/\/marcali.plebania.hu\/index.php?rest_route=\/wp\/v2\/users\/1"}],"replies":[{"embeddable":true,"href":"https:\/\/marcali.plebania.hu\/index.php?rest_route=%2Fwp%2Fv2%2Fcomments&post=7796"}],"version-history":[{"count":2,"href":"https:\/\/marcali.plebania.hu\/index.php?rest_route=\/wp\/v2\/posts\/7796\/revisions"}],"predecessor-version":[{"id":7801,"href":"https:\/\/marcali.plebania.hu\/index.php?rest_route=\/wp\/v2\/posts\/7796\/revisions\/7801"}],"wp:attachment":[{"href":"https:\/\/marcali.plebania.hu\/index.php?rest_route=%2Fwp%2Fv2%2Fmedia&parent=7796"}],"wp:term":[{"taxonomy":"category","embeddable":true,"href":"https:\/\/marcali.plebania.hu\/index.php?rest_route=%2Fwp%2Fv2%2Fcategories&post=7796"},{"taxonomy":"post_tag","embeddable":true,"href":"https:\/\/marcali.plebania.hu\/index.php?rest_route=%2Fwp%2Fv2%2Ftags&post=7796"}],"curies":[{"name":"wp","href":"https:\/\/api.w.org\/{rel}","templated":true}]}}