{"id":7805,"date":"2025-11-22T23:54:10","date_gmt":"2025-11-22T23:54:10","guid":{"rendered":"https:\/\/marcali.plebania.hu\/?p=7805"},"modified":"2025-11-22T23:54:10","modified_gmt":"2025-11-22T23:54:10","slug":"hirdetesek-2025-november-23-an","status":"publish","type":"post","link":"https:\/\/marcali.plebania.hu\/?p=7805","title":{"rendered":"Hirdet\u00e9sek 2025. november 23-\u00e1n"},"content":{"rendered":"\n<p>\u00c9vk\u00f6zi 34. vas\u00e1rnap &#8211; Krisztus, a Vil\u00e1gmindens\u00e9g Kir\u00e1lya<br><strong><a href=\"https:\/\/igenaptar.katolikus.hu\/nap\/index.php?holnap=2025-11-23\" target=\"_blank\" rel=\"noreferrer noopener\">A szentmise olvasm\u00e1nyai<\/a><\/strong><\/p>\n\n\n\n<ol start=\"1\" class=\"wp-block-list\">\n<li>K\u00f6sz\u00f6nj\u00fck a h\u00e9tf\u0151i papi tal\u00e1lkoz\u00f3ra \u00e9s a cs\u00fct\u00f6rt\u00f6ki \u201eMi\u00e9rt hiszek?\u201d-el\u0151ad\u00e1s ut\u00e1ni agap\u00e9ra hozott finoms\u00e1gokat.<\/li>\n\n\n\n<li>A mai perselyp\u00e9nzzel a <strong>Karit\u00e1sz<\/strong> munk\u00e1j\u00e1t t\u00e1mogatjuk.<\/li>\n\n\n\n<li>A <strong>k\u00e9pvisel\u0151-test\u00fclet <\/strong>\u00fcl\u00e9se <span style=\"text-decoration: underline;\">kedden<\/span> 18:10-kor kezd\u0151dik a pl\u00e9b\u00e1ni\u00e1n.<\/li>\n\n\n\n<li>A <strong>lelki adopt\u00e1l\u00f3k<\/strong> tal\u00e1lkoz\u00f3j\u00e1t <span style=\"text-decoration: underline;\">szerd\u00e1n<\/span> 17:00-t\u0151l tartjuk a pl\u00e9b\u00e1niatemplomban.<\/li>\n\n\n\n<li>Advent els\u0151 vas\u00e1rnapj\u00e1val elkezd\u0151dik az <strong>\u00faj egyh\u00e1zi \u00e9v<\/strong>, amelynek elej\u00e9n szeretettel h\u00edvunk mindenkit a k\u00f6z\u00f6s lelki k\u00e9sz\u00fcletre: Dr. Czapk\u00f3 Mih\u00e1ly atya, a Magyar Katolikus P\u00fcsp\u00f6ki Konferencia Titk\u00e1rs\u00e1g\u00e1nak irodaigazgat\u00f3ja tart <strong>adventkezd\u0151 lelkigyakorlat<\/strong>ot a p\u00e9nteki (17:30), a szombati (17:30) \u00e9s a vas\u00e1rnap reggeli (9:00) szentmis\u00e9ben a pl\u00e9b\u00e1niatemplomban.<\/li>\n\n\n\n<li>Az itt el\u00e9rhet\u0151 <a href=\"https:\/\/marcali.plebania.hu\/index.php\/2024\/11\/30\/advent\/\" target=\"_blank\" rel=\"noreferrer noopener\"><u>\u00f6ssze\u00e1ll\u00edt\u00e1sunk<\/u><\/a> az adventi id\u0151szakr\u00f3l tartalmaz le\u00edr\u00e1st, el\u0151ad\u00e1sokat \u00e9s konkr\u00e9t javaslatokat, seg\u00edts\u00e9gk\u00e9pp az adventi k\u00e9sz\u00fclethez.<\/li>\n\n\n\n<li>J\u00f6v\u0151 <span style=\"text-decoration: underline;\">szombaton<\/span> 9 \u00f3r\u00e1t\u00f3l k\u00e9sz\u00edtj\u00fck a k\u00fclt\u00e9ri adventi koszor\u00fat a pl\u00e9b\u00e1niatemplom el\u0151tt, melynek \u00f6ssze\u00e1ll\u00edt\u00e1s\u00e1hoz k\u00e9rj\u00fck a h\u00edvek seg\u00edts\u00e9g\u00e9t.<\/li>\n\n\n\n<li>Aznap (szombaton) szeretettel h\u00edvjuk az \u00e9rdekl\u0151d\u0151 h\u00e1zasp\u00e1rokat \u00e9s sz\u00fcl\u0151ket <strong>adventi besz\u00e9lget\u00e9s<\/strong>re a pl\u00e9b\u00e1ni\u00e1n. A 15:00-kor kezd\u0151d\u0151 tal\u00e1lkoz\u00f3 ut\u00e1n lehet\u0151s\u00e9g lesz egy\u00e9ni lelki besz\u00e9lget\u00e9sre vagy szentgy\u00f3n\u00e1s elv\u00e9gz\u00e9s\u00e9re. Cs\u00fct\u00f6rt\u00f6kig v\u00e1rjuk a jelentkez\u00e9seket a tal\u00e1lkoz\u00f3ra az itt el\u00e9rhet\u0151 <a href=\"https:\/\/forms.gle\/6GxtW8QvFQiazvdr6\" target=\"_blank\" rel=\"noreferrer noopener\"><u>\u0171rlapon<\/u><\/a>.<\/li>\n\n\n\n<li>Adventben a <span style=\"text-decoration: underline;\">szombat<\/span>i mis\u00e9k ut\u00e1n, 18:30-kor kezd\u0151dik a <strong>v\u00e1rosi gyertyagy\u00fajt\u00e1s<\/strong> a k\u00fclt\u00e9ri adventi koszor\u00fan\u00e1l. Az els\u0151 alkalommal meg\u00e1ld\u00e1sra ker\u00fclnek az otthoni adventi koszor\u00fak. Aki szeretn\u00e9, hozza mag\u00e1val az otthoni koszor\u00faj\u00e1t.<\/li>\n\n\n\n<li>Adventben <span style=\"text-decoration: underline;\">cs\u00fct\u00f6rt\u00f6k\u00f6nk\u00e9nt<\/span> 6:30-kor kezdj\u00fck a <strong>rorate <\/strong>szentmis\u00e9t.<\/li>\n<\/ol>\n\n\n\n<hr class=\"wp-block-separator has-alpha-channel-opacity\"\/>\n\n\n<div class=\"wp-block-image\">\n<figure class=\"aligncenter size-large\"><img loading=\"lazy\" decoding=\"async\" width=\"1024\" height=\"717\" src=\"https:\/\/marcali.plebania.hu\/wp-content\/uploads\/2025\/11\/251123-1024x717.png\" alt=\"\" class=\"wp-image-7806\" srcset=\"https:\/\/marcali.plebania.hu\/wp-content\/uploads\/2025\/11\/251123-1024x717.png 1024w, https:\/\/marcali.plebania.hu\/wp-content\/uploads\/2025\/11\/251123-300x210.png 300w, https:\/\/marcali.plebania.hu\/wp-content\/uploads\/2025\/11\/251123-768x538.png 768w, https:\/\/marcali.plebania.hu\/wp-content\/uploads\/2025\/11\/251123-385x270.png 385w, https:\/\/marcali.plebania.hu\/wp-content\/uploads\/2025\/11\/251123.png 1426w\" sizes=\"auto, (max-width: 1024px) 100vw, 1024px\" \/><\/figure>\n<\/div>\n\n\n<hr class=\"wp-block-separator has-alpha-channel-opacity\"\/>\n\n\n<div class=\"wp-block-image\">\n<figure class=\"aligncenter size-large\"><img loading=\"lazy\" decoding=\"async\" width=\"724\" height=\"1024\" src=\"https:\/\/marcali.plebania.hu\/wp-content\/uploads\/2025\/11\/1129_plakat_adventigyertyagyujtas-724x1024.jpg\" alt=\"\" class=\"wp-image-7807\" srcset=\"https:\/\/marcali.plebania.hu\/wp-content\/uploads\/2025\/11\/1129_plakat_adventigyertyagyujtas-724x1024.jpg 724w, https:\/\/marcali.plebania.hu\/wp-content\/uploads\/2025\/11\/1129_plakat_adventigyertyagyujtas-212x300.jpg 212w, https:\/\/marcali.plebania.hu\/wp-content\/uploads\/2025\/11\/1129_plakat_adventigyertyagyujtas-768x1086.jpg 768w, https:\/\/marcali.plebania.hu\/wp-content\/uploads\/2025\/11\/1129_plakat_adventigyertyagyujtas-1086x1536.jpg 1086w, https:\/\/marcali.plebania.hu\/wp-content\/uploads\/2025\/11\/1129_plakat_adventigyertyagyujtas-1448x2048.jpg 1448w, https:\/\/marcali.plebania.hu\/wp-content\/uploads\/2025\/11\/1129_plakat_adventigyertyagyujtas-191x270.jpg 191w, https:\/\/marcali.plebania.hu\/wp-content\/uploads\/2025\/11\/1129_plakat_adventigyertyagyujtas-scaled.jpg 1810w\" sizes=\"auto, (max-width: 724px) 100vw, 724px\" \/><\/figure>\n<\/div>","protected":false},"excerpt":{"rendered":"<p>\u00c9vk\u00f6zi 34. vas\u00e1rnap &#8211; Krisztus, a Vil\u00e1gmindens\u00e9g Kir\u00e1lyaA szentmise olvasm\u00e1nyai<\/p>\n","protected":false},"author":1,"featured_media":0,"comment_status":"closed","ping_status":"open","sticky":false,"template":"","format":"standard","meta":{"footnotes":""},"categories":[3],"tags":[],"class_list":["post-7805","post","type-post","status-publish","format-standard","hentry","category-hirdetesek"],"_links":{"self":[{"href":"https:\/\/marcali.plebania.hu\/index.php?rest_route=\/wp\/v2\/posts\/7805","targetHints":{"allow":["GET"]}}],"collection":[{"href":"https:\/\/marcali.plebania.hu\/index.php?rest_route=\/wp\/v2\/posts"}],"about":[{"href":"https:\/\/marcali.plebania.hu\/index.php?rest_route=\/wp\/v2\/types\/post"}],"author":[{"embeddable":true,"href":"https:\/\/marcali.plebania.hu\/index.php?rest_route=\/wp\/v2\/users\/1"}],"replies":[{"embeddable":true,"href":"https:\/\/marcali.plebania.hu\/index.php?rest_route=%2Fwp%2Fv2%2Fcomments&post=7805"}],"version-history":[{"count":2,"href":"https:\/\/marcali.plebania.hu\/index.php?rest_route=\/wp\/v2\/posts\/7805\/revisions"}],"predecessor-version":[{"id":7809,"href":"https:\/\/marcali.plebania.hu\/index.php?rest_route=\/wp\/v2\/posts\/7805\/revisions\/7809"}],"wp:attachment":[{"href":"https:\/\/marcali.plebania.hu\/index.php?rest_route=%2Fwp%2Fv2%2Fmedia&parent=7805"}],"wp:term":[{"taxonomy":"category","embeddable":true,"href":"https:\/\/marcali.plebania.hu\/index.php?rest_route=%2Fwp%2Fv2%2Fcategories&post=7805"},{"taxonomy":"post_tag","embeddable":true,"href":"https:\/\/marcali.plebania.hu\/index.php?rest_route=%2Fwp%2Fv2%2Ftags&post=7805"}],"curies":[{"name":"wp","href":"https:\/\/api.w.org\/{rel}","templated":true}]}}