{"id":7825,"date":"2025-11-27T10:30:05","date_gmt":"2025-11-27T10:30:05","guid":{"rendered":"https:\/\/marcali.plebania.hu\/?p=7825"},"modified":"2025-11-27T10:30:05","modified_gmt":"2025-11-27T10:30:05","slug":"dr-rajnics-peter-miert-hiszek-kesz-eloadas-az-x-hazban","status":"publish","type":"post","link":"https:\/\/marcali.plebania.hu\/?p=7825","title":{"rendered":"Dr. Rajnics P\u00e9ter: Mi\u00e9rt hiszek? \u2013 K\u00c9SZ el\u0151ad\u00e1s az X-h\u00e1zban"},"content":{"rendered":"\n<p>2025. november 20-\u00e1n, cs\u00fct\u00f6rt\u00f6k\u00f6n 18.15 \u00f3r\u00e1t\u00f3l dr Rajnics P\u00e9ter: Mi\u00e9rt hiszek? c\u00edmmel tartott tan\u00fas\u00e1gtev\u0151 el\u0151ad\u00e1st a Kereszt\u00e9ny \u00c9rtelmis\u00e9giek Sz\u00f6vets\u00e9ge (K\u00c9SZ) Marcali Csoportja szervez\u00e9s\u00e9ben az egyh\u00e1zk\u00f6zs\u00e9g k\u00f6z\u00f6ss\u00e9gi h\u00e1z\u00e1ban (D\u00f3zsa u. 3.).<\/p>\n\n\n\n<figure class=\"wp-block-gallery has-nested-images columns-default is-cropped wp-block-gallery-1 is-layout-flex wp-block-gallery-is-layout-flex\">\n<figure class=\"wp-block-image size-large\"><img loading=\"lazy\" decoding=\"async\" width=\"1024\" height=\"683\" data-id=\"7827\" src=\"https:\/\/marcali.plebania.hu\/wp-content\/uploads\/2025\/11\/01-1024x683.jpg\" alt=\"\" class=\"wp-image-7827\" srcset=\"https:\/\/marcali.plebania.hu\/wp-content\/uploads\/2025\/11\/01-1024x683.jpg 1024w, https:\/\/marcali.plebania.hu\/wp-content\/uploads\/2025\/11\/01-300x200.jpg 300w, https:\/\/marcali.plebania.hu\/wp-content\/uploads\/2025\/11\/01-768x512.jpg 768w, https:\/\/marcali.plebania.hu\/wp-content\/uploads\/2025\/11\/01-1536x1024.jpg 1536w, https:\/\/marcali.plebania.hu\/wp-content\/uploads\/2025\/11\/01-2048x1365.jpg 2048w, https:\/\/marcali.plebania.hu\/wp-content\/uploads\/2025\/11\/01-405x270.jpg 405w\" sizes=\"auto, (max-width: 1024px) 100vw, 1024px\" \/><\/figure>\n\n\n\n<figure class=\"wp-block-image size-large\"><img loading=\"lazy\" decoding=\"async\" width=\"1024\" height=\"683\" data-id=\"7826\" src=\"https:\/\/marcali.plebania.hu\/wp-content\/uploads\/2025\/11\/02-1024x683.jpg\" alt=\"\" class=\"wp-image-7826\" srcset=\"https:\/\/marcali.plebania.hu\/wp-content\/uploads\/2025\/11\/02-1024x683.jpg 1024w, https:\/\/marcali.plebania.hu\/wp-content\/uploads\/2025\/11\/02-300x200.jpg 300w, https:\/\/marcali.plebania.hu\/wp-content\/uploads\/2025\/11\/02-768x512.jpg 768w, https:\/\/marcali.plebania.hu\/wp-content\/uploads\/2025\/11\/02-1536x1024.jpg 1536w, https:\/\/marcali.plebania.hu\/wp-content\/uploads\/2025\/11\/02-2048x1365.jpg 2048w, https:\/\/marcali.plebania.hu\/wp-content\/uploads\/2025\/11\/02-405x270.jpg 405w\" sizes=\"auto, (max-width: 1024px) 100vw, 1024px\" \/><\/figure>\n\n\n\n<figure class=\"wp-block-image size-large\"><img loading=\"lazy\" decoding=\"async\" width=\"1024\" height=\"683\" data-id=\"7828\" src=\"https:\/\/marcali.plebania.hu\/wp-content\/uploads\/2025\/11\/03-1024x683.jpg\" alt=\"\" class=\"wp-image-7828\" srcset=\"https:\/\/marcali.plebania.hu\/wp-content\/uploads\/2025\/11\/03-1024x683.jpg 1024w, https:\/\/marcali.plebania.hu\/wp-content\/uploads\/2025\/11\/03-300x200.jpg 300w, https:\/\/marcali.plebania.hu\/wp-content\/uploads\/2025\/11\/03-768x512.jpg 768w, https:\/\/marcali.plebania.hu\/wp-content\/uploads\/2025\/11\/03-1536x1024.jpg 1536w, https:\/\/marcali.plebania.hu\/wp-content\/uploads\/2025\/11\/03-2048x1365.jpg 2048w, https:\/\/marcali.plebania.hu\/wp-content\/uploads\/2025\/11\/03-405x270.jpg 405w\" sizes=\"auto, (max-width: 1024px) 100vw, 1024px\" \/><\/figure>\n\n\n\n<figure class=\"wp-block-image size-large\"><img loading=\"lazy\" decoding=\"async\" width=\"1024\" height=\"683\" data-id=\"7829\" src=\"https:\/\/marcali.plebania.hu\/wp-content\/uploads\/2025\/11\/04-1024x683.jpg\" alt=\"\" class=\"wp-image-7829\" srcset=\"https:\/\/marcali.plebania.hu\/wp-content\/uploads\/2025\/11\/04-1024x683.jpg 1024w, https:\/\/marcali.plebania.hu\/wp-content\/uploads\/2025\/11\/04-300x200.jpg 300w, https:\/\/marcali.plebania.hu\/wp-content\/uploads\/2025\/11\/04-768x512.jpg 768w, https:\/\/marcali.plebania.hu\/wp-content\/uploads\/2025\/11\/04-1536x1024.jpg 1536w, https:\/\/marcali.plebania.hu\/wp-content\/uploads\/2025\/11\/04-2048x1365.jpg 2048w, https:\/\/marcali.plebania.hu\/wp-content\/uploads\/2025\/11\/04-405x270.jpg 405w\" sizes=\"auto, (max-width: 1024px) 100vw, 1024px\" \/><\/figure>\n<\/figure>\n\n\n\n<p>A rendezv\u00e9ny r\u00e9sztvev\u0151it \u00e9s a vend\u00e9get Kiss K\u00e1lm\u00e1n, a K\u00c9SZ helyi csoportj\u00e1nak eln\u00f6ke k\u00f6sz\u00f6nt\u00f6tte, majd Molik Edit, az el\u0151ad\u00e1s-sorozat \u00f6tletgazd\u00e1ja \u00e9s f\u0151 szervez\u0151je mutatta be a megh\u00edvott kaposv\u00e1ri el\u0151ad\u00f3t.<\/p>\n\n\n\n<p>Ezut\u00e1n Dr. Rajnics P\u00e9ter f\u0151orvos, haematol\u00f3gus, akolitus \u2013 vet\u00edtett-k\u00e9pes el\u0151ad\u00e1s keret\u00e9ben \u2013 besz\u00e9lt eddigi \u00e9let\u00e9r\u0151l, iskol\u00e1ir\u00f3l, p\u00e1lyav\u00e1laszt\u00e1s\u00e1r\u00f3l, sokr\u00e9t\u0171 munk\u00e1j\u00e1r\u00f3l, hivat\u00e1s\u00e1r\u00f3l, csal\u00e1dj\u00e1r\u00f3l \u00e9s vall\u00e1soss\u00e1g\u00e1r\u00f3l, mivel m\u00e9lyen h\u00edv\u0151 ember. Akolitusk\u00e9nt is szolg\u00e1l a Kaposv\u00e1ri Egyh\u00e1zmegy\u00e9ben.<\/p>\n\n\n\n<figure class=\"wp-block-gallery has-nested-images columns-default is-cropped wp-block-gallery-2 is-layout-flex wp-block-gallery-is-layout-flex\">\n<figure class=\"wp-block-image size-large\"><img loading=\"lazy\" decoding=\"async\" width=\"1024\" height=\"683\" data-id=\"7830\" src=\"https:\/\/marcali.plebania.hu\/wp-content\/uploads\/2025\/11\/07-1024x683.jpg\" alt=\"\" class=\"wp-image-7830\" srcset=\"https:\/\/marcali.plebania.hu\/wp-content\/uploads\/2025\/11\/07-1024x683.jpg 1024w, https:\/\/marcali.plebania.hu\/wp-content\/uploads\/2025\/11\/07-300x200.jpg 300w, https:\/\/marcali.plebania.hu\/wp-content\/uploads\/2025\/11\/07-768x512.jpg 768w, https:\/\/marcali.plebania.hu\/wp-content\/uploads\/2025\/11\/07-1536x1024.jpg 1536w, https:\/\/marcali.plebania.hu\/wp-content\/uploads\/2025\/11\/07-2048x1365.jpg 2048w, https:\/\/marcali.plebania.hu\/wp-content\/uploads\/2025\/11\/07-405x270.jpg 405w\" sizes=\"auto, (max-width: 1024px) 100vw, 1024px\" \/><\/figure>\n\n\n\n<figure class=\"wp-block-image size-large\"><img loading=\"lazy\" decoding=\"async\" width=\"1024\" height=\"683\" data-id=\"7831\" src=\"https:\/\/marcali.plebania.hu\/wp-content\/uploads\/2025\/11\/10-1024x683.jpg\" alt=\"\" class=\"wp-image-7831\" srcset=\"https:\/\/marcali.plebania.hu\/wp-content\/uploads\/2025\/11\/10-1024x683.jpg 1024w, https:\/\/marcali.plebania.hu\/wp-content\/uploads\/2025\/11\/10-300x200.jpg 300w, https:\/\/marcali.plebania.hu\/wp-content\/uploads\/2025\/11\/10-768x512.jpg 768w, https:\/\/marcali.plebania.hu\/wp-content\/uploads\/2025\/11\/10-1536x1024.jpg 1536w, https:\/\/marcali.plebania.hu\/wp-content\/uploads\/2025\/11\/10-2048x1365.jpg 2048w, https:\/\/marcali.plebania.hu\/wp-content\/uploads\/2025\/11\/10-405x270.jpg 405w\" sizes=\"auto, (max-width: 1024px) 100vw, 1024px\" \/><\/figure>\n\n\n\n<figure class=\"wp-block-image size-large\"><img loading=\"lazy\" decoding=\"async\" width=\"1024\" height=\"683\" data-id=\"7833\" src=\"https:\/\/marcali.plebania.hu\/wp-content\/uploads\/2025\/11\/08-1024x683.jpg\" alt=\"\" class=\"wp-image-7833\" srcset=\"https:\/\/marcali.plebania.hu\/wp-content\/uploads\/2025\/11\/08-1024x683.jpg 1024w, https:\/\/marcali.plebania.hu\/wp-content\/uploads\/2025\/11\/08-300x200.jpg 300w, https:\/\/marcali.plebania.hu\/wp-content\/uploads\/2025\/11\/08-768x512.jpg 768w, https:\/\/marcali.plebania.hu\/wp-content\/uploads\/2025\/11\/08-1536x1024.jpg 1536w, https:\/\/marcali.plebania.hu\/wp-content\/uploads\/2025\/11\/08-2048x1365.jpg 2048w, https:\/\/marcali.plebania.hu\/wp-content\/uploads\/2025\/11\/08-405x270.jpg 405w\" sizes=\"auto, (max-width: 1024px) 100vw, 1024px\" \/><\/figure>\n\n\n\n<figure class=\"wp-block-image size-large\"><img loading=\"lazy\" decoding=\"async\" width=\"1024\" height=\"683\" data-id=\"7832\" src=\"https:\/\/marcali.plebania.hu\/wp-content\/uploads\/2025\/11\/09-1024x683.jpg\" alt=\"\" class=\"wp-image-7832\" srcset=\"https:\/\/marcali.plebania.hu\/wp-content\/uploads\/2025\/11\/09-1024x683.jpg 1024w, https:\/\/marcali.plebania.hu\/wp-content\/uploads\/2025\/11\/09-300x200.jpg 300w, https:\/\/marcali.plebania.hu\/wp-content\/uploads\/2025\/11\/09-768x512.jpg 768w, https:\/\/marcali.plebania.hu\/wp-content\/uploads\/2025\/11\/09-1536x1024.jpg 1536w, https:\/\/marcali.plebania.hu\/wp-content\/uploads\/2025\/11\/09-2048x1365.jpg 2048w, https:\/\/marcali.plebania.hu\/wp-content\/uploads\/2025\/11\/09-405x270.jpg 405w\" sizes=\"auto, (max-width: 1024px) 100vw, 1024px\" \/><\/figure>\n<\/figure>\n\n\n\n<p>A vend\u00e9g azt fejtegette a jelenl\u00e9v\u0151knek k\u00fcl\u00f6nf\u00e9le p\u00e9ld\u00e1kkal, hogy mit tehet az ember a hit\u00e9\u00e9rt, hogyan n\u00f6velhet\u0151 a hit? Kihangs\u00falyozta, hogy. \u201eAz, hogy mekkora a hitem valamiben, att\u00f3l f\u00fcgg, hogy mennyire ismerem a hitem t\u00e1rgy\u00e1t. Az Isten megismerteti mag\u00e1t az emberrel kinyilatkoztat\u00e1sai \u00e1ltal, melyek, mint a b\u00fav\u00f3patak el\u0151bukkannak az ember \u00e9lete sor\u00e1n. Az \u00dar sokszor azokban az \u00e9lethelyzetekben sz\u00f3l\u00edtja meg az embert, amikor \u00e9rz\u00e9kenyebb. Egy \u00f6r\u00f6mteli esem\u00e9nyn\u00e9l vagy egy nagy traum\u00e1n\u00e1l. \u00c9rdemes teh\u00e1t a hit szempontj\u00e1b\u00f3l is komolyan venni ezeket a fordul\u00f3pontokat.\u201d \u2013 emelte ki a f\u0151orvos.<\/p>\n\n\n\n<p>Dr. Rajnics P\u00e9ter az akolitusi szolg\u00e1lat mellett a j\u00f6v\u0151k\u00e9p\u00e9t a csal\u00e1dos k\u00f6z\u00f6ss\u00e9gek l\u00e9trehoz\u00e1s\u00e1ban l\u00e1tja, mert vallja, hogy a hitet csak k\u00f6z\u00f6ss\u00e9gben lehet igaz\u00e1n meg\u00e9lni.<\/p>\n\n\n\n<p>A rendezv\u00e9ny k\u00f6tetlen hangulat\u00fa besz\u00e9lget\u00e9ssel z\u00e1rult, mik\u00f6zben a megjelenteket pog\u00e1cs\u00e1val \u00e9s \u00fcd\u00edt\u0151kkel vend\u00e9gelt\u00e9k meg \u2013 a h\u00edvek j\u00f3volt\u00e1b\u00f3l \u2013 a szervez\u0151k.<\/p>\n\n\n\n<figure class=\"wp-block-gallery has-nested-images columns-default is-cropped wp-block-gallery-3 is-layout-flex wp-block-gallery-is-layout-flex\">\n<figure class=\"wp-block-image size-large\"><img loading=\"lazy\" decoding=\"async\" width=\"1024\" height=\"683\" data-id=\"7837\" src=\"https:\/\/marcali.plebania.hu\/wp-content\/uploads\/2025\/11\/15-1024x683.jpg\" alt=\"\" class=\"wp-image-7837\" srcset=\"https:\/\/marcali.plebania.hu\/wp-content\/uploads\/2025\/11\/15-1024x683.jpg 1024w, https:\/\/marcali.plebania.hu\/wp-content\/uploads\/2025\/11\/15-300x200.jpg 300w, https:\/\/marcali.plebania.hu\/wp-content\/uploads\/2025\/11\/15-768x512.jpg 768w, https:\/\/marcali.plebania.hu\/wp-content\/uploads\/2025\/11\/15-1536x1024.jpg 1536w, https:\/\/marcali.plebania.hu\/wp-content\/uploads\/2025\/11\/15-2048x1365.jpg 2048w, https:\/\/marcali.plebania.hu\/wp-content\/uploads\/2025\/11\/15-405x270.jpg 405w\" sizes=\"auto, (max-width: 1024px) 100vw, 1024px\" \/><\/figure>\n\n\n\n<figure class=\"wp-block-image size-large\"><img loading=\"lazy\" decoding=\"async\" width=\"1024\" height=\"683\" data-id=\"7834\" src=\"https:\/\/marcali.plebania.hu\/wp-content\/uploads\/2025\/11\/17-1024x683.jpg\" alt=\"\" class=\"wp-image-7834\" srcset=\"https:\/\/marcali.plebania.hu\/wp-content\/uploads\/2025\/11\/17-1024x683.jpg 1024w, https:\/\/marcali.plebania.hu\/wp-content\/uploads\/2025\/11\/17-300x200.jpg 300w, https:\/\/marcali.plebania.hu\/wp-content\/uploads\/2025\/11\/17-768x512.jpg 768w, https:\/\/marcali.plebania.hu\/wp-content\/uploads\/2025\/11\/17-1536x1024.jpg 1536w, https:\/\/marcali.plebania.hu\/wp-content\/uploads\/2025\/11\/17-2048x1365.jpg 2048w, https:\/\/marcali.plebania.hu\/wp-content\/uploads\/2025\/11\/17-405x270.jpg 405w\" sizes=\"auto, (max-width: 1024px) 100vw, 1024px\" \/><\/figure>\n\n\n\n<figure class=\"wp-block-image size-large\"><img loading=\"lazy\" decoding=\"async\" width=\"1024\" height=\"683\" data-id=\"7835\" src=\"https:\/\/marcali.plebania.hu\/wp-content\/uploads\/2025\/11\/18-1024x683.jpg\" alt=\"\" class=\"wp-image-7835\" srcset=\"https:\/\/marcali.plebania.hu\/wp-content\/uploads\/2025\/11\/18-1024x683.jpg 1024w, https:\/\/marcali.plebania.hu\/wp-content\/uploads\/2025\/11\/18-300x200.jpg 300w, https:\/\/marcali.plebania.hu\/wp-content\/uploads\/2025\/11\/18-768x512.jpg 768w, https:\/\/marcali.plebania.hu\/wp-content\/uploads\/2025\/11\/18-1536x1024.jpg 1536w, https:\/\/marcali.plebania.hu\/wp-content\/uploads\/2025\/11\/18-2048x1365.jpg 2048w, https:\/\/marcali.plebania.hu\/wp-content\/uploads\/2025\/11\/18-405x270.jpg 405w\" sizes=\"auto, (max-width: 1024px) 100vw, 1024px\" \/><\/figure>\n\n\n\n<figure class=\"wp-block-image size-large\"><img loading=\"lazy\" decoding=\"async\" width=\"1024\" height=\"683\" data-id=\"7836\" src=\"https:\/\/marcali.plebania.hu\/wp-content\/uploads\/2025\/11\/16-1024x683.jpg\" alt=\"\" class=\"wp-image-7836\" srcset=\"https:\/\/marcali.plebania.hu\/wp-content\/uploads\/2025\/11\/16-1024x683.jpg 1024w, https:\/\/marcali.plebania.hu\/wp-content\/uploads\/2025\/11\/16-300x200.jpg 300w, https:\/\/marcali.plebania.hu\/wp-content\/uploads\/2025\/11\/16-768x512.jpg 768w, https:\/\/marcali.plebania.hu\/wp-content\/uploads\/2025\/11\/16-1536x1024.jpg 1536w, https:\/\/marcali.plebania.hu\/wp-content\/uploads\/2025\/11\/16-2048x1365.jpg 2048w, https:\/\/marcali.plebania.hu\/wp-content\/uploads\/2025\/11\/16-405x270.jpg 405w\" sizes=\"auto, (max-width: 1024px) 100vw, 1024px\" \/><\/figure>\n<\/figure>\n\n\n\n<p>A rendezv\u00e9nyt megtisztelte jelenl\u00e9t\u00e9vel Tomanek Ferenc \u00c1ron pl\u00e9b\u00e1nos \u00e9s Galambos Ferenc helyettes pl\u00e9b\u00e1nos; valamint Miszi Zsuzsanna, Moln\u00e1r \u00c1gnes Anna \u00e9s dr. Pozsonyi M\u00e1rk helyi \u00f6nkorm\u00e1nyzati k\u00e9pvisel\u0151k; tov\u00e1bb\u00e1 az egyh\u00e1zk\u00f6zs\u00e9g k\u00f6z\u00f6ss\u00e9geinek; illetve a Marcali civil szervezetek tagjai.<\/p>\n\n\n\n<p>A \u201eMi\u00e9rt hiszek?\u201d c\u00edm\u0171 el\u0151ad\u00e1s-sorozat k\u00f6vetkez\u0151 programja m\u00e9g szervez\u00e9s alatt van.<\/p>\n\n\n\n<p><\/p>\n\n\n\n<p>\u00cdrta \u00e9s fot\u00f3k: K\u00c9SZ Marcali Csoport\/Kiss K\u00e1lm\u00e1n<\/p>\n","protected":false},"excerpt":{"rendered":"<p>2025. november 20-\u00e1n, cs\u00fct\u00f6rt\u00f6k\u00f6n 18.15 \u00f3r\u00e1t\u00f3l dr Rajnics P\u00e9ter: Mi\u00e9rt hiszek? c\u00edmmel tartott tan\u00fas\u00e1gtev\u0151 el\u0151ad\u00e1st a Kereszt\u00e9ny \u00c9rtelmis\u00e9giek Sz\u00f6vets\u00e9ge (K\u00c9SZ) Marcali Csoportja szervez\u00e9s\u00e9ben az egyh\u00e1zk\u00f6zs\u00e9g k\u00f6z\u00f6ss\u00e9gi h\u00e1z\u00e1ban (D\u00f3zsa u. 3.). A rendezv\u00e9ny r\u00e9sztvev\u0151it \u00e9s a vend\u00e9get Kiss K\u00e1lm\u00e1n, a K\u00c9SZ helyi csoportj\u00e1nak eln\u00f6ke k\u00f6sz\u00f6nt\u00f6tte, majd Molik Edit, az el\u0151ad\u00e1s-sorozat \u00f6tletgazd\u00e1ja \u00e9s f\u0151 szervez\u0151je mutatta be a megh\u00edvott kaposv\u00e1ri el\u0151ad\u00f3t. Ezut\u00e1n Dr. Rajnics P\u00e9ter f\u0151orvos, haematol\u00f3gus, akolitus \u2013 vet\u00edtett-k\u00e9pes el\u0151ad\u00e1s keret\u00e9ben \u2013 besz\u00e9lt eddigi \u00e9let\u00e9r\u0151l, iskol\u00e1ir\u00f3l, p\u00e1lyav\u00e1laszt\u00e1s\u00e1r\u00f3l, sokr\u00e9t\u0171 munk\u00e1j\u00e1r\u00f3l, hivat\u00e1s\u00e1r\u00f3l, csal\u00e1dj\u00e1r\u00f3l&#8230;<\/p>\n<p class=\"read-more\"><a class=\"btn btn-default\" href=\"https:\/\/marcali.plebania.hu\/?p=7825\"> Read More<span class=\"screen-reader-text\">  Read More<\/span><\/a><\/p>\n","protected":false},"author":2,"featured_media":0,"comment_status":"closed","ping_status":"open","sticky":false,"template":"","format":"standard","meta":{"footnotes":""},"categories":[1],"tags":[],"class_list":["post-7825","post","type-post","status-publish","format-standard","hentry","category-egyeb"],"_links":{"self":[{"href":"https:\/\/marcali.plebania.hu\/index.php?rest_route=\/wp\/v2\/posts\/7825","targetHints":{"allow":["GET"]}}],"collection":[{"href":"https:\/\/marcali.plebania.hu\/index.php?rest_route=\/wp\/v2\/posts"}],"about":[{"href":"https:\/\/marcali.plebania.hu\/index.php?rest_route=\/wp\/v2\/types\/post"}],"author":[{"embeddable":true,"href":"https:\/\/marcali.plebania.hu\/index.php?rest_route=\/wp\/v2\/users\/2"}],"replies":[{"embeddable":true,"href":"https:\/\/marcali.plebania.hu\/index.php?rest_route=%2Fwp%2Fv2%2Fcomments&post=7825"}],"version-history":[{"count":1,"href":"https:\/\/marcali.plebania.hu\/index.php?rest_route=\/wp\/v2\/posts\/7825\/revisions"}],"predecessor-version":[{"id":7838,"href":"https:\/\/marcali.plebania.hu\/index.php?rest_route=\/wp\/v2\/posts\/7825\/revisions\/7838"}],"wp:attachment":[{"href":"https:\/\/marcali.plebania.hu\/index.php?rest_route=%2Fwp%2Fv2%2Fmedia&parent=7825"}],"wp:term":[{"taxonomy":"category","embeddable":true,"href":"https:\/\/marcali.plebania.hu\/index.php?rest_route=%2Fwp%2Fv2%2Fcategories&post=7825"},{"taxonomy":"post_tag","embeddable":true,"href":"https:\/\/marcali.plebania.hu\/index.php?rest_route=%2Fwp%2Fv2%2Ftags&post=7825"}],"curies":[{"name":"wp","href":"https:\/\/api.w.org\/{rel}","templated":true}]}}