{"id":7870,"date":"2025-11-30T16:07:13","date_gmt":"2025-11-30T16:07:13","guid":{"rendered":"https:\/\/marcali.plebania.hu\/?p=7870"},"modified":"2025-11-30T16:07:13","modified_gmt":"2025-11-30T16:07:13","slug":"hirdetesek-2025-november-30-an","status":"publish","type":"post","link":"https:\/\/marcali.plebania.hu\/?p=7870","title":{"rendered":"Hirdet\u00e9sek 2025. november 30-\u00e1n"},"content":{"rendered":"\n<p>Advent 1. vas\u00e1rnapja<br><strong><a href=\"https:\/\/igenaptar.katolikus.hu\/nap\/index.php?holnap=2025-11-30\" target=\"_blank\" rel=\"noreferrer noopener\">A szentmise olvasm\u00e1nyai<\/a><\/strong><\/p>\n\n\n\n<ol start=\"1\" class=\"wp-block-list\">\n<li><a href=\"https:\/\/marcali.plebania.hu\/index.php\/2024\/11\/30\/advent\/\" target=\"_blank\" rel=\"noreferrer noopener\"><u>Adventben<\/u><\/a> a szombati mis\u00e9k ut\u00e1n, 18:30-kor kezd\u0151dik a <strong>v\u00e1rosi gyertyagy\u00fajt\u00e1s<\/strong> a k\u00fclt\u00e9ri adventi koszor\u00fan\u00e1l. K\u00f6sz\u00f6nj\u00fck mindenkinek a koszor\u00fa fel\u00e1ll\u00edt\u00e1s\u00e1ban \u00e9s elk\u00e9sz\u00edt\u00e9s\u00e9ben ny\u00fajtott seg\u00edts\u00e9get.<\/li>\n\n\n\n<li>K\u00f6sz\u00f6nj\u00fck a bekapcsol\u00f3d\u00e1st a <strong>k\u00f6z\u00f6ss\u00e9gi adventi koszor\u00fak\u00e9sz\u00edt\u00e9s<\/strong>be, valamint a pl\u00e9b\u00e1niai <strong>adventi besz\u00e9lget\u00e9s<\/strong>be.<\/li>\n\n\n\n<li>\u00d6r\u00f6mmel adjuk h\u00edr\u00fcl, hogy a h\u00e9ten elk\u00e9sz\u00fclt a k\u00f6z\u00f6ss\u00e9gi h\u00e1zban a h\u0171t\u0151-f\u0171t\u0151 kl\u00edma beszerel\u00e9se. K\u00f6sz\u00f6nj\u00fck az anyagi t\u00e1mogat\u00e1st az X-h\u00e1z korszer\u0171s\u00edt\u00e9s\u00e9hez mindenkinek, aki cser\u00e9pjegy vagy tombola v\u00e1s\u00e1rl\u00e1s\u00e1val, a napk\u00f6zis t\u00e1bor vagy egy\u00e9b pl\u00e9b\u00e1niai programok alkalm\u00e1val hozz\u00e1j\u00e1rult a k\u00f6lts\u00e9gek fedez\u00e9s\u00e9hez.<\/li>\n\n\n\n<li><strong>Adventi \u201eTaKi\u201d-j\u00e1t\u00e9k<\/strong>ra h\u00edvjuk az \u00e9rdekl\u0151d\u0151ket: a nagyb\u00f6jtihez hasonl\u00f3an minden vas\u00e1rnapi mise ut\u00e1n a r\u00e9sztvev\u0151 kap egy feladatlapot, saj\u00e1t koroszt\u00e1ly\u00e1nak megfelel\u0151en: \u00f3vod\u00e1s, 1-3. oszt\u00e1lyos, 4-6. oszt\u00e1lyos, 7-12. oszt\u00e1lyos \u00e9s feln\u0151tt kateg\u00f3ria is lesz. A feladatlap a szentmise olvasm\u00e1nyaihoz vagy az adventi id\u0151h\u00f6z k\u00f6t\u0151dik. A n\u00e9vvel ell\u00e1tott \u00e9s kit\u00f6lt\u00f6tt lapot a k\u00f6vetkez\u0151 vas\u00e1rnapon k\u00e9rj\u00fck bedobni a \u201eTaKi\u201d felirat\u00fa dobozba. Kar\u00e1csonyig tart a j\u00e1t\u00e9k, ut\u00e1na a legszorgalmasabbak jutalomban r\u00e9szes\u00fclnek.<\/li>\n\n\n\n<li>Kar\u00e1csonyig a <strong>csendes szents\u00e9gim\u00e1d\u00e1si \u00f3ra<\/strong> (cs\u00fct\u00f6rt\u00f6k helyett) szerd\u00e1nk\u00e9nt lesz 16:00-t\u00f3l a pl\u00e9b\u00e1niatemplomban.<\/li>\n\n\n\n<li>A <strong>F\u00e9rfi-k\u00f6r<\/strong> tal\u00e1lkoz\u00f3ja szerd\u00e1n 18:00-kor kezd\u0151dik a pl\u00e9b\u00e1ni\u00e1n.<\/li>\n\n\n\n<li>Adventben cs\u00fct\u00f6rt\u00f6k\u00f6nk\u00e9nt az esti id\u0151pont helyett 6:30-kor kezdj\u00fck a <strong>rorate <\/strong>szentmis\u00e9t a pl\u00e9b\u00e1niatemplomban. A mise ut\u00e1n a sekresty\u00e9ben forr\u00f3 te\u00e1val v\u00e1rjuk a mis\u00e9n r\u00e9sztvev\u0151ket.<\/li>\n\n\n\n<li>Minden h\u00f3nap els\u0151 p\u00e9ntek\u00e9n megl\u00e1togatjuk otthonukban az id\u0151seket \u00e9s a betegeket, akik nem tudnak elj\u00f6nni a templomba. Ez lehet\u0151s\u00e9g sz\u00e1mukra a szentgy\u00f3n\u00e1s elv\u00e9gz\u00e9s\u00e9re \u00e9s az \u00e1ldoz\u00e1sra is. Aki szeretne \u00e9lni a lehet\u0151s\u00e9ggel, de m\u00e9g nem jelentkezett, az irod\u00e1n b\u00e1rmikor megteheti. Azok jelentkez\u00e9s\u00e9t is v\u00e1rjuk, akik nem minden h\u00f3napban k\u00e9rik a papi l\u00e1togat\u00e1st, de a <strong>kar\u00e1csonyi szentgy\u00f3n\u00e1s<\/strong>ukat szeretn\u00e9k elv\u00e9gezni \u00e9s gondot okoz nekik eljutni a templomba.<\/li>\n\n\n\n<li>A szentmis\u00e9be a t\u00e9v\u00e9n kereszt\u00fcl bekapcsol\u00f3d\u00f3knak hirdetj\u00fck, hogy k\u00e9rt\u00fcnk \u00e1raj\u00e1nlatot a kamerarendszer fejleszt\u00e9s\u00e9re, ami jobb hang\u00e1tvitelt, k\u00e9t kamera m\u0171k\u00f6d\u00e9s\u00e9t \u00e9s az <strong>\u00e9l\u0151 k\u00f6zvet\u00edt\u00e9s<\/strong>t is lehet\u0151v\u00e9 teszi. Eszk\u00f6z\u00f6kkel, munkad\u00edjjal \u00e9s m\u0171sorbaker\u00fcl\u00e9si d\u00edjjal ez \u00f6sszesen 1.100.000 forint k\u00f6r\u00fcli egyszeri kiad\u00e1st jelent. K\u00e9rj\u00fck, aki fontosnak tartja a k\u00f6zvet\u00edt\u00e9st, \u00f6nmaga vagy m\u00e1sok sz\u00e1m\u00e1ra, \u00e9s sz\u00edvesen adakozik erre a c\u00e9lra, juttassa el az irod\u00e1ba vagy a pl\u00e9b\u00e1nia sz\u00e1ml\u00e1j\u00e1ra utalja \u00e1t adom\u00e1ny\u00e1t (10403947-00026735-00000001, vagy megadhat\u00f3 az e-mailc\u00edm azonos\u00edt\u00f3k\u00e9nt: marcaliplebania@gmail.com). A k\u00f6zlem\u00e9nyben k\u00e9rj\u00fck megadni az adom\u00e1ny c\u00e9lj\u00e1t, pl. \u201eadom\u00e1ny k\u00f6zvet\u00edt\u00e9sre\u201d. A be\u00e9rkezett \u00f6sszegnek megfelel\u0151en vesz\u00fcnk \u00faj eszk\u00f6z\u00f6ket \u00e9s \u00e9p\u00edttetj\u00fck ki az \u00faj rendszert.<\/li>\n<\/ol>\n\n\n\n<hr class=\"wp-block-separator has-alpha-channel-opacity\"\/>\n\n\n\n<figure class=\"wp-block-image size-large\"><img loading=\"lazy\" decoding=\"async\" width=\"1024\" height=\"704\" src=\"https:\/\/marcali.plebania.hu\/wp-content\/uploads\/2025\/11\/251130-1024x704.png\" alt=\"\" class=\"wp-image-7871\" srcset=\"https:\/\/marcali.plebania.hu\/wp-content\/uploads\/2025\/11\/251130-1024x704.png 1024w, https:\/\/marcali.plebania.hu\/wp-content\/uploads\/2025\/11\/251130-300x206.png 300w, https:\/\/marcali.plebania.hu\/wp-content\/uploads\/2025\/11\/251130-768x528.png 768w, https:\/\/marcali.plebania.hu\/wp-content\/uploads\/2025\/11\/251130-1536x1056.png 1536w, https:\/\/marcali.plebania.hu\/wp-content\/uploads\/2025\/11\/251130-393x270.png 393w, https:\/\/marcali.plebania.hu\/wp-content\/uploads\/2025\/11\/251130.png 1551w\" sizes=\"auto, (max-width: 1024px) 100vw, 1024px\" \/><\/figure>\n\n\n\n<hr class=\"wp-block-separator has-alpha-channel-opacity\"\/>\n\n\n\n<figure class=\"wp-block-gallery has-nested-images columns-default is-cropped wp-block-gallery-1 is-layout-flex wp-block-gallery-is-layout-flex\"><div class=\"wp-block-image\">\n<figure class=\"aligncenter size-large\"><img loading=\"lazy\" decoding=\"async\" width=\"965\" height=\"812\" data-id=\"7873\" src=\"https:\/\/marcali.plebania.hu\/wp-content\/uploads\/2025\/11\/Advent-1.-het.png\" alt=\"\" class=\"wp-image-7873\" srcset=\"https:\/\/marcali.plebania.hu\/wp-content\/uploads\/2025\/11\/Advent-1.-het.png 965w, https:\/\/marcali.plebania.hu\/wp-content\/uploads\/2025\/11\/Advent-1.-het-300x252.png 300w, https:\/\/marcali.plebania.hu\/wp-content\/uploads\/2025\/11\/Advent-1.-het-768x646.png 768w, https:\/\/marcali.plebania.hu\/wp-content\/uploads\/2025\/11\/Advent-1.-het-321x270.png 321w\" sizes=\"auto, (max-width: 965px) 100vw, 965px\" \/><\/figure>\n<\/div><\/figure>\n\n\n<div class=\"wp-block-image\">\n<figure class=\"aligncenter size-large\"><img loading=\"lazy\" decoding=\"async\" width=\"724\" height=\"1024\" src=\"https:\/\/marcali.plebania.hu\/wp-content\/uploads\/2025\/11\/Zarandoklat-a-hivatasokert-december-724x1024.jpg\" alt=\"\" class=\"wp-image-7872\" srcset=\"https:\/\/marcali.plebania.hu\/wp-content\/uploads\/2025\/11\/Zarandoklat-a-hivatasokert-december-724x1024.jpg 724w, https:\/\/marcali.plebania.hu\/wp-content\/uploads\/2025\/11\/Zarandoklat-a-hivatasokert-december-212x300.jpg 212w, https:\/\/marcali.plebania.hu\/wp-content\/uploads\/2025\/11\/Zarandoklat-a-hivatasokert-december-768x1086.jpg 768w, https:\/\/marcali.plebania.hu\/wp-content\/uploads\/2025\/11\/Zarandoklat-a-hivatasokert-december-1086x1536.jpg 1086w, https:\/\/marcali.plebania.hu\/wp-content\/uploads\/2025\/11\/Zarandoklat-a-hivatasokert-december-191x270.jpg 191w, https:\/\/marcali.plebania.hu\/wp-content\/uploads\/2025\/11\/Zarandoklat-a-hivatasokert-december.jpg 1414w\" sizes=\"auto, (max-width: 724px) 100vw, 724px\" \/><\/figure>\n<\/div>","protected":false},"excerpt":{"rendered":"<p>Advent 1. vas\u00e1rnapjaA szentmise olvasm\u00e1nyai<\/p>\n","protected":false},"author":1,"featured_media":0,"comment_status":"closed","ping_status":"open","sticky":false,"template":"","format":"standard","meta":{"footnotes":""},"categories":[3],"tags":[],"class_list":["post-7870","post","type-post","status-publish","format-standard","hentry","category-hirdetesek"],"_links":{"self":[{"href":"https:\/\/marcali.plebania.hu\/index.php?rest_route=\/wp\/v2\/posts\/7870","targetHints":{"allow":["GET"]}}],"collection":[{"href":"https:\/\/marcali.plebania.hu\/index.php?rest_route=\/wp\/v2\/posts"}],"about":[{"href":"https:\/\/marcali.plebania.hu\/index.php?rest_route=\/wp\/v2\/types\/post"}],"author":[{"embeddable":true,"href":"https:\/\/marcali.plebania.hu\/index.php?rest_route=\/wp\/v2\/users\/1"}],"replies":[{"embeddable":true,"href":"https:\/\/marcali.plebania.hu\/index.php?rest_route=%2Fwp%2Fv2%2Fcomments&post=7870"}],"version-history":[{"count":1,"href":"https:\/\/marcali.plebania.hu\/index.php?rest_route=\/wp\/v2\/posts\/7870\/revisions"}],"predecessor-version":[{"id":7874,"href":"https:\/\/marcali.plebania.hu\/index.php?rest_route=\/wp\/v2\/posts\/7870\/revisions\/7874"}],"wp:attachment":[{"href":"https:\/\/marcali.plebania.hu\/index.php?rest_route=%2Fwp%2Fv2%2Fmedia&parent=7870"}],"wp:term":[{"taxonomy":"category","embeddable":true,"href":"https:\/\/marcali.plebania.hu\/index.php?rest_route=%2Fwp%2Fv2%2Fcategories&post=7870"},{"taxonomy":"post_tag","embeddable":true,"href":"https:\/\/marcali.plebania.hu\/index.php?rest_route=%2Fwp%2Fv2%2Ftags&post=7870"}],"curies":[{"name":"wp","href":"https:\/\/api.w.org\/{rel}","templated":true}]}}