{"id":7875,"date":"2025-12-04T14:29:38","date_gmt":"2025-12-04T14:29:38","guid":{"rendered":"https:\/\/marcali.plebania.hu\/?p=7875"},"modified":"2025-12-04T14:29:38","modified_gmt":"2025-12-04T14:29:38","slug":"elkeszult-a-kulteri-adventi-koszoru-a-marcali-plebaniatemplom-elott","status":"publish","type":"post","link":"https:\/\/marcali.plebania.hu\/?p=7875","title":{"rendered":"Elk\u00e9sz\u00fclt a k\u00fclt\u00e9ri \u00e1dventi koszor\u00fa a Marcali pl\u00e9b\u00e1niatemplom el\u0151tt"},"content":{"rendered":"\n<p>2025. november 29-\u00e9n, szombaton, d\u00e9lel\u0151tt 9 \u00f3r\u00e1t\u00f3l kezd\u0151d\u00f6tt a k\u00fclt\u00e9ri \u00e1dventi koszor\u00fa \u00f6ssze\u00e1ll\u00edt\u00e1sa \u00e9s feld\u00edsz\u00edt\u00e9se a Gy\u00fcm\u00f6lcsolt\u00f3 Boldogasszony Pl\u00e9b\u00e1niatemplom el\u0151tti kereszt mellett, a Boldog II. J\u00e1nos P\u00e1l p\u00e1pa t\u00e9ren.<\/p>\n\n\n\n<figure class=\"wp-block-gallery has-nested-images columns-default is-cropped wp-block-gallery-1 is-layout-flex wp-block-gallery-is-layout-flex\">\n<figure class=\"wp-block-image size-large\"><img loading=\"lazy\" decoding=\"async\" width=\"1024\" height=\"683\" data-id=\"7879\" src=\"https:\/\/marcali.plebania.hu\/wp-content\/uploads\/2025\/12\/02-1024x683.jpg\" alt=\"\" class=\"wp-image-7879\" srcset=\"https:\/\/marcali.plebania.hu\/wp-content\/uploads\/2025\/12\/02-1024x683.jpg 1024w, https:\/\/marcali.plebania.hu\/wp-content\/uploads\/2025\/12\/02-300x200.jpg 300w, https:\/\/marcali.plebania.hu\/wp-content\/uploads\/2025\/12\/02-768x512.jpg 768w, https:\/\/marcali.plebania.hu\/wp-content\/uploads\/2025\/12\/02-1536x1024.jpg 1536w, https:\/\/marcali.plebania.hu\/wp-content\/uploads\/2025\/12\/02-2048x1365.jpg 2048w, https:\/\/marcali.plebania.hu\/wp-content\/uploads\/2025\/12\/02-405x270.jpg 405w\" sizes=\"auto, (max-width: 1024px) 100vw, 1024px\" \/><\/figure>\n\n\n\n<figure class=\"wp-block-image size-large\"><img loading=\"lazy\" decoding=\"async\" width=\"1024\" height=\"683\" data-id=\"7880\" src=\"https:\/\/marcali.plebania.hu\/wp-content\/uploads\/2025\/12\/07-1024x683.jpg\" alt=\"\" class=\"wp-image-7880\" srcset=\"https:\/\/marcali.plebania.hu\/wp-content\/uploads\/2025\/12\/07-1024x683.jpg 1024w, https:\/\/marcali.plebania.hu\/wp-content\/uploads\/2025\/12\/07-300x200.jpg 300w, https:\/\/marcali.plebania.hu\/wp-content\/uploads\/2025\/12\/07-768x512.jpg 768w, https:\/\/marcali.plebania.hu\/wp-content\/uploads\/2025\/12\/07-1536x1024.jpg 1536w, https:\/\/marcali.plebania.hu\/wp-content\/uploads\/2025\/12\/07-2048x1365.jpg 2048w, https:\/\/marcali.plebania.hu\/wp-content\/uploads\/2025\/12\/07-405x270.jpg 405w\" sizes=\"auto, (max-width: 1024px) 100vw, 1024px\" \/><\/figure>\n\n\n\n<figure class=\"wp-block-image size-large\"><img loading=\"lazy\" decoding=\"async\" width=\"1024\" height=\"683\" data-id=\"7881\" src=\"https:\/\/marcali.plebania.hu\/wp-content\/uploads\/2025\/12\/10-1024x683.jpg\" alt=\"\" class=\"wp-image-7881\" srcset=\"https:\/\/marcali.plebania.hu\/wp-content\/uploads\/2025\/12\/10-1024x683.jpg 1024w, https:\/\/marcali.plebania.hu\/wp-content\/uploads\/2025\/12\/10-300x200.jpg 300w, https:\/\/marcali.plebania.hu\/wp-content\/uploads\/2025\/12\/10-768x512.jpg 768w, https:\/\/marcali.plebania.hu\/wp-content\/uploads\/2025\/12\/10-1536x1024.jpg 1536w, https:\/\/marcali.plebania.hu\/wp-content\/uploads\/2025\/12\/10-2048x1365.jpg 2048w, https:\/\/marcali.plebania.hu\/wp-content\/uploads\/2025\/12\/10-405x270.jpg 405w\" sizes=\"auto, (max-width: 1024px) 100vw, 1024px\" \/><\/figure>\n\n\n\n<figure class=\"wp-block-image size-large\"><img loading=\"lazy\" decoding=\"async\" width=\"1024\" height=\"683\" data-id=\"7882\" src=\"https:\/\/marcali.plebania.hu\/wp-content\/uploads\/2025\/12\/19-1024x683.jpg\" alt=\"\" class=\"wp-image-7882\" srcset=\"https:\/\/marcali.plebania.hu\/wp-content\/uploads\/2025\/12\/19-1024x683.jpg 1024w, https:\/\/marcali.plebania.hu\/wp-content\/uploads\/2025\/12\/19-300x200.jpg 300w, https:\/\/marcali.plebania.hu\/wp-content\/uploads\/2025\/12\/19-768x512.jpg 768w, https:\/\/marcali.plebania.hu\/wp-content\/uploads\/2025\/12\/19-1536x1024.jpg 1536w, https:\/\/marcali.plebania.hu\/wp-content\/uploads\/2025\/12\/19-2048x1365.jpg 2048w, https:\/\/marcali.plebania.hu\/wp-content\/uploads\/2025\/12\/19-405x270.jpg 405w\" sizes=\"auto, (max-width: 1024px) 100vw, 1024px\" \/><\/figure>\n<\/figure>\n\n\n\n<p>Az idei munk\u00e1kat Gelencs\u00e9r R\u00f3bert \u00e9s T\u00f3th P\u00e9ter ir\u00e1ny\u00edtott\u00e1k. A Marcali R\u00f3mai Katolikus Egyh\u00e1zk\u00f6zs\u00e9g 14 f\u0151s csapata rutinos gyorsas\u00e1ggal \u00e1ll\u00edtotta \u00f6ssze a koszor\u00fa f\u00e9m-v\u00e1z keret\u00e9t \u00e9s d\u00edsz\u00edtett\u00e9k fel feny\u0151-\u00e1gakkal a nagym\u00e9ret\u0171 koszor\u00fat.<\/p>\n\n\n\n<figure class=\"wp-block-image size-large\"><img loading=\"lazy\" decoding=\"async\" width=\"1024\" height=\"683\" src=\"https:\/\/marcali.plebania.hu\/wp-content\/uploads\/2025\/12\/18-1024x683.jpg\" alt=\"\" class=\"wp-image-7883\" srcset=\"https:\/\/marcali.plebania.hu\/wp-content\/uploads\/2025\/12\/18-1024x683.jpg 1024w, https:\/\/marcali.plebania.hu\/wp-content\/uploads\/2025\/12\/18-300x200.jpg 300w, https:\/\/marcali.plebania.hu\/wp-content\/uploads\/2025\/12\/18-768x512.jpg 768w, https:\/\/marcali.plebania.hu\/wp-content\/uploads\/2025\/12\/18-1536x1024.jpg 1536w, https:\/\/marcali.plebania.hu\/wp-content\/uploads\/2025\/12\/18-2048x1365.jpg 2048w, https:\/\/marcali.plebania.hu\/wp-content\/uploads\/2025\/12\/18-405x270.jpg 405w\" sizes=\"auto, (max-width: 1024px) 100vw, 1024px\" \/><\/figure>\n\n\n\n<p>Az els\u0151 gyertyagy\u00fajt\u00e1s \u00fcnnepi m\u0171sora az id\u00e9n egy \u00f3r\u00e1val k\u00e9s\u0151bb, az esti szentmise ut\u00e1n, 18.30-kor \u00f3rakor kezd\u0151d\u00f6tt a Mesepark \u00f3voda gyermekeinek k\u00f6zrem\u0171k\u00f6d\u00e9s\u00e9vel. Ebb\u0151l az alkalomb\u00f3l Tomanek Ferenc \u00c1ron marcali pl\u00e9b\u00e1nos atya pedig meg\u00e1ldotta az otthon k\u00e9sz\u00edtett, de erre az alkalomra elhozott \u00e1dventi koszor\u00fakat is. Az els\u0151 lila sz\u00edn\u0171 gyerty\u00e1t Bereczk Bal\u00e1zs, Marcali polg\u00e1rmestere gy\u00fajtotta meg.<\/p>\n\n\n\n<p>Az egyh\u00e1zk\u00f6zs\u00e9g k\u00fcl\u00f6n k\u00f6sz\u00f6net\u00e9t fejezi ki Bartha Tibornak \u00e9s S\u00e1gi Attil\u00e1nak a d\u00edsz\u00edt\u00e9shez felaj\u00e1nlott feny\u0151f\u00e1k\u00e9rt!<\/p>\n\n\n\n<p>\u00cdrta \u00e9s fot\u00f3k: Kiss K\u00e1lm\u00e1n<\/p>\n","protected":false},"excerpt":{"rendered":"<p>2025. november 29-\u00e9n, szombaton, d\u00e9lel\u0151tt 9 \u00f3r\u00e1t\u00f3l kezd\u0151d\u00f6tt a k\u00fclt\u00e9ri \u00e1dventi koszor\u00fa \u00f6ssze\u00e1ll\u00edt\u00e1sa \u00e9s feld\u00edsz\u00edt\u00e9se a Gy\u00fcm\u00f6lcsolt\u00f3 Boldogasszony Pl\u00e9b\u00e1niatemplom el\u0151tti kereszt mellett, a Boldog II. J\u00e1nos P\u00e1l p\u00e1pa t\u00e9ren. Az idei munk\u00e1kat Gelencs\u00e9r R\u00f3bert \u00e9s T\u00f3th P\u00e9ter ir\u00e1ny\u00edtott\u00e1k. A Marcali R\u00f3mai Katolikus Egyh\u00e1zk\u00f6zs\u00e9g 14 f\u0151s csapata rutinos gyorsas\u00e1ggal \u00e1ll\u00edtotta \u00f6ssze a koszor\u00fa f\u00e9m-v\u00e1z keret\u00e9t \u00e9s d\u00edsz\u00edtett\u00e9k fel feny\u0151-\u00e1gakkal a nagym\u00e9ret\u0171 koszor\u00fat. Az els\u0151 gyertyagy\u00fajt\u00e1s \u00fcnnepi m\u0171sora az id\u00e9n egy \u00f3r\u00e1val k\u00e9s\u0151bb, az esti szentmise ut\u00e1n, 18.30-kor \u00f3rakor kezd\u0151d\u00f6tt a Mesepark&#8230;<\/p>\n<p class=\"read-more\"><a class=\"btn btn-default\" href=\"https:\/\/marcali.plebania.hu\/?p=7875\"> Read More<span class=\"screen-reader-text\">  Read More<\/span><\/a><\/p>\n","protected":false},"author":2,"featured_media":0,"comment_status":"closed","ping_status":"open","sticky":false,"template":"","format":"standard","meta":{"footnotes":""},"categories":[1],"tags":[],"class_list":["post-7875","post","type-post","status-publish","format-standard","hentry","category-egyeb"],"_links":{"self":[{"href":"https:\/\/marcali.plebania.hu\/index.php?rest_route=\/wp\/v2\/posts\/7875","targetHints":{"allow":["GET"]}}],"collection":[{"href":"https:\/\/marcali.plebania.hu\/index.php?rest_route=\/wp\/v2\/posts"}],"about":[{"href":"https:\/\/marcali.plebania.hu\/index.php?rest_route=\/wp\/v2\/types\/post"}],"author":[{"embeddable":true,"href":"https:\/\/marcali.plebania.hu\/index.php?rest_route=\/wp\/v2\/users\/2"}],"replies":[{"embeddable":true,"href":"https:\/\/marcali.plebania.hu\/index.php?rest_route=%2Fwp%2Fv2%2Fcomments&post=7875"}],"version-history":[{"count":1,"href":"https:\/\/marcali.plebania.hu\/index.php?rest_route=\/wp\/v2\/posts\/7875\/revisions"}],"predecessor-version":[{"id":7884,"href":"https:\/\/marcali.plebania.hu\/index.php?rest_route=\/wp\/v2\/posts\/7875\/revisions\/7884"}],"wp:attachment":[{"href":"https:\/\/marcali.plebania.hu\/index.php?rest_route=%2Fwp%2Fv2%2Fmedia&parent=7875"}],"wp:term":[{"taxonomy":"category","embeddable":true,"href":"https:\/\/marcali.plebania.hu\/index.php?rest_route=%2Fwp%2Fv2%2Fcategories&post=7875"},{"taxonomy":"post_tag","embeddable":true,"href":"https:\/\/marcali.plebania.hu\/index.php?rest_route=%2Fwp%2Fv2%2Ftags&post=7875"}],"curies":[{"name":"wp","href":"https:\/\/api.w.org\/{rel}","templated":true}]}}