{"id":7886,"date":"2025-12-06T23:49:51","date_gmt":"2025-12-06T23:49:51","guid":{"rendered":"https:\/\/marcali.plebania.hu\/?p=7886"},"modified":"2025-12-07T22:00:15","modified_gmt":"2025-12-07T22:00:15","slug":"hirdetesek-2025-december-7-en","status":"publish","type":"post","link":"https:\/\/marcali.plebania.hu\/?p=7886","title":{"rendered":"Hirdet\u00e9sek 2025. december 7-\u00e9n"},"content":{"rendered":"\n<p>Advent 2. vas\u00e1rnapja<br><strong><a href=\"https:\/\/igenaptar.katolikus.hu\/nap\/index.php?holnap=2025-12-07\" target=\"_blank\" rel=\"noreferrer noopener\">A szentmise olvasm\u00e1nyai<\/a><\/strong><\/p>\n\n\n\n<ol start=\"1\" class=\"wp-block-list\">\n<li><a href=\"https:\/\/marcali.plebania.hu\/index.php\/2024\/11\/30\/advent\/\" target=\"_blank\" rel=\"noreferrer noopener\"><u>Adventben<\/u><\/a> a szombati mis\u00e9k ut\u00e1n, 18:30-kor kezd\u0151dik a <strong>v\u00e1rosi gyertyagy\u00fajt\u00e1s<\/strong> a k\u00fclt\u00e9ri adventi koszor\u00fan\u00e1l.<\/li>\n\n\n\n<li>K\u00e9rj\u00fck a m\u00falt heti <strong>\u201eTaKi\u201d-feladatlapok<\/strong>at a templom bej\u00e1rat\u00e1n\u00e1l a Karit\u00e1sz-tagoknak adni. T\u0151l\u00fck lehet k\u00e9rni az e heti feladatlapot (\u00e9s a gyerekeknek j\u00e1r mell\u00e9 egy aj\u00e1nd\u00e9k is, ami a m\u00falt heti folytat\u00e1sa).<\/li>\n\n\n\n<li>Id\u00e9n is megrendezz\u00fck a <strong>kar\u00e1csonyi tart\u00f3s\u00e9lelmiszer-gy\u0171jt\u00e9s<\/strong>\u00fcnket (dec. 21-ig). K\u00e9rj\u00fck a kedves h\u00edveket, hogy akinek m\u00f3dj\u00e1ban \u00e1ll, t\u00e1mogassa hagyom\u00e1nyos kezdem\u00e9nyez\u00e9s\u00fcnket, hogy min\u00e9l t\u00f6bb csal\u00e1d kar\u00e1csony\u00e1t tehess\u00fck szebb\u00e9. B\u00e1rmilyen tart\u00f3s \u00e9lelmiszert k\u00f6sz\u00f6nettel fogadunk: lisztet, cukrot, sz\u00e1razt\u00e9szt\u00e1t, \u00e9tolajat, tart\u00f3s tejet, konzervet, \u00e9dess\u00e9get. K\u00e9rj\u00fck, legyenek figyelemmel az \u00e9lelmiszerek lej\u00e1rati hat\u00e1ridej\u00e9re. Aki pedig p\u00e9nzadom\u00e1nnyal j\u00e1rulna hozz\u00e1 ehhez a c\u00e9lhoz:<\/li>\n\n\n\n<li>A Karit\u00e1sz-tagokn\u00e1l min. 1000 forint adom\u00e1ny fej\u00e9ben v\u00e1s\u00e1rolhat &#8222;<strong>T\u00e1rj\u00e1tok ki a sz\u00edveteket<\/strong>&#8221; felirat\u00fa gyerty\u00e1t. Az <strong>adom\u00e1ny <\/strong>kar\u00e1csonyi \u00e9lelmiszercsomagok form\u00e1j\u00e1ban fog eljutni a r\u00e1szorul\u00f3 csal\u00e1dok asztal\u00e1ra. A Karit\u00e1sz \u00f6nk\u00e9ntesek dec. 21-ig minden szombati \u00e9s vas\u00e1rnapi szentmise el\u0151tt \u00e9s ut\u00e1n v\u00e1rj\u00e1k a kedves h\u00edveket a templom bej\u00e1rat\u00e1n\u00e1l.<\/li>\n\n\n\n<li><span style=\"text-decoration: underline;\">H\u00e9tf\u0151n<\/span> lesz Sz\u0171z M\u00e1ria Szepl\u0151telen Fogantat\u00e1s\u00e1nak f\u0151\u00fcnnepe, ami egyben templomunk szents\u00e9gim\u00e1d\u00e1si napja. 12:00-kor <strong>szents\u00e9gim\u00e1d\u00e1s<\/strong> kezd\u0151dik a szokott rend szerint, 17:30-kor szents\u00e9gelt\u00e9tel, majd a <strong>szentmise<\/strong> kezd\u0151dik.<\/li>\n\n\n\n<li>Adventben <span style=\"text-decoration: underline;\">cs\u00fct\u00f6rt\u00f6k\u00f6nk\u00e9nt<\/span> az esti id\u0151pont helyett 6:30-kor kezdj\u00fck a <strong>rorate <\/strong>szentmis\u00e9t a pl\u00e9b\u00e1niatemplomban. A mise ut\u00e1n a sekresty\u00e9ben forr\u00f3 te\u00e1val v\u00e1rjuk a mis\u00e9n r\u00e9sztvev\u0151ket.<\/li>\n\n\n\n<li><span style=\"text-decoration: underline;\">P\u00e9nteken<\/span> 17:00-kor kezd\u0151dik a <strong>fatimai ima\u00f3ra<\/strong>.<\/li>\n\n\n\n<li>J\u00f6v\u0151 <span style=\"text-decoration: underline;\">vas\u00e1rnap<\/span> nem lesz szentmise Gomb\u00e1n. (A t\u00f6bbi marcali mise mellett szeretettel aj\u00e1nljuk lehet\u0151s\u00e9gk\u00e9nt <strong>V\u00f6rs<\/strong>\u00f6t is, ahol a 14:00-kor kezd\u0151dik a szentmis\u00e9n pl\u00e9b\u00e1ni\u00e1nk zenekara szolg\u00e1l.) <\/li>\n\n\n\n<li>A szentmis\u00e9be a t\u00e9v\u00e9n kereszt\u00fcl bekapcsol\u00f3d\u00f3knak hirdetj\u00fck, hogy k\u00e9rt\u00fcnk \u00e1raj\u00e1nlatot a kamerarendszer fejleszt\u00e9s\u00e9re, ami jobb hang\u00e1tvitelt, k\u00e9t kamera m\u0171k\u00f6d\u00e9s\u00e9t \u00e9s az <strong>\u00e9l\u0151 k\u00f6zvet\u00edt\u00e9s<\/strong>t is lehet\u0151v\u00e9 teszi. Eszk\u00f6z\u00f6kkel, munkad\u00edjjal \u00e9s m\u0171sorbaker\u00fcl\u00e9si d\u00edjjal ez \u00f6sszesen 1.100.000 forint k\u00f6r\u00fcli egyszeri kiad\u00e1st jelent. K\u00e9rj\u00fck, aki fontosnak tartja a k\u00f6zvet\u00edt\u00e9st, \u00f6nmaga vagy m\u00e1sok sz\u00e1m\u00e1ra, \u00e9s sz\u00edvesen adakozik erre a c\u00e9lra, juttassa el az irod\u00e1ba vagy a pl\u00e9b\u00e1nia banksz\u00e1ml\u00e1j\u00e1ra utalja \u00e1t adom\u00e1ny\u00e1t. A k\u00f6zlem\u00e9nyben k\u00e9rj\u00fck megadni az adom\u00e1ny c\u00e9lj\u00e1t, pl. \u201eadom\u00e1ny k\u00f6zvet\u00edt\u00e9sre\u201d. A be\u00e9rkezett \u00f6sszegnek megfelel\u0151en vesz\u00fcnk \u00faj eszk\u00f6z\u00f6ket \u00e9s \u00e9p\u00edttetj\u00fck ki az \u00faj rendszert. K\u00f6sz\u00f6nj\u00fck az eddig be\u00e9rkezett adom\u00e1nyt.<\/li>\n<\/ol>\n\n\n\n<hr class=\"wp-block-separator has-alpha-channel-opacity\"\/>\n\n\n\n<figure class=\"wp-block-image size-large\"><img loading=\"lazy\" decoding=\"async\" width=\"1024\" height=\"716\" src=\"https:\/\/marcali.plebania.hu\/wp-content\/uploads\/2025\/12\/251207-1-1024x716.png\" alt=\"\" class=\"wp-image-7889\" srcset=\"https:\/\/marcali.plebania.hu\/wp-content\/uploads\/2025\/12\/251207-1-1024x716.png 1024w, https:\/\/marcali.plebania.hu\/wp-content\/uploads\/2025\/12\/251207-1-300x210.png 300w, https:\/\/marcali.plebania.hu\/wp-content\/uploads\/2025\/12\/251207-1-768x537.png 768w, https:\/\/marcali.plebania.hu\/wp-content\/uploads\/2025\/12\/251207-1-1536x1074.png 1536w, https:\/\/marcali.plebania.hu\/wp-content\/uploads\/2025\/12\/251207-1-386x270.png 386w, https:\/\/marcali.plebania.hu\/wp-content\/uploads\/2025\/12\/251207-1.png 1668w\" sizes=\"auto, (max-width: 1024px) 100vw, 1024px\" \/><\/figure>\n\n\n\n<p><\/p>\n","protected":false},"excerpt":{"rendered":"<p>Advent 2. vas\u00e1rnapjaA szentmise olvasm\u00e1nyai<\/p>\n","protected":false},"author":1,"featured_media":0,"comment_status":"closed","ping_status":"open","sticky":false,"template":"","format":"standard","meta":{"footnotes":""},"categories":[3],"tags":[],"class_list":["post-7886","post","type-post","status-publish","format-standard","hentry","category-hirdetesek"],"_links":{"self":[{"href":"https:\/\/marcali.plebania.hu\/index.php?rest_route=\/wp\/v2\/posts\/7886","targetHints":{"allow":["GET"]}}],"collection":[{"href":"https:\/\/marcali.plebania.hu\/index.php?rest_route=\/wp\/v2\/posts"}],"about":[{"href":"https:\/\/marcali.plebania.hu\/index.php?rest_route=\/wp\/v2\/types\/post"}],"author":[{"embeddable":true,"href":"https:\/\/marcali.plebania.hu\/index.php?rest_route=\/wp\/v2\/users\/1"}],"replies":[{"embeddable":true,"href":"https:\/\/marcali.plebania.hu\/index.php?rest_route=%2Fwp%2Fv2%2Fcomments&post=7886"}],"version-history":[{"count":2,"href":"https:\/\/marcali.plebania.hu\/index.php?rest_route=\/wp\/v2\/posts\/7886\/revisions"}],"predecessor-version":[{"id":7891,"href":"https:\/\/marcali.plebania.hu\/index.php?rest_route=\/wp\/v2\/posts\/7886\/revisions\/7891"}],"wp:attachment":[{"href":"https:\/\/marcali.plebania.hu\/index.php?rest_route=%2Fwp%2Fv2%2Fmedia&parent=7886"}],"wp:term":[{"taxonomy":"category","embeddable":true,"href":"https:\/\/marcali.plebania.hu\/index.php?rest_route=%2Fwp%2Fv2%2Fcategories&post=7886"},{"taxonomy":"post_tag","embeddable":true,"href":"https:\/\/marcali.plebania.hu\/index.php?rest_route=%2Fwp%2Fv2%2Ftags&post=7886"}],"curies":[{"name":"wp","href":"https:\/\/api.w.org\/{rel}","templated":true}]}}