{"id":7892,"date":"2025-12-13T23:46:42","date_gmt":"2025-12-13T23:46:42","guid":{"rendered":"https:\/\/marcali.plebania.hu\/?p=7892"},"modified":"2025-12-13T23:46:42","modified_gmt":"2025-12-13T23:46:42","slug":"hirdetesek-2025-december-14-en","status":"publish","type":"post","link":"https:\/\/marcali.plebania.hu\/?p=7892","title":{"rendered":"Hirdet\u00e9sek 2025. december 14-\u00e9n"},"content":{"rendered":"\n<p>Advent 3. vas\u00e1rnapja<br><strong><a href=\"https:\/\/igenaptar.katolikus.hu\/nap\/index.php?holnap=2025-12-14\" target=\"_blank\" rel=\"noreferrer noopener\">A szentmise olvasm\u00e1nyai<\/a><\/strong><\/p>\n\n\n\n<ol class=\"wp-block-list\">\n<li><a href=\"https:\/\/marcali.plebania.hu\/index.php\/2024\/11\/30\/advent\/\" target=\"_blank\" rel=\"noreferrer noopener\"><u>Adventben<\/u><\/a> a szombati mis\u00e9k ut\u00e1n, 18:30-kor kezd\u0151dik a <strong>v\u00e1rosi gyertyagy\u00fajt\u00e1s<\/strong> a k\u00fclt\u00e9ri adventi koszor\u00fan\u00e1l.<\/li>\n\n\n\n<li>K\u00e9rj\u00fck a m\u00falt heti <strong>\u201eTaKi\u201d-feladatlapok<\/strong>at a templom bej\u00e1rat\u00e1n\u00e1l a Karit\u00e1sz-tagoknak adni. T\u0151l\u00fck lehet k\u00e9rni az e heti feladatlapot (\u00e9s a gyerekeknek j\u00e1r mell\u00e9 egy aj\u00e1nd\u00e9k is, ami a m\u00falt heti folytat\u00e1sa).<\/li>\n\n\n\n<li><strong>Kar\u00e1csonyi tart\u00f3s\u00e9lelmiszer-gy\u0171jt\u00e9s<\/strong>\u00fcnk j\u00f6v\u0151 <span style=\"text-decoration: underline;\">vas\u00e1rnapig<\/span> tart (dec. 21-ig). K\u00e9rj\u00fck akinek m\u00f3dj\u00e1ban \u00e1ll, t\u00e1mogassa kezdem\u00e9nyez\u00e9s\u00fcnket, hogy min\u00e9l t\u00f6bb csal\u00e1d kar\u00e1csony\u00e1t tehess\u00fck szebb\u00e9. B\u00e1rmilyen tart\u00f3s \u00e9lelmiszert k\u00f6sz\u00f6nettel fogadunk: lisztet, cukrot, sz\u00e1razt\u00e9szt\u00e1t, \u00e9tolajat, tart\u00f3s tejet, konzervet, \u00e9dess\u00e9get. K\u00e9rj\u00fck, legyenek figyelemmel az \u00e9lelmiszerek lej\u00e1rati hat\u00e1ridej\u00e9re. Aki pedig p\u00e9nzadom\u00e1nnyal j\u00e1rulna hozz\u00e1 ehhez a c\u00e9lhoz:<\/li>\n\n\n\n<li>A Karit\u00e1sz-tagokn\u00e1l min. 1000 forint adom\u00e1ny fej\u00e9ben v\u00e1s\u00e1rolhat (dec. 21-ig) &#8222;<strong>T\u00e1rj\u00e1tok ki a sz\u00edveteket<\/strong>&#8221; felirat\u00fa gyerty\u00e1t. Az <strong>adom\u00e1ny <\/strong>kar\u00e1csonyi \u00e9lelmiszercsomagok form\u00e1j\u00e1ban fog eljutni a r\u00e1szorul\u00f3 csal\u00e1dokhoz.<\/li>\n\n\n\n<li>A <strong>F\u00e9rfi-k\u00f6r<\/strong> <span style=\"text-decoration: underline;\">szerd\u00e1n<\/span> 18:00-kor kezd\u0151dik a pl\u00e9b\u00e1ni\u00e1n.<\/li>\n\n\n\n<li><span style=\"text-decoration: underline;\">Cs\u00fct\u00f6rt\u00f6k\u00f6n<\/span> 6:30-kor kezdj\u00fck az idei utols\u00f3 <strong>rorate <\/strong>szentmis\u00e9t a pl\u00e9b\u00e1niatemplomban. A mise ut\u00e1n a sekresty\u00e9ben forr\u00f3 te\u00e1val v\u00e1rjuk a mis\u00e9n r\u00e9sztvev\u0151ket.<\/li>\n\n\n\n<li><span style=\"text-decoration: underline;\">Szombaton<\/span> 9:00-kor kezd\u0151dik a k\u00fclt\u00e9ri <strong>betlehem \u00e9p\u00edt\u00e9se<\/strong> \u00e9s a <strong>pl\u00e9b\u00e1niatemplom d\u00edsz\u00edt\u00e9se<\/strong>, melyhez k\u00e9rj\u00fck a h\u00edvek seg\u00edts\u00e9g\u00e9t. K\u00f6sz\u00f6nj\u00fck Bartha Tibornak \u00e9s S\u00e1gi Attil\u00e1nak a feny\u0151f\u00e1k felaj\u00e1nl\u00e1s\u00e1t az adventi koszor\u00fa, a betlehem \u00e9s a templom d\u00edsz\u00edt\u00e9s\u00e9hez.<\/li>\n\n\n\n<li>A Calypso K\u00f3rus koncertje <span style=\"text-decoration: underline;\">szombaton<\/span> 16:00-kor kezd\u0151dik a pl\u00e9b\u00e1niatemplomban.<\/li>\n\n\n\n<li>A szombat esti szentmis\u00e9t <strong>Brunczvik M\u00e1ty\u00e1s \u00fajmis\u00e9s atya<\/strong> celebr\u00e1lja, aki a mise v\u00e9g\u00e9n \u00fajmis\u00e9s \u00e1ld\u00e1st ad. A szentmise alatt gy\u00f3n\u00e1si lehet\u0151s\u00e9g lesz.<\/li>\n\n\n\n<li>K\u00f6sz\u00f6nj\u00fck az eddigi 27.000 forintnyi adom\u00e1nyt a felaj\u00e1nl\u00f3knak a t\u00e9v\u00e9k\u00f6zvet\u00edt\u00e9s fejleszt\u00e9s\u00e9re. K\u00e9rj\u00fck, aki fontosnak tartja a k\u00f6zvet\u00edt\u00e9st, \u00f6nmaga vagy m\u00e1sok sz\u00e1m\u00e1ra, \u00e9s sz\u00edvesen adakozik erre a c\u00e9lra, juttassa el az irod\u00e1ba vagy a pl\u00e9b\u00e1nia banksz\u00e1ml\u00e1j\u00e1ra utalja \u00e1t adom\u00e1ny\u00e1t. K\u00f6sz\u00f6n\u00fcnk minden adom\u00e1nyt.<\/li>\n<\/ol>\n\n\n\n<hr class=\"wp-block-separator has-alpha-channel-opacity\"\/>\n\n\n\n<figure class=\"wp-block-image size-large\"><img loading=\"lazy\" decoding=\"async\" width=\"1024\" height=\"720\" src=\"https:\/\/marcali.plebania.hu\/wp-content\/uploads\/2025\/12\/251214-1024x720.png\" alt=\"\" class=\"wp-image-7893\" srcset=\"https:\/\/marcali.plebania.hu\/wp-content\/uploads\/2025\/12\/251214-1024x720.png 1024w, https:\/\/marcali.plebania.hu\/wp-content\/uploads\/2025\/12\/251214-300x211.png 300w, https:\/\/marcali.plebania.hu\/wp-content\/uploads\/2025\/12\/251214-768x540.png 768w, https:\/\/marcali.plebania.hu\/wp-content\/uploads\/2025\/12\/251214-1536x1080.png 1536w, https:\/\/marcali.plebania.hu\/wp-content\/uploads\/2025\/12\/251214-384x270.png 384w, https:\/\/marcali.plebania.hu\/wp-content\/uploads\/2025\/12\/251214.png 1661w\" sizes=\"auto, (max-width: 1024px) 100vw, 1024px\" \/><\/figure>\n","protected":false},"excerpt":{"rendered":"<p>Advent 3. vas\u00e1rnapjaA szentmise olvasm\u00e1nyai<\/p>\n","protected":false},"author":1,"featured_media":0,"comment_status":"closed","ping_status":"open","sticky":false,"template":"","format":"standard","meta":{"footnotes":""},"categories":[3],"tags":[],"class_list":["post-7892","post","type-post","status-publish","format-standard","hentry","category-hirdetesek"],"_links":{"self":[{"href":"https:\/\/marcali.plebania.hu\/index.php?rest_route=\/wp\/v2\/posts\/7892","targetHints":{"allow":["GET"]}}],"collection":[{"href":"https:\/\/marcali.plebania.hu\/index.php?rest_route=\/wp\/v2\/posts"}],"about":[{"href":"https:\/\/marcali.plebania.hu\/index.php?rest_route=\/wp\/v2\/types\/post"}],"author":[{"embeddable":true,"href":"https:\/\/marcali.plebania.hu\/index.php?rest_route=\/wp\/v2\/users\/1"}],"replies":[{"embeddable":true,"href":"https:\/\/marcali.plebania.hu\/index.php?rest_route=%2Fwp%2Fv2%2Fcomments&post=7892"}],"version-history":[{"count":1,"href":"https:\/\/marcali.plebania.hu\/index.php?rest_route=\/wp\/v2\/posts\/7892\/revisions"}],"predecessor-version":[{"id":7894,"href":"https:\/\/marcali.plebania.hu\/index.php?rest_route=\/wp\/v2\/posts\/7892\/revisions\/7894"}],"wp:attachment":[{"href":"https:\/\/marcali.plebania.hu\/index.php?rest_route=%2Fwp%2Fv2%2Fmedia&parent=7892"}],"wp:term":[{"taxonomy":"category","embeddable":true,"href":"https:\/\/marcali.plebania.hu\/index.php?rest_route=%2Fwp%2Fv2%2Fcategories&post=7892"},{"taxonomy":"post_tag","embeddable":true,"href":"https:\/\/marcali.plebania.hu\/index.php?rest_route=%2Fwp%2Fv2%2Ftags&post=7892"}],"curies":[{"name":"wp","href":"https:\/\/api.w.org\/{rel}","templated":true}]}}