{"id":7897,"date":"2025-12-20T13:27:47","date_gmt":"2025-12-20T13:27:47","guid":{"rendered":"https:\/\/marcali.plebania.hu\/?p=7897"},"modified":"2025-12-20T13:27:47","modified_gmt":"2025-12-20T13:27:47","slug":"hirdetesek-2025-december-21-en","status":"publish","type":"post","link":"https:\/\/marcali.plebania.hu\/?p=7897","title":{"rendered":"Hirdet\u00e9sek 2025. december 21-\u00e9n"},"content":{"rendered":"\n<p>Advent 4. vas\u00e1rnapja<br><strong><a href=\"https:\/\/igenaptar.katolikus.hu\/nap\/index.php?holnap=2025-12-21\" target=\"_blank\" rel=\"noreferrer noopener\">A szentmise olvasm\u00e1nyai<\/a><\/strong><\/p>\n\n\n\n<ol start=\"1\" class=\"wp-block-list\">\n<li>K\u00e9rj\u00fck a m\u00falt heti <strong>\u201eTaKi\u201d-feladatlapok<\/strong>at a templom bej\u00e1rat\u00e1n\u00e1l a kos\u00e1rba dobni. A Karit\u00e1sz-tagokt\u00f3l lehet k\u00e9rni az e heti feladatlapot (\u00e9s a gyerekek most is kaphatnak aj\u00e1nd\u00e9kot, a m\u00falt heti folytat\u00e1sak\u00e9nt).<\/li>\n\n\n\n<li>K\u00f6sz\u00f6n\u00fcnk minden adom\u00e1nyt, amit a <strong>kar\u00e1csonyi tart\u00f3s\u00e9lelmiszer-gy\u0171jt\u00e9s <\/strong>vagy a &#8222;<strong>T\u00e1rj\u00e1tok ki a sz\u00edveteket<\/strong>&#8221; program keret\u00e9ben adtak. Az <strong>adom\u00e1ny <\/strong>kar\u00e1csonyi \u00e9lelmiszercsomagok form\u00e1j\u00e1ban jut el a neh\u00e9z sors\u00fa csal\u00e1dokhoz. Ma estig m\u00e9g k\u00f6sz\u00f6nettel fogadjuk az erre a c\u00e9lra adott adom\u00e1nyokat.<\/li>\n\n\n\n<li>K\u00f6sz\u00f6nj\u00fck az <strong>otthonok l\u00e1togat\u00e1s\u00e1<\/strong>ban r\u00e9szt vev\u0151k szolg\u00e1lat\u00e1t.<\/li>\n\n\n\n<li>K\u00f6sz\u00f6nj\u00fck a k\u00fclt\u00e9ri <strong>betlehem \u00e9p\u00edt\u00e9s\u00e9hez<\/strong> \u00e9s a <strong>pl\u00e9b\u00e1niatemplom d\u00edsz\u00edt\u00e9s\u00e9hez<\/strong> ny\u00fajtott seg\u00edts\u00e9get, S\u00e1gv\u00e1ri R\u00f3bertnek \u00e9s csapat\u00e1nak az \u00e1csmunk\u00e1kat, valamint Bartha Tibornak \u00e9s S\u00e1gi Attil\u00e1nak a feny\u0151f\u00e1k felaj\u00e1nl\u00e1s\u00e1t.<\/li>\n\n\n\n<li>K\u00f6sz\u00f6nj\u00fck az eddigi 42 ezer forintnyi adom\u00e1nyt a <strong>t\u00e9v\u00e9k\u00f6zvet\u00edt\u00e9s fejleszt\u00e9s<\/strong>\u00e9re. K\u00e9rj\u00fck, aki fontosnak tartja az \u00e9l\u0151 ad\u00e1st is lehet\u0151v\u00e9 t\u00e9v\u0151 fejleszt\u00e9st, juttassa el adom\u00e1ny\u00e1t az irod\u00e1ba vagy utalja \u00e1t a pl\u00e9b\u00e1nia banksz\u00e1ml\u00e1j\u00e1ra.<\/li>\n\n\n\n<li>Az <strong>\u00daj Ember \u00fajs\u00e1g<\/strong> dupla, \u00fcnnepi sz\u00e1mmal jelent meg, 890 Ft-os \u00e1ron. Janu\u00e1rt\u00f3l egy p\u00e9ld\u00e1ny 475 forintba ker\u00fcl, 10 megrendelt p\u00e9ld\u00e1nyt\u00f3l pedig 430 forintba. K\u00e9rj\u00fck, ha valaki szeretn\u00e9 lemondani eddigi el\u0151fizet\u00e9s\u00e9t, vagy \u00fajonnan el\u0151fizetni, jelezze sz\u00e1nd\u00e9k\u00e1t a sekresty\u00e9ben vagy az irod\u00e1ban.<\/li>\n\n\n\n<li>A <strong>kar\u00e1csonyi miserend<\/strong>: 24-\u00e9n 21:30-kor zen\u00e9s \u00e1h\u00edtat, majd esti szentmise a Boldog Gizella-templomban, p\u00e1sztorj\u00e1t\u00e9k 23:15-t\u0151l a pl\u00e9b\u00e1niatemplomban, ut\u00e1na az \u00e9jf\u00e9li szentmise. Kar\u00e1csony napj\u00e1n 9:00-kor a pl\u00e9b\u00e1niatemplomban, 11:00-kor Gomb\u00e1n lesz \u00fcnnepi szentmise. Kar\u00e1csony m\u00e1snapj\u00e1n a 9 \u00f3rai szentmise ut\u00e1n bormeg\u00e1ld\u00e1sra h\u00edvjuk az \u00e9rdekl\u0151d\u0151ket a templom el\u0151tti t\u00e9rre.<\/li>\n\n\n\n<li>Biz\u00e9n j\u00f6v\u0151 vas\u00e1rnap 11:00-kor kezd\u0151dik a szentmise.<\/li>\n\n\n\n<li>J\u00f6v\u0151 vas\u00e1rnap, Szent Csal\u00e1d vas\u00e1rnapj\u00e1n a h\u00e1zasp\u00e1rok \u00e9s az esk\u00fcv\u0151j\u00fckre k\u00e9sz\u00fcl\u0151 jegyesp\u00e1rok k\u00fcl\u00f6n \u00e1ld\u00e1sban r\u00e9szes\u00fclhetnek.<br><br><em>\u00c1ldott kar\u00e1csonyi \u00fcnnepeket k\u00edv\u00e1nunk mindenkinek!<\/em><\/li>\n<\/ol>\n\n\n\n<hr class=\"wp-block-separator has-alpha-channel-opacity\"\/>\n\n\n\n<figure class=\"wp-block-image size-large\"><img loading=\"lazy\" decoding=\"async\" width=\"1024\" height=\"690\" src=\"https:\/\/marcali.plebania.hu\/wp-content\/uploads\/2025\/12\/251221-1024x690.png\" alt=\"\" class=\"wp-image-7898\" srcset=\"https:\/\/marcali.plebania.hu\/wp-content\/uploads\/2025\/12\/251221-1024x690.png 1024w, https:\/\/marcali.plebania.hu\/wp-content\/uploads\/2025\/12\/251221-300x202.png 300w, https:\/\/marcali.plebania.hu\/wp-content\/uploads\/2025\/12\/251221-768x517.png 768w, https:\/\/marcali.plebania.hu\/wp-content\/uploads\/2025\/12\/251221-1536x1035.png 1536w, https:\/\/marcali.plebania.hu\/wp-content\/uploads\/2025\/12\/251221-401x270.png 401w, https:\/\/marcali.plebania.hu\/wp-content\/uploads\/2025\/12\/251221.png 1655w\" sizes=\"auto, (max-width: 1024px) 100vw, 1024px\" \/><\/figure>\n\n\n\n<p><\/p>\n","protected":false},"excerpt":{"rendered":"<p>Advent 4. vas\u00e1rnapjaA szentmise olvasm\u00e1nyai<\/p>\n","protected":false},"author":1,"featured_media":0,"comment_status":"closed","ping_status":"open","sticky":false,"template":"","format":"standard","meta":{"footnotes":""},"categories":[3],"tags":[],"class_list":["post-7897","post","type-post","status-publish","format-standard","hentry","category-hirdetesek"],"_links":{"self":[{"href":"https:\/\/marcali.plebania.hu\/index.php?rest_route=\/wp\/v2\/posts\/7897","targetHints":{"allow":["GET"]}}],"collection":[{"href":"https:\/\/marcali.plebania.hu\/index.php?rest_route=\/wp\/v2\/posts"}],"about":[{"href":"https:\/\/marcali.plebania.hu\/index.php?rest_route=\/wp\/v2\/types\/post"}],"author":[{"embeddable":true,"href":"https:\/\/marcali.plebania.hu\/index.php?rest_route=\/wp\/v2\/users\/1"}],"replies":[{"embeddable":true,"href":"https:\/\/marcali.plebania.hu\/index.php?rest_route=%2Fwp%2Fv2%2Fcomments&post=7897"}],"version-history":[{"count":3,"href":"https:\/\/marcali.plebania.hu\/index.php?rest_route=\/wp\/v2\/posts\/7897\/revisions"}],"predecessor-version":[{"id":7901,"href":"https:\/\/marcali.plebania.hu\/index.php?rest_route=\/wp\/v2\/posts\/7897\/revisions\/7901"}],"wp:attachment":[{"href":"https:\/\/marcali.plebania.hu\/index.php?rest_route=%2Fwp%2Fv2%2Fmedia&parent=7897"}],"wp:term":[{"taxonomy":"category","embeddable":true,"href":"https:\/\/marcali.plebania.hu\/index.php?rest_route=%2Fwp%2Fv2%2Fcategories&post=7897"},{"taxonomy":"post_tag","embeddable":true,"href":"https:\/\/marcali.plebania.hu\/index.php?rest_route=%2Fwp%2Fv2%2Ftags&post=7897"}],"curies":[{"name":"wp","href":"https:\/\/api.w.org\/{rel}","templated":true}]}}