{"id":7903,"date":"2025-12-28T00:02:08","date_gmt":"2025-12-28T00:02:08","guid":{"rendered":"https:\/\/marcali.plebania.hu\/?p=7903"},"modified":"2025-12-28T00:04:17","modified_gmt":"2025-12-28T00:04:17","slug":"hirdetesek-2025-december-28-an","status":"publish","type":"post","link":"https:\/\/marcali.plebania.hu\/?p=7903","title":{"rendered":"Hirdet\u00e9sek 2025. december 28-\u00e1n"},"content":{"rendered":"\n<p>Szent Csal\u00e1d vas\u00e1rnapja<br><strong><a href=\"https:\/\/igenaptar.katolikus.hu\/nap\/index.php?holnap=2025-12-28\" target=\"_blank\" rel=\"noreferrer noopener\">A szentmise olvasm\u00e1nyai<\/a><\/strong><\/p>\n\n\n\n<ol start=\"1\" class=\"wp-block-list\">\n<li>K\u00f6sz\u00f6nj\u00fck a bekapcsol\u00f3d\u00e1st a <strong>\u201eTaKi\u201d<\/strong>-j\u00e1t\u00e9kba.<strong> <\/strong>A feladatlapot kit\u00f6lt\u0151 gyerekek a kar\u00e1csonyi id\u0151szak v\u00e9g\u00e9ig a vas\u00e1rnapi mis\u00e9k ut\u00e1n a sekresty\u00e9ben kaphatnak egy-egy matric\u00e1t, amivel teljess\u00e9 tehetik betlehem\u00fcket, amit h\u00e9tr\u0151l h\u00e9tre \u00f6sszegy\u0171jthettek. Az eredm\u00e9nyhirdet\u00e9s a kar\u00e1csonyi id\u0151 ut\u00e1n v\u00e1rhat\u00f3.<\/li>\n\n\n\n<li>K\u00f6sz\u00f6nj\u00fck a templomok kar\u00e1csonyi d\u00edsz\u00edt\u00e9s\u00e9ben \u00e9s a kar\u00e1csonyi m\u0171sorokban \u00e9s liturgi\u00e1ban r\u00e9sztvev\u0151k munk\u00e1j\u00e1t.<\/li>\n\n\n\n<li>A DDRF Symphonic Band <span style=\"text-decoration: underline;\">kedden<\/span> dupla koncertet ad templomunkban: 17:00-kor \u00e9s 19:00-kor. Aznap nem lesz szentmise a templomban.<\/li>\n\n\n\n<li>K\u00f6z\u00f6s <strong>\u00e9v v\u00e9gi h\u00e1laad\u00f3 szents\u00e9gim\u00e1d\u00e1s<\/strong>ra h\u00edvunk mindenkit <span style=\"text-decoration: underline;\">szerd\u00e1n<\/span> (dec. 31.) 16:30-t\u00f3l a pl\u00e9b\u00e1niatemplomba, a polg\u00e1ri \u00e9v utols\u00f3 szentmis\u00e9je el\u0151tt. K\u00e9rj\u00fck az imacsoportok, k\u00f6z\u00f6ss\u00e9gek, szolg\u00e1latok vezet\u0151it, iratkozzanak fel a sekresty\u00e9ben, amennyiben a szents\u00e9gim\u00e1d\u00e1s alatt hangosan is szeretn\u00e9nek im\u00e1dkozni k\u00f6z\u00f6ss\u00e9g\u00fck nev\u00e9ben ebben az \u00f3r\u00e1ban.<\/li>\n\n\n\n<li><span style=\"text-decoration: underline;\">Janu\u00e1r 1-je<\/span> <strong>Sz\u0171z M\u00e1ria istenanyas\u00e1g\u00e1<\/strong>nak f\u0151\u00fcnnepe, mely a vas\u00e1rnappal egyenrang\u00fa, parancsolt \u00fcnnep\u00fcnk. Ezen a napon 10 \u00f3rakor lesz szentmise a pl\u00e9b\u00e1niatemplomban \u00e9s 17:30-kor a Boldog Gizella-templomban. A szerda esti mise m\u00e1r ehhez az \u00fcnnephez tartozik. Ez ut\u00e1n a mise ut\u00e1n szeretettel h\u00edvunk mindenkit egy \u00e9v v\u00e9gi k\u00f6z\u00f6s koccint\u00e1sra a sekresty\u00e9ben.<\/li>\n\n\n\n<li>Az <strong>\u00daj Ember <\/strong>(\u00fajs\u00e1g) janu\u00e1rt\u00f3l 475 forintba ker\u00fcl, legal\u00e1bb 10 megrendelt p\u00e9ld\u00e1ny eset\u00e9n pedig 430 forintba. Ha valaki szeretn\u00e9 lemondani eddigi el\u0151fizet\u00e9s\u00e9t, vagy \u00fajonnan el\u0151fizetni, k\u00e9rj\u00fck, a rendel\u00e9s m\u00f3dos\u00edt\u00e1sa v\u00e9gett jelezze sz\u00e1nd\u00e9k\u00e1t a sekresty\u00e9ben vagy az irod\u00e1ban.<\/li>\n\n\n\n<li>K\u00f6sz\u00f6nj\u00fck a pl\u00e9b\u00e1nia \u00e9let\u00e9ben val\u00f3 r\u00e9szv\u00e9telt az elm\u00falt \u00e9vben: jelenl\u00e9tet, im\u00e1ds\u00e1got, szolg\u00e1latot, k\u00f6z\u00f6ss\u00e9g\u00e9rt v\u00e9gzett b\u00e1rmilyen munk\u00e1t \u00e9s anyagi hozz\u00e1j\u00e1rul\u00e1st (egyh\u00e1zi hozz\u00e1j\u00e1rul\u00e1st, persely- \u00e9s egy\u00e9b adom\u00e1nyt), melyek lehet\u0151v\u00e9 teszik a pl\u00e9b\u00e1nia m\u0171k\u00f6d\u00e9s\u00e9t \u00e9s karitat\u00edv tev\u00e9kenys\u00e9g\u00e9t, programok megszervez\u00e9s\u00e9t, az istentiszteleti \u00e9s k\u00f6z\u00f6ss\u00e9gi terek fenntart\u00e1s\u00e1t \u00e9s fejleszt\u00e9s\u00e9t.<\/li>\n\n\n\n<li>Az \u00faj \u00e9vre szeretettel aj\u00e1nljuk a \u201e<strong>Biblia egy \u00e9v alatt<\/strong>\u201d kih\u00edv\u00e1st, amelyr\u0151l r\u00e9szleteket a <em><a href=\"http:\/\/zarandok.ma\/biblia-egy-ev-alatt\/\" target=\"_blank\" rel=\"noreferrer noopener\">zarandok.ma\/biblia-egy-ev-alatt\/<\/a> <\/em>internetes oldalon lehet tal\u00e1lni.<\/li>\n<\/ol>\n\n\n\n<hr class=\"wp-block-separator has-alpha-channel-opacity\"\/>\n\n\n<div class=\"wp-block-image\">\n<figure class=\"aligncenter size-large\"><img loading=\"lazy\" decoding=\"async\" width=\"1024\" height=\"719\" src=\"https:\/\/marcali.plebania.hu\/wp-content\/uploads\/2025\/12\/251228-1024x719.png\" alt=\"\" class=\"wp-image-7904\" srcset=\"https:\/\/marcali.plebania.hu\/wp-content\/uploads\/2025\/12\/251228-1024x719.png 1024w, https:\/\/marcali.plebania.hu\/wp-content\/uploads\/2025\/12\/251228-300x211.png 300w, https:\/\/marcali.plebania.hu\/wp-content\/uploads\/2025\/12\/251228-768x539.png 768w, https:\/\/marcali.plebania.hu\/wp-content\/uploads\/2025\/12\/251228-1536x1078.png 1536w, https:\/\/marcali.plebania.hu\/wp-content\/uploads\/2025\/12\/251228-385x270.png 385w, https:\/\/marcali.plebania.hu\/wp-content\/uploads\/2025\/12\/251228.png 1547w\" sizes=\"auto, (max-width: 1024px) 100vw, 1024px\" \/><\/figure>\n<\/div>\n\n\n<hr class=\"wp-block-separator has-alpha-channel-opacity\"\/>\n\n\n<div class=\"wp-block-image\">\n<figure class=\"aligncenter size-large\"><img loading=\"lazy\" decoding=\"async\" width=\"724\" height=\"1024\" src=\"https:\/\/marcali.plebania.hu\/wp-content\/uploads\/2025\/12\/Andocs-januar-724x1024.jpg\" alt=\"\" class=\"wp-image-7905\" srcset=\"https:\/\/marcali.plebania.hu\/wp-content\/uploads\/2025\/12\/Andocs-januar-724x1024.jpg 724w, https:\/\/marcali.plebania.hu\/wp-content\/uploads\/2025\/12\/Andocs-januar-212x300.jpg 212w, https:\/\/marcali.plebania.hu\/wp-content\/uploads\/2025\/12\/Andocs-januar-768x1086.jpg 768w, https:\/\/marcali.plebania.hu\/wp-content\/uploads\/2025\/12\/Andocs-januar-1086x1536.jpg 1086w, https:\/\/marcali.plebania.hu\/wp-content\/uploads\/2025\/12\/Andocs-januar-191x270.jpg 191w, https:\/\/marcali.plebania.hu\/wp-content\/uploads\/2025\/12\/Andocs-januar.jpg 1414w\" sizes=\"auto, (max-width: 724px) 100vw, 724px\" \/><\/figure>\n<\/div>","protected":false},"excerpt":{"rendered":"<p>Szent Csal\u00e1d vas\u00e1rnapjaA szentmise olvasm\u00e1nyai<\/p>\n","protected":false},"author":1,"featured_media":0,"comment_status":"closed","ping_status":"open","sticky":false,"template":"","format":"standard","meta":{"footnotes":""},"categories":[3],"tags":[],"class_list":["post-7903","post","type-post","status-publish","format-standard","hentry","category-hirdetesek"],"_links":{"self":[{"href":"https:\/\/marcali.plebania.hu\/index.php?rest_route=\/wp\/v2\/posts\/7903","targetHints":{"allow":["GET"]}}],"collection":[{"href":"https:\/\/marcali.plebania.hu\/index.php?rest_route=\/wp\/v2\/posts"}],"about":[{"href":"https:\/\/marcali.plebania.hu\/index.php?rest_route=\/wp\/v2\/types\/post"}],"author":[{"embeddable":true,"href":"https:\/\/marcali.plebania.hu\/index.php?rest_route=\/wp\/v2\/users\/1"}],"replies":[{"embeddable":true,"href":"https:\/\/marcali.plebania.hu\/index.php?rest_route=%2Fwp%2Fv2%2Fcomments&post=7903"}],"version-history":[{"count":2,"href":"https:\/\/marcali.plebania.hu\/index.php?rest_route=\/wp\/v2\/posts\/7903\/revisions"}],"predecessor-version":[{"id":7908,"href":"https:\/\/marcali.plebania.hu\/index.php?rest_route=\/wp\/v2\/posts\/7903\/revisions\/7908"}],"wp:attachment":[{"href":"https:\/\/marcali.plebania.hu\/index.php?rest_route=%2Fwp%2Fv2%2Fmedia&parent=7903"}],"wp:term":[{"taxonomy":"category","embeddable":true,"href":"https:\/\/marcali.plebania.hu\/index.php?rest_route=%2Fwp%2Fv2%2Fcategories&post=7903"},{"taxonomy":"post_tag","embeddable":true,"href":"https:\/\/marcali.plebania.hu\/index.php?rest_route=%2Fwp%2Fv2%2Ftags&post=7903"}],"curies":[{"name":"wp","href":"https:\/\/api.w.org\/{rel}","templated":true}]}}