{"id":7910,"date":"2025-12-30T15:23:13","date_gmt":"2025-12-30T15:23:13","guid":{"rendered":"https:\/\/marcali.plebania.hu\/?p=7910"},"modified":"2025-12-30T15:23:13","modified_gmt":"2025-12-30T15:23:13","slug":"pasztorjatek-es-ejfeli-szentmise-a-plebaniatemplomban-szenteste","status":"publish","type":"post","link":"https:\/\/marcali.plebania.hu\/?p=7910","title":{"rendered":"P\u00e1sztorj\u00e1t\u00e9k \u00e9s \u00e9jf\u00e9li szentmise a pl\u00e9b\u00e1niatemplomban Szenteste"},"content":{"rendered":"\n<p>2025. december 24-\u00e9n, szerd\u00e1n, Szenteste 23.20 \u00f3rakor a hittanos tanul\u00f3k p\u00e1sztorj\u00e1t\u00e9k\u00e1val kezd\u0151d\u00f6tt a kar\u00e1csonyi \u00fcnneps\u00e9g a Gy\u00fcm\u00f6lcsolt\u00f3 Boldogasszony Pl\u00e9b\u00e1niatemplomban.<\/p>\n\n\n\n<figure class=\"wp-block-gallery has-nested-images columns-default is-cropped wp-block-gallery-1 is-layout-flex wp-block-gallery-is-layout-flex\">\n<figure class=\"wp-block-image size-large\"><img loading=\"lazy\" decoding=\"async\" width=\"1024\" height=\"683\" data-id=\"7916\" src=\"https:\/\/marcali.plebania.hu\/wp-content\/uploads\/2025\/12\/10-1-1024x683.jpg\" alt=\"\" class=\"wp-image-7916\" srcset=\"https:\/\/marcali.plebania.hu\/wp-content\/uploads\/2025\/12\/10-1-1024x683.jpg 1024w, https:\/\/marcali.plebania.hu\/wp-content\/uploads\/2025\/12\/10-1-300x200.jpg 300w, https:\/\/marcali.plebania.hu\/wp-content\/uploads\/2025\/12\/10-1-768x512.jpg 768w, https:\/\/marcali.plebania.hu\/wp-content\/uploads\/2025\/12\/10-1-1536x1024.jpg 1536w, https:\/\/marcali.plebania.hu\/wp-content\/uploads\/2025\/12\/10-1-2048x1365.jpg 2048w, https:\/\/marcali.plebania.hu\/wp-content\/uploads\/2025\/12\/10-1-405x270.jpg 405w\" sizes=\"auto, (max-width: 1024px) 100vw, 1024px\" \/><\/figure>\n\n\n\n<figure class=\"wp-block-image size-large\"><img loading=\"lazy\" decoding=\"async\" width=\"1024\" height=\"683\" data-id=\"7911\" src=\"https:\/\/marcali.plebania.hu\/wp-content\/uploads\/2025\/12\/15-1024x683.jpg\" alt=\"\" class=\"wp-image-7911\" srcset=\"https:\/\/marcali.plebania.hu\/wp-content\/uploads\/2025\/12\/15-1024x683.jpg 1024w, https:\/\/marcali.plebania.hu\/wp-content\/uploads\/2025\/12\/15-300x200.jpg 300w, https:\/\/marcali.plebania.hu\/wp-content\/uploads\/2025\/12\/15-768x512.jpg 768w, https:\/\/marcali.plebania.hu\/wp-content\/uploads\/2025\/12\/15-1536x1024.jpg 1536w, https:\/\/marcali.plebania.hu\/wp-content\/uploads\/2025\/12\/15-2048x1365.jpg 2048w, https:\/\/marcali.plebania.hu\/wp-content\/uploads\/2025\/12\/15-405x270.jpg 405w\" sizes=\"auto, (max-width: 1024px) 100vw, 1024px\" \/><\/figure>\n\n\n\n<figure class=\"wp-block-image size-large\"><img loading=\"lazy\" decoding=\"async\" width=\"1024\" height=\"683\" data-id=\"7912\" src=\"https:\/\/marcali.plebania.hu\/wp-content\/uploads\/2025\/12\/16-1024x683.jpg\" alt=\"\" class=\"wp-image-7912\" srcset=\"https:\/\/marcali.plebania.hu\/wp-content\/uploads\/2025\/12\/16-1024x683.jpg 1024w, https:\/\/marcali.plebania.hu\/wp-content\/uploads\/2025\/12\/16-300x200.jpg 300w, https:\/\/marcali.plebania.hu\/wp-content\/uploads\/2025\/12\/16-768x512.jpg 768w, https:\/\/marcali.plebania.hu\/wp-content\/uploads\/2025\/12\/16-1536x1024.jpg 1536w, https:\/\/marcali.plebania.hu\/wp-content\/uploads\/2025\/12\/16-2048x1365.jpg 2048w, https:\/\/marcali.plebania.hu\/wp-content\/uploads\/2025\/12\/16-405x270.jpg 405w\" sizes=\"auto, (max-width: 1024px) 100vw, 1024px\" \/><\/figure>\n\n\n\n<figure class=\"wp-block-image size-large\"><img loading=\"lazy\" decoding=\"async\" width=\"1024\" height=\"683\" data-id=\"7913\" src=\"https:\/\/marcali.plebania.hu\/wp-content\/uploads\/2025\/12\/18-1-1024x683.jpg\" alt=\"\" class=\"wp-image-7913\" srcset=\"https:\/\/marcali.plebania.hu\/wp-content\/uploads\/2025\/12\/18-1-1024x683.jpg 1024w, https:\/\/marcali.plebania.hu\/wp-content\/uploads\/2025\/12\/18-1-300x200.jpg 300w, https:\/\/marcali.plebania.hu\/wp-content\/uploads\/2025\/12\/18-1-768x512.jpg 768w, https:\/\/marcali.plebania.hu\/wp-content\/uploads\/2025\/12\/18-1-1536x1024.jpg 1536w, https:\/\/marcali.plebania.hu\/wp-content\/uploads\/2025\/12\/18-1-2048x1365.jpg 2048w, https:\/\/marcali.plebania.hu\/wp-content\/uploads\/2025\/12\/18-1-405x270.jpg 405w\" sizes=\"auto, (max-width: 1024px) 100vw, 1024px\" \/><\/figure>\n<\/figure>\n\n\n\n<p>A Panov ap\u00f3 c\u00edm\u0171 m\u0171sort dr. Gyulain\u00e9 Domj\u00e1n Zsuzsanna hitoktat\u00f3n\u0151 tan\u00edtotta be \u00e9s Balogh B\u00e1lint k\u00e1ntor m\u0171k\u00f6d\u00f6tt k\u00f6zre \u00e9nekekkel.<\/p>\n\n\n\n<figure class=\"wp-block-gallery has-nested-images columns-default is-cropped wp-block-gallery-2 is-layout-flex wp-block-gallery-is-layout-flex\">\n<figure class=\"wp-block-image size-large\"><img loading=\"lazy\" decoding=\"async\" width=\"1024\" height=\"683\" data-id=\"7922\" src=\"https:\/\/marcali.plebania.hu\/wp-content\/uploads\/2025\/12\/08-1024x683.jpg\" alt=\"\" class=\"wp-image-7922\" srcset=\"https:\/\/marcali.plebania.hu\/wp-content\/uploads\/2025\/12\/08-1024x683.jpg 1024w, https:\/\/marcali.plebania.hu\/wp-content\/uploads\/2025\/12\/08-300x200.jpg 300w, https:\/\/marcali.plebania.hu\/wp-content\/uploads\/2025\/12\/08-768x512.jpg 768w, https:\/\/marcali.plebania.hu\/wp-content\/uploads\/2025\/12\/08-1536x1024.jpg 1536w, https:\/\/marcali.plebania.hu\/wp-content\/uploads\/2025\/12\/08-2048x1365.jpg 2048w, https:\/\/marcali.plebania.hu\/wp-content\/uploads\/2025\/12\/08-405x270.jpg 405w\" sizes=\"auto, (max-width: 1024px) 100vw, 1024px\" \/><\/figure>\n\n\n\n<figure class=\"wp-block-image size-large\"><img loading=\"lazy\" decoding=\"async\" width=\"1024\" height=\"683\" data-id=\"7917\" src=\"https:\/\/marcali.plebania.hu\/wp-content\/uploads\/2025\/12\/22-1024x683.jpg\" alt=\"\" class=\"wp-image-7917\" srcset=\"https:\/\/marcali.plebania.hu\/wp-content\/uploads\/2025\/12\/22-1024x683.jpg 1024w, https:\/\/marcali.plebania.hu\/wp-content\/uploads\/2025\/12\/22-300x200.jpg 300w, https:\/\/marcali.plebania.hu\/wp-content\/uploads\/2025\/12\/22-768x512.jpg 768w, https:\/\/marcali.plebania.hu\/wp-content\/uploads\/2025\/12\/22-1536x1024.jpg 1536w, https:\/\/marcali.plebania.hu\/wp-content\/uploads\/2025\/12\/22-2048x1365.jpg 2048w, https:\/\/marcali.plebania.hu\/wp-content\/uploads\/2025\/12\/22-405x270.jpg 405w\" sizes=\"auto, (max-width: 1024px) 100vw, 1024px\" \/><\/figure>\n\n\n\n<figure class=\"wp-block-image size-large\"><img loading=\"lazy\" decoding=\"async\" width=\"1024\" height=\"683\" data-id=\"7918\" src=\"https:\/\/marcali.plebania.hu\/wp-content\/uploads\/2025\/12\/24-1024x683.jpg\" alt=\"\" class=\"wp-image-7918\" srcset=\"https:\/\/marcali.plebania.hu\/wp-content\/uploads\/2025\/12\/24-1024x683.jpg 1024w, https:\/\/marcali.plebania.hu\/wp-content\/uploads\/2025\/12\/24-300x200.jpg 300w, https:\/\/marcali.plebania.hu\/wp-content\/uploads\/2025\/12\/24-768x512.jpg 768w, https:\/\/marcali.plebania.hu\/wp-content\/uploads\/2025\/12\/24-1536x1024.jpg 1536w, https:\/\/marcali.plebania.hu\/wp-content\/uploads\/2025\/12\/24-2048x1365.jpg 2048w, https:\/\/marcali.plebania.hu\/wp-content\/uploads\/2025\/12\/24-405x270.jpg 405w\" sizes=\"auto, (max-width: 1024px) 100vw, 1024px\" \/><\/figure>\n\n\n\n<figure class=\"wp-block-image size-large\"><img loading=\"lazy\" decoding=\"async\" width=\"1024\" height=\"683\" data-id=\"7920\" src=\"https:\/\/marcali.plebania.hu\/wp-content\/uploads\/2025\/12\/26-1024x683.jpg\" alt=\"\" class=\"wp-image-7920\" srcset=\"https:\/\/marcali.plebania.hu\/wp-content\/uploads\/2025\/12\/26-1024x683.jpg 1024w, https:\/\/marcali.plebania.hu\/wp-content\/uploads\/2025\/12\/26-300x200.jpg 300w, https:\/\/marcali.plebania.hu\/wp-content\/uploads\/2025\/12\/26-768x512.jpg 768w, https:\/\/marcali.plebania.hu\/wp-content\/uploads\/2025\/12\/26-1536x1024.jpg 1536w, https:\/\/marcali.plebania.hu\/wp-content\/uploads\/2025\/12\/26-2048x1365.jpg 2048w, https:\/\/marcali.plebania.hu\/wp-content\/uploads\/2025\/12\/26-405x270.jpg 405w\" sizes=\"auto, (max-width: 1024px) 100vw, 1024px\" \/><\/figure>\n<\/figure>\n\n\n\n<p>Ezt\u00e1n kezd\u0151d\u00f6tt az \u00e9jf\u00e9li \u00fcnnepi szentmise, melyet Tomanek Ferenc \u00c1ron pl\u00e9b\u00e1nos celebr\u00e1lt, aki szentbesz\u00e9d\u00e9ben J\u00e9zus Krisztus sz\u00fclet\u00e9s\u00e9nek napj\u00e1n, a kar\u00e1csony \u00e9s a szeretet jelent\u0151s\u00e9g\u00e9t hangs\u00falyozta.<\/p>\n\n\n\n<p>Mindenkinek \u00e1ldott, b\u00e9k\u00e9s kar\u00e1csonyi \u00fcnnepeket k\u00edv\u00e1n Ferenc atya \u00e9s a Marcali Pl\u00e9b\u00e1nia!<\/p>\n\n\n\n<p>\u00cdrta \u00e9s fot\u00f3k: Kiss K\u00e1lm\u00e1n<\/p>\n","protected":false},"excerpt":{"rendered":"<p>2025. december 24-\u00e9n, szerd\u00e1n, Szenteste 23.20 \u00f3rakor a hittanos tanul\u00f3k p\u00e1sztorj\u00e1t\u00e9k\u00e1val kezd\u0151d\u00f6tt a kar\u00e1csonyi \u00fcnneps\u00e9g a Gy\u00fcm\u00f6lcsolt\u00f3 Boldogasszony Pl\u00e9b\u00e1niatemplomban. A Panov ap\u00f3 c\u00edm\u0171 m\u0171sort dr. Gyulain\u00e9 Domj\u00e1n Zsuzsanna hitoktat\u00f3n\u0151 tan\u00edtotta be \u00e9s Balogh B\u00e1lint k\u00e1ntor m\u0171k\u00f6d\u00f6tt k\u00f6zre \u00e9nekekkel. Ezt\u00e1n kezd\u0151d\u00f6tt az \u00e9jf\u00e9li \u00fcnnepi szentmise, melyet Tomanek Ferenc \u00c1ron pl\u00e9b\u00e1nos celebr\u00e1lt, aki szentbesz\u00e9d\u00e9ben J\u00e9zus Krisztus sz\u00fclet\u00e9s\u00e9nek napj\u00e1n, a kar\u00e1csony \u00e9s a szeretet jelent\u0151s\u00e9g\u00e9t hangs\u00falyozta. Mindenkinek \u00e1ldott, b\u00e9k\u00e9s kar\u00e1csonyi \u00fcnnepeket k\u00edv\u00e1n Ferenc atya \u00e9s a Marcali Pl\u00e9b\u00e1nia! \u00cdrta \u00e9s fot\u00f3k: Kiss K\u00e1lm\u00e1n<\/p>\n","protected":false},"author":2,"featured_media":0,"comment_status":"closed","ping_status":"open","sticky":false,"template":"","format":"standard","meta":{"footnotes":""},"categories":[1],"tags":[],"class_list":["post-7910","post","type-post","status-publish","format-standard","hentry","category-egyeb"],"_links":{"self":[{"href":"https:\/\/marcali.plebania.hu\/index.php?rest_route=\/wp\/v2\/posts\/7910","targetHints":{"allow":["GET"]}}],"collection":[{"href":"https:\/\/marcali.plebania.hu\/index.php?rest_route=\/wp\/v2\/posts"}],"about":[{"href":"https:\/\/marcali.plebania.hu\/index.php?rest_route=\/wp\/v2\/types\/post"}],"author":[{"embeddable":true,"href":"https:\/\/marcali.plebania.hu\/index.php?rest_route=\/wp\/v2\/users\/2"}],"replies":[{"embeddable":true,"href":"https:\/\/marcali.plebania.hu\/index.php?rest_route=%2Fwp%2Fv2%2Fcomments&post=7910"}],"version-history":[{"count":1,"href":"https:\/\/marcali.plebania.hu\/index.php?rest_route=\/wp\/v2\/posts\/7910\/revisions"}],"predecessor-version":[{"id":7923,"href":"https:\/\/marcali.plebania.hu\/index.php?rest_route=\/wp\/v2\/posts\/7910\/revisions\/7923"}],"wp:attachment":[{"href":"https:\/\/marcali.plebania.hu\/index.php?rest_route=%2Fwp%2Fv2%2Fmedia&parent=7910"}],"wp:term":[{"taxonomy":"category","embeddable":true,"href":"https:\/\/marcali.plebania.hu\/index.php?rest_route=%2Fwp%2Fv2%2Fcategories&post=7910"},{"taxonomy":"post_tag","embeddable":true,"href":"https:\/\/marcali.plebania.hu\/index.php?rest_route=%2Fwp%2Fv2%2Ftags&post=7910"}],"curies":[{"name":"wp","href":"https:\/\/api.w.org\/{rel}","templated":true}]}}