{"id":792,"date":"2019-04-22T15:40:35","date_gmt":"2019-04-22T15:40:35","guid":{"rendered":"https:\/\/marcali.plebania.hu\/?p=792"},"modified":"2019-04-22T15:40:35","modified_gmt":"2019-04-22T15:40:35","slug":"nagypenteki-liturgia-marcaliban","status":"publish","type":"post","link":"https:\/\/marcali.plebania.hu\/?p=792","title":{"rendered":"Nagyp\u00e9nteki liturgia Marcaliban"},"content":{"rendered":"\n<p>2019. \u00e1prilis 19-\u00e9n d\u00e9lut\u00e1n 15 \u00f3rakor a Marcali K\u00f6zponti Temet\u0151 K\u00e1lv\u00e1ri\u00e1j\u00e1n\u00e1l gy\u0171ltek \u00f6ssze a katolikus h\u00edvek, hogy elm\u00e9lked\u00e9ssel, \u00e9nekekkel, im\u00e1ds\u00e1ggal j\u00e1rj\u00e1k v\u00e9gig a golgot\u00e1t \u00e9s J\u00e9zus kereszthal\u00e1l\u00e1ra eml\u00e9kezzenek.<\/p>\n\n\n\n<ul class=\"wp-block-gallery columns-3 is-cropped wp-block-gallery-1 is-layout-flex wp-block-gallery-is-layout-flex\"><li class=\"blocks-gallery-item\"><figure><img loading=\"lazy\" decoding=\"async\" width=\"1024\" height=\"683\" src=\"https:\/\/marcali.plebania.hu\/wp-content\/uploads\/2019\/04\/02-1024x683.jpg\" alt=\"\" data-id=\"793\" data-link=\"https:\/\/marcali.plebania.hu\/?attachment_id=793\" class=\"wp-image-793\" srcset=\"https:\/\/marcali.plebania.hu\/wp-content\/uploads\/2019\/04\/02-1024x683.jpg 1024w, https:\/\/marcali.plebania.hu\/wp-content\/uploads\/2019\/04\/02-300x200.jpg 300w, https:\/\/marcali.plebania.hu\/wp-content\/uploads\/2019\/04\/02-768x512.jpg 768w, https:\/\/marcali.plebania.hu\/wp-content\/uploads\/2019\/04\/02-405x270.jpg 405w\" sizes=\"auto, (max-width: 1024px) 100vw, 1024px\" \/><\/figure><\/li><li class=\"blocks-gallery-item\"><figure><img loading=\"lazy\" decoding=\"async\" width=\"1024\" height=\"683\" src=\"https:\/\/marcali.plebania.hu\/wp-content\/uploads\/2019\/04\/05-1-1024x683.jpg\" alt=\"\" data-id=\"794\" data-link=\"https:\/\/marcali.plebania.hu\/?attachment_id=794\" class=\"wp-image-794\" srcset=\"https:\/\/marcali.plebania.hu\/wp-content\/uploads\/2019\/04\/05-1-1024x683.jpg 1024w, https:\/\/marcali.plebania.hu\/wp-content\/uploads\/2019\/04\/05-1-300x200.jpg 300w, https:\/\/marcali.plebania.hu\/wp-content\/uploads\/2019\/04\/05-1-768x512.jpg 768w, https:\/\/marcali.plebania.hu\/wp-content\/uploads\/2019\/04\/05-1-405x270.jpg 405w\" sizes=\"auto, (max-width: 1024px) 100vw, 1024px\" \/><\/figure><\/li><li class=\"blocks-gallery-item\"><figure><img loading=\"lazy\" decoding=\"async\" width=\"1024\" height=\"683\" src=\"https:\/\/marcali.plebania.hu\/wp-content\/uploads\/2019\/04\/07-2-1024x683.jpg\" alt=\"\" data-id=\"795\" data-link=\"https:\/\/marcali.plebania.hu\/?attachment_id=795\" class=\"wp-image-795\" srcset=\"https:\/\/marcali.plebania.hu\/wp-content\/uploads\/2019\/04\/07-2-1024x683.jpg 1024w, https:\/\/marcali.plebania.hu\/wp-content\/uploads\/2019\/04\/07-2-300x200.jpg 300w, https:\/\/marcali.plebania.hu\/wp-content\/uploads\/2019\/04\/07-2-768x512.jpg 768w, https:\/\/marcali.plebania.hu\/wp-content\/uploads\/2019\/04\/07-2-405x270.jpg 405w\" sizes=\"auto, (max-width: 1024px) 100vw, 1024px\" \/><\/figure><\/li><li class=\"blocks-gallery-item\"><figure><img loading=\"lazy\" decoding=\"async\" width=\"1024\" height=\"683\" src=\"https:\/\/marcali.plebania.hu\/wp-content\/uploads\/2019\/04\/10-1-1024x683.jpg\" alt=\"\" data-id=\"796\" data-link=\"https:\/\/marcali.plebania.hu\/?attachment_id=796\" class=\"wp-image-796\" srcset=\"https:\/\/marcali.plebania.hu\/wp-content\/uploads\/2019\/04\/10-1-1024x683.jpg 1024w, https:\/\/marcali.plebania.hu\/wp-content\/uploads\/2019\/04\/10-1-300x200.jpg 300w, https:\/\/marcali.plebania.hu\/wp-content\/uploads\/2019\/04\/10-1-768x512.jpg 768w, https:\/\/marcali.plebania.hu\/wp-content\/uploads\/2019\/04\/10-1-405x270.jpg 405w\" sizes=\"auto, (max-width: 1024px) 100vw, 1024px\" \/><\/figure><\/li><\/ul>\n\n\n\n<p>A nagyp\u00e9nteki szertart\u00e1sok r\u00e9sze a kereszt\u00fati \u00e1jtatoss\u00e1g, melyet Kiss Iv\u00e1n c. pr\u00e9post, esperes-pl\u00e9b\u00e1nos \u00far vezetett. Minden st\u00e1ci\u00f3 el\u0151tt im\u00e1dkoztak a jelenl\u00e9v\u0151k \u00e9s az ezekhez kapcsol\u00f3d\u00f3 gondolat\u00e9breszt\u0151 elm\u00e9lked\u00e9st hallgathattak meg az imak\u00f6r\u00f6s\u00f6k, vagy a pl\u00e9b\u00e1niai k\u00f6z\u00f6ss\u00e9gek tagjainak a k\u00f6zrem\u0171k\u00f6d\u00e9s\u00e9vel. Az \u00e1llom\u00e1sok k\u00f6z\u00f6tt a \u201eKereszt\u00faton k\u00f6vet\u00fcnk, J\u00e9zus \u00e9des \u00f6r\u00f6m\u00fcnk, szenved\u00e9sed \u00e9gi jel, \u00edgy jutunk a mennybe fel\u201d c\u00edm\u0171 \u00e9nek hangzott el.<\/p>\n\n\n\n<ul class=\"wp-block-gallery columns-3 is-cropped wp-block-gallery-2 is-layout-flex wp-block-gallery-is-layout-flex\"><li class=\"blocks-gallery-item\"><figure><img loading=\"lazy\" decoding=\"async\" width=\"1024\" height=\"683\" src=\"https:\/\/marcali.plebania.hu\/wp-content\/uploads\/2019\/04\/11-1024x683.jpg\" alt=\"\" data-id=\"797\" data-link=\"https:\/\/marcali.plebania.hu\/?attachment_id=797\" class=\"wp-image-797\" srcset=\"https:\/\/marcali.plebania.hu\/wp-content\/uploads\/2019\/04\/11-1024x683.jpg 1024w, https:\/\/marcali.plebania.hu\/wp-content\/uploads\/2019\/04\/11-300x200.jpg 300w, https:\/\/marcali.plebania.hu\/wp-content\/uploads\/2019\/04\/11-768x512.jpg 768w, https:\/\/marcali.plebania.hu\/wp-content\/uploads\/2019\/04\/11-405x270.jpg 405w\" sizes=\"auto, (max-width: 1024px) 100vw, 1024px\" \/><\/figure><\/li><li class=\"blocks-gallery-item\"><figure><img loading=\"lazy\" decoding=\"async\" width=\"1024\" height=\"683\" src=\"https:\/\/marcali.plebania.hu\/wp-content\/uploads\/2019\/04\/12-2-1024x683.jpg\" alt=\"\" data-id=\"798\" data-link=\"https:\/\/marcali.plebania.hu\/?attachment_id=798\" class=\"wp-image-798\" srcset=\"https:\/\/marcali.plebania.hu\/wp-content\/uploads\/2019\/04\/12-2-1024x683.jpg 1024w, https:\/\/marcali.plebania.hu\/wp-content\/uploads\/2019\/04\/12-2-300x200.jpg 300w, https:\/\/marcali.plebania.hu\/wp-content\/uploads\/2019\/04\/12-2-768x512.jpg 768w, https:\/\/marcali.plebania.hu\/wp-content\/uploads\/2019\/04\/12-2-405x270.jpg 405w\" sizes=\"auto, (max-width: 1024px) 100vw, 1024px\" \/><\/figure><\/li><li class=\"blocks-gallery-item\"><figure><img loading=\"lazy\" decoding=\"async\" width=\"1024\" height=\"683\" src=\"https:\/\/marcali.plebania.hu\/wp-content\/uploads\/2019\/04\/16-2-1024x683.jpg\" alt=\"\" data-id=\"799\" data-link=\"https:\/\/marcali.plebania.hu\/?attachment_id=799\" class=\"wp-image-799\" srcset=\"https:\/\/marcali.plebania.hu\/wp-content\/uploads\/2019\/04\/16-2-1024x683.jpg 1024w, https:\/\/marcali.plebania.hu\/wp-content\/uploads\/2019\/04\/16-2-300x200.jpg 300w, https:\/\/marcali.plebania.hu\/wp-content\/uploads\/2019\/04\/16-2-768x512.jpg 768w, https:\/\/marcali.plebania.hu\/wp-content\/uploads\/2019\/04\/16-2-405x270.jpg 405w\" sizes=\"auto, (max-width: 1024px) 100vw, 1024px\" \/><\/figure><\/li><li class=\"blocks-gallery-item\"><figure><img loading=\"lazy\" decoding=\"async\" width=\"1024\" height=\"683\" src=\"https:\/\/marcali.plebania.hu\/wp-content\/uploads\/2019\/04\/17-1024x683.jpg\" alt=\"\" data-id=\"800\" data-link=\"https:\/\/marcali.plebania.hu\/?attachment_id=800\" class=\"wp-image-800\" srcset=\"https:\/\/marcali.plebania.hu\/wp-content\/uploads\/2019\/04\/17-1024x683.jpg 1024w, https:\/\/marcali.plebania.hu\/wp-content\/uploads\/2019\/04\/17-300x200.jpg 300w, https:\/\/marcali.plebania.hu\/wp-content\/uploads\/2019\/04\/17-768x512.jpg 768w, https:\/\/marcali.plebania.hu\/wp-content\/uploads\/2019\/04\/17-405x270.jpg 405w\" sizes=\"auto, (max-width: 1024px) 100vw, 1024px\" \/><\/figure><\/li><\/ul>\n\n\n\n<p>A liturgia este 18 \u00f3r\u00e1t\u00f3l a pl\u00e9b\u00e1niatemplomban \u00fan. csonka mis\u00e9vel folytat\u00f3dott. Az olvasm\u00e1ny \u00e9s szentlecke felolvas\u00e1sa ut\u00e1n az egyh\u00e1zk\u00f6zs\u00e9gi k\u00f6z\u00f6ss\u00e9gekb\u0151l szervezett \u00e9nekkar J\u00e9zus szenved\u00e9st\u00f6rt\u00e9net\u00e9t, a passi\u00f3t \u00e9nekelte el. A szertart\u00e1sban ezut\u00e1n kereszth\u00f3dolat k\u00f6vetkezett, majd a jelenl\u00e9v\u0151k szent\u00e1ldoz\u00e1shoz is j\u00e1rulhattak.<\/p>\n\n\n\n<ul class=\"wp-block-gallery columns-3 is-cropped wp-block-gallery-3 is-layout-flex wp-block-gallery-is-layout-flex\"><li class=\"blocks-gallery-item\"><figure><img loading=\"lazy\" decoding=\"async\" width=\"1024\" height=\"683\" src=\"https:\/\/marcali.plebania.hu\/wp-content\/uploads\/2019\/04\/22-3-1024x683.jpg\" alt=\"\" data-id=\"801\" data-link=\"https:\/\/marcali.plebania.hu\/?attachment_id=801\" class=\"wp-image-801\" srcset=\"https:\/\/marcali.plebania.hu\/wp-content\/uploads\/2019\/04\/22-3-1024x683.jpg 1024w, https:\/\/marcali.plebania.hu\/wp-content\/uploads\/2019\/04\/22-3-300x200.jpg 300w, https:\/\/marcali.plebania.hu\/wp-content\/uploads\/2019\/04\/22-3-768x512.jpg 768w, https:\/\/marcali.plebania.hu\/wp-content\/uploads\/2019\/04\/22-3-405x270.jpg 405w\" sizes=\"auto, (max-width: 1024px) 100vw, 1024px\" \/><\/figure><\/li><li class=\"blocks-gallery-item\"><figure><img loading=\"lazy\" decoding=\"async\" width=\"1024\" height=\"683\" src=\"https:\/\/marcali.plebania.hu\/wp-content\/uploads\/2019\/04\/30-1024x683.jpg\" alt=\"\" data-id=\"802\" data-link=\"https:\/\/marcali.plebania.hu\/?attachment_id=802\" class=\"wp-image-802\" srcset=\"https:\/\/marcali.plebania.hu\/wp-content\/uploads\/2019\/04\/30-1024x683.jpg 1024w, https:\/\/marcali.plebania.hu\/wp-content\/uploads\/2019\/04\/30-300x200.jpg 300w, https:\/\/marcali.plebania.hu\/wp-content\/uploads\/2019\/04\/30-768x512.jpg 768w, https:\/\/marcali.plebania.hu\/wp-content\/uploads\/2019\/04\/30-405x270.jpg 405w\" sizes=\"auto, (max-width: 1024px) 100vw, 1024px\" \/><\/figure><\/li><li class=\"blocks-gallery-item\"><figure><img loading=\"lazy\" decoding=\"async\" width=\"1024\" height=\"683\" src=\"https:\/\/marcali.plebania.hu\/wp-content\/uploads\/2019\/04\/35-2-1024x683.jpg\" alt=\"\" data-id=\"803\" data-link=\"https:\/\/marcali.plebania.hu\/?attachment_id=803\" class=\"wp-image-803\" srcset=\"https:\/\/marcali.plebania.hu\/wp-content\/uploads\/2019\/04\/35-2-1024x683.jpg 1024w, https:\/\/marcali.plebania.hu\/wp-content\/uploads\/2019\/04\/35-2-300x200.jpg 300w, https:\/\/marcali.plebania.hu\/wp-content\/uploads\/2019\/04\/35-2-768x512.jpg 768w, https:\/\/marcali.plebania.hu\/wp-content\/uploads\/2019\/04\/35-2-405x270.jpg 405w\" sizes=\"auto, (max-width: 1024px) 100vw, 1024px\" \/><\/figure><\/li><li class=\"blocks-gallery-item\"><figure><img loading=\"lazy\" decoding=\"async\" width=\"1024\" height=\"683\" src=\"https:\/\/marcali.plebania.hu\/wp-content\/uploads\/2019\/04\/28-1024x683.jpg\" alt=\"\" data-id=\"804\" data-link=\"https:\/\/marcali.plebania.hu\/?attachment_id=804\" class=\"wp-image-804\" srcset=\"https:\/\/marcali.plebania.hu\/wp-content\/uploads\/2019\/04\/28-1024x683.jpg 1024w, https:\/\/marcali.plebania.hu\/wp-content\/uploads\/2019\/04\/28-300x200.jpg 300w, https:\/\/marcali.plebania.hu\/wp-content\/uploads\/2019\/04\/28-768x512.jpg 768w, https:\/\/marcali.plebania.hu\/wp-content\/uploads\/2019\/04\/28-405x270.jpg 405w\" sizes=\"auto, (max-width: 1024px) 100vw, 1024px\" \/><\/figure><\/li><\/ul>\n\n\n\n<p>A nagyh\u00e9t el\u0151k\u00e9sz\u00fclet a h\u00fasv\u00e9tra,\na kereszt\u00e9nyek legnagyobb \u00fcnnep\u00e9re, amely J\u00e9zus felt\u00e1mad\u00e1s\u00e1ra \u00e9s szeretet\u00e9re eml\u00e9keztet\nminden j\u00f3akarat\u00fa embert.<\/p>\n","protected":false},"excerpt":{"rendered":"<p>2019. \u00e1prilis 19-\u00e9n d\u00e9lut\u00e1n 15 \u00f3rakor a Marcali K\u00f6zponti Temet\u0151 K\u00e1lv\u00e1ri\u00e1j\u00e1n\u00e1l gy\u0171ltek \u00f6ssze a katolikus h\u00edvek, hogy elm\u00e9lked\u00e9ssel, \u00e9nekekkel, im\u00e1ds\u00e1ggal j\u00e1rj\u00e1k v\u00e9gig a golgot\u00e1t \u00e9s J\u00e9zus kereszthal\u00e1l\u00e1ra eml\u00e9kezzenek. A nagyp\u00e9nteki szertart\u00e1sok r\u00e9sze a kereszt\u00fati \u00e1jtatoss\u00e1g, melyet Kiss Iv\u00e1n c. pr\u00e9post, esperes-pl\u00e9b\u00e1nos \u00far vezetett. Minden st\u00e1ci\u00f3 el\u0151tt im\u00e1dkoztak a jelenl\u00e9v\u0151k \u00e9s az ezekhez kapcsol\u00f3d\u00f3 gondolat\u00e9breszt\u0151 elm\u00e9lked\u00e9st hallgathattak meg az imak\u00f6r\u00f6s\u00f6k, vagy a pl\u00e9b\u00e1niai k\u00f6z\u00f6ss\u00e9gek tagjainak a k\u00f6zrem\u0171k\u00f6d\u00e9s\u00e9vel. Az \u00e1llom\u00e1sok k\u00f6z\u00f6tt a \u201eKereszt\u00faton k\u00f6vet\u00fcnk, J\u00e9zus \u00e9des \u00f6r\u00f6m\u00fcnk, szenved\u00e9sed \u00e9gi jel, \u00edgy jutunk&#8230;<\/p>\n<p class=\"read-more\"><a class=\"btn btn-default\" href=\"https:\/\/marcali.plebania.hu\/?p=792\"> Read More<span class=\"screen-reader-text\">  Read More<\/span><\/a><\/p>\n","protected":false},"author":2,"featured_media":0,"comment_status":"closed","ping_status":"open","sticky":false,"template":"","format":"standard","meta":{"footnotes":""},"categories":[1],"tags":[],"class_list":["post-792","post","type-post","status-publish","format-standard","hentry","category-egyeb"],"_links":{"self":[{"href":"https:\/\/marcali.plebania.hu\/index.php?rest_route=\/wp\/v2\/posts\/792","targetHints":{"allow":["GET"]}}],"collection":[{"href":"https:\/\/marcali.plebania.hu\/index.php?rest_route=\/wp\/v2\/posts"}],"about":[{"href":"https:\/\/marcali.plebania.hu\/index.php?rest_route=\/wp\/v2\/types\/post"}],"author":[{"embeddable":true,"href":"https:\/\/marcali.plebania.hu\/index.php?rest_route=\/wp\/v2\/users\/2"}],"replies":[{"embeddable":true,"href":"https:\/\/marcali.plebania.hu\/index.php?rest_route=%2Fwp%2Fv2%2Fcomments&post=792"}],"version-history":[{"count":1,"href":"https:\/\/marcali.plebania.hu\/index.php?rest_route=\/wp\/v2\/posts\/792\/revisions"}],"predecessor-version":[{"id":805,"href":"https:\/\/marcali.plebania.hu\/index.php?rest_route=\/wp\/v2\/posts\/792\/revisions\/805"}],"wp:attachment":[{"href":"https:\/\/marcali.plebania.hu\/index.php?rest_route=%2Fwp%2Fv2%2Fmedia&parent=792"}],"wp:term":[{"taxonomy":"category","embeddable":true,"href":"https:\/\/marcali.plebania.hu\/index.php?rest_route=%2Fwp%2Fv2%2Fcategories&post=792"},{"taxonomy":"post_tag","embeddable":true,"href":"https:\/\/marcali.plebania.hu\/index.php?rest_route=%2Fwp%2Fv2%2Ftags&post=792"}],"curies":[{"name":"wp","href":"https:\/\/api.w.org\/{rel}","templated":true}]}}