{"id":7924,"date":"2025-12-30T15:25:42","date_gmt":"2025-12-30T15:25:42","guid":{"rendered":"https:\/\/marcali.plebania.hu\/?p=7924"},"modified":"2025-12-30T15:25:42","modified_gmt":"2025-12-30T15:25:42","slug":"bormegaldas-karacsony-masnapjan-marcaliban","status":"publish","type":"post","link":"https:\/\/marcali.plebania.hu\/?p=7924","title":{"rendered":"Bormeg\u00e1ld\u00e1s Kar\u00e1csony m\u00e1snapj\u00e1n Marcaliban"},"content":{"rendered":"\n<p>2025. december 26-\u00e1n, kar\u00e1csony m\u00e1snapj\u00e1n, p\u00e9nteken a 9 \u00f3r\u00e1s szentmise v\u00e9g\u00e9n Tomanek Ferenc \u00c1ron pl\u00e9b\u00e1nos meg\u00e1ldotta az \u00faj borokat a Marcali Gy\u00fcm\u00f6lcsolt\u00f3 Boldogasszony pl\u00e9b\u00e1niatemplomban. A bortermel\u0151k \u00e9s sz\u0151l\u0151sgazd\u00e1k ilyenkor egy-egy palack \u00fajbort hoznak magukkal a term\u00e9sb\u0151l, hogy egyh\u00e1zi \u00e1ld\u00e1st is k\u00e9rjenek eg\u00e9sz \u00e9ves munk\u00e1juk eredm\u00e9nyek\u00e9ppen.<\/p>\n\n\n\n<figure class=\"wp-block-gallery has-nested-images columns-default is-cropped wp-block-gallery-1 is-layout-flex wp-block-gallery-is-layout-flex\">\n<figure class=\"wp-block-image size-large\"><img loading=\"lazy\" decoding=\"async\" width=\"1024\" height=\"683\" data-id=\"7925\" src=\"https:\/\/marcali.plebania.hu\/wp-content\/uploads\/2025\/12\/01-1-1024x683.jpg\" alt=\"\" class=\"wp-image-7925\" srcset=\"https:\/\/marcali.plebania.hu\/wp-content\/uploads\/2025\/12\/01-1-1024x683.jpg 1024w, https:\/\/marcali.plebania.hu\/wp-content\/uploads\/2025\/12\/01-1-300x200.jpg 300w, https:\/\/marcali.plebania.hu\/wp-content\/uploads\/2025\/12\/01-1-768x512.jpg 768w, https:\/\/marcali.plebania.hu\/wp-content\/uploads\/2025\/12\/01-1-1536x1024.jpg 1536w, https:\/\/marcali.plebania.hu\/wp-content\/uploads\/2025\/12\/01-1-2048x1365.jpg 2048w, https:\/\/marcali.plebania.hu\/wp-content\/uploads\/2025\/12\/01-1-405x270.jpg 405w\" sizes=\"auto, (max-width: 1024px) 100vw, 1024px\" \/><\/figure>\n\n\n\n<figure class=\"wp-block-image size-large\"><img loading=\"lazy\" decoding=\"async\" width=\"1024\" height=\"683\" data-id=\"7926\" src=\"https:\/\/marcali.plebania.hu\/wp-content\/uploads\/2025\/12\/02-1-1024x683.jpg\" alt=\"\" class=\"wp-image-7926\" srcset=\"https:\/\/marcali.plebania.hu\/wp-content\/uploads\/2025\/12\/02-1-1024x683.jpg 1024w, https:\/\/marcali.plebania.hu\/wp-content\/uploads\/2025\/12\/02-1-300x200.jpg 300w, https:\/\/marcali.plebania.hu\/wp-content\/uploads\/2025\/12\/02-1-768x512.jpg 768w, https:\/\/marcali.plebania.hu\/wp-content\/uploads\/2025\/12\/02-1-1536x1024.jpg 1536w, https:\/\/marcali.plebania.hu\/wp-content\/uploads\/2025\/12\/02-1-2048x1365.jpg 2048w, https:\/\/marcali.plebania.hu\/wp-content\/uploads\/2025\/12\/02-1-405x270.jpg 405w\" sizes=\"auto, (max-width: 1024px) 100vw, 1024px\" \/><\/figure>\n\n\n\n<figure class=\"wp-block-image size-large\"><img loading=\"lazy\" decoding=\"async\" width=\"1024\" height=\"683\" data-id=\"7927\" src=\"https:\/\/marcali.plebania.hu\/wp-content\/uploads\/2025\/12\/03-1-1024x683.jpg\" alt=\"\" class=\"wp-image-7927\" srcset=\"https:\/\/marcali.plebania.hu\/wp-content\/uploads\/2025\/12\/03-1-1024x683.jpg 1024w, https:\/\/marcali.plebania.hu\/wp-content\/uploads\/2025\/12\/03-1-300x200.jpg 300w, https:\/\/marcali.plebania.hu\/wp-content\/uploads\/2025\/12\/03-1-768x512.jpg 768w, https:\/\/marcali.plebania.hu\/wp-content\/uploads\/2025\/12\/03-1-1536x1024.jpg 1536w, https:\/\/marcali.plebania.hu\/wp-content\/uploads\/2025\/12\/03-1-2048x1365.jpg 2048w, https:\/\/marcali.plebania.hu\/wp-content\/uploads\/2025\/12\/03-1-405x270.jpg 405w\" sizes=\"auto, (max-width: 1024px) 100vw, 1024px\" \/><\/figure>\n\n\n\n<figure class=\"wp-block-image size-large\"><img loading=\"lazy\" decoding=\"async\" width=\"1024\" height=\"683\" data-id=\"7928\" src=\"https:\/\/marcali.plebania.hu\/wp-content\/uploads\/2025\/12\/04-1-1024x683.jpg\" alt=\"\" class=\"wp-image-7928\" srcset=\"https:\/\/marcali.plebania.hu\/wp-content\/uploads\/2025\/12\/04-1-1024x683.jpg 1024w, https:\/\/marcali.plebania.hu\/wp-content\/uploads\/2025\/12\/04-1-300x200.jpg 300w, https:\/\/marcali.plebania.hu\/wp-content\/uploads\/2025\/12\/04-1-768x512.jpg 768w, https:\/\/marcali.plebania.hu\/wp-content\/uploads\/2025\/12\/04-1-1536x1024.jpg 1536w, https:\/\/marcali.plebania.hu\/wp-content\/uploads\/2025\/12\/04-1-2048x1365.jpg 2048w, https:\/\/marcali.plebania.hu\/wp-content\/uploads\/2025\/12\/04-1-405x270.jpg 405w\" sizes=\"auto, (max-width: 1024px) 100vw, 1024px\" \/><\/figure>\n<\/figure>\n\n\n\n<p>V\u00e9g\u00fcl a szentmise ut\u00e1n Ferenc atya \u2013 hagyom\u00e1nyosan \u2013 a forralt bort is meg\u00e1ldotta a templom el\u0151tt, melyet Gelencs\u00e9r R\u00f3bert, egyh\u00e1zk\u00f6zs\u00e9gi test\u00fcleti tag \u00e9s csal\u00e1dja k\u00e9sz\u00edtett; illetve k\u00edn\u00e1lt a jelenl\u00e9v\u0151 h\u00edveknek, akik gyalog j\u00f6ttek \u00e9s nem vezettek aut\u00f3t.<\/p>\n\n\n\n<figure class=\"wp-block-gallery has-nested-images columns-default is-cropped wp-block-gallery-2 is-layout-flex wp-block-gallery-is-layout-flex\">\n<figure class=\"wp-block-image size-large\"><img loading=\"lazy\" decoding=\"async\" width=\"1024\" height=\"683\" data-id=\"7929\" src=\"https:\/\/marcali.plebania.hu\/wp-content\/uploads\/2025\/12\/08-1-1024x683.jpg\" alt=\"\" class=\"wp-image-7929\" srcset=\"https:\/\/marcali.plebania.hu\/wp-content\/uploads\/2025\/12\/08-1-1024x683.jpg 1024w, https:\/\/marcali.plebania.hu\/wp-content\/uploads\/2025\/12\/08-1-300x200.jpg 300w, https:\/\/marcali.plebania.hu\/wp-content\/uploads\/2025\/12\/08-1-768x512.jpg 768w, https:\/\/marcali.plebania.hu\/wp-content\/uploads\/2025\/12\/08-1-1536x1024.jpg 1536w, https:\/\/marcali.plebania.hu\/wp-content\/uploads\/2025\/12\/08-1-2048x1365.jpg 2048w, https:\/\/marcali.plebania.hu\/wp-content\/uploads\/2025\/12\/08-1-405x270.jpg 405w\" sizes=\"auto, (max-width: 1024px) 100vw, 1024px\" \/><\/figure>\n\n\n\n<figure class=\"wp-block-image size-large\"><img loading=\"lazy\" decoding=\"async\" width=\"1024\" height=\"683\" data-id=\"7933\" src=\"https:\/\/marcali.plebania.hu\/wp-content\/uploads\/2025\/12\/09-1024x683.jpg\" alt=\"\" class=\"wp-image-7933\" srcset=\"https:\/\/marcali.plebania.hu\/wp-content\/uploads\/2025\/12\/09-1024x683.jpg 1024w, https:\/\/marcali.plebania.hu\/wp-content\/uploads\/2025\/12\/09-300x200.jpg 300w, https:\/\/marcali.plebania.hu\/wp-content\/uploads\/2025\/12\/09-768x512.jpg 768w, https:\/\/marcali.plebania.hu\/wp-content\/uploads\/2025\/12\/09-1536x1024.jpg 1536w, https:\/\/marcali.plebania.hu\/wp-content\/uploads\/2025\/12\/09-2048x1365.jpg 2048w, https:\/\/marcali.plebania.hu\/wp-content\/uploads\/2025\/12\/09-405x270.jpg 405w\" sizes=\"auto, (max-width: 1024px) 100vw, 1024px\" \/><\/figure>\n\n\n\n<figure class=\"wp-block-image size-large\"><img loading=\"lazy\" decoding=\"async\" width=\"1024\" height=\"683\" data-id=\"7930\" src=\"https:\/\/marcali.plebania.hu\/wp-content\/uploads\/2025\/12\/10-2-1024x683.jpg\" alt=\"\" class=\"wp-image-7930\" srcset=\"https:\/\/marcali.plebania.hu\/wp-content\/uploads\/2025\/12\/10-2-1024x683.jpg 1024w, https:\/\/marcali.plebania.hu\/wp-content\/uploads\/2025\/12\/10-2-300x200.jpg 300w, https:\/\/marcali.plebania.hu\/wp-content\/uploads\/2025\/12\/10-2-768x512.jpg 768w, https:\/\/marcali.plebania.hu\/wp-content\/uploads\/2025\/12\/10-2-1536x1024.jpg 1536w, https:\/\/marcali.plebania.hu\/wp-content\/uploads\/2025\/12\/10-2-2048x1365.jpg 2048w, https:\/\/marcali.plebania.hu\/wp-content\/uploads\/2025\/12\/10-2-405x270.jpg 405w\" sizes=\"auto, (max-width: 1024px) 100vw, 1024px\" \/><\/figure>\n\n\n\n<figure class=\"wp-block-image size-large\"><img loading=\"lazy\" decoding=\"async\" width=\"1024\" height=\"683\" data-id=\"7932\" src=\"https:\/\/marcali.plebania.hu\/wp-content\/uploads\/2025\/12\/12-1024x683.jpg\" alt=\"\" class=\"wp-image-7932\" srcset=\"https:\/\/marcali.plebania.hu\/wp-content\/uploads\/2025\/12\/12-1024x683.jpg 1024w, https:\/\/marcali.plebania.hu\/wp-content\/uploads\/2025\/12\/12-300x200.jpg 300w, https:\/\/marcali.plebania.hu\/wp-content\/uploads\/2025\/12\/12-768x512.jpg 768w, https:\/\/marcali.plebania.hu\/wp-content\/uploads\/2025\/12\/12-1536x1024.jpg 1536w, https:\/\/marcali.plebania.hu\/wp-content\/uploads\/2025\/12\/12-2048x1365.jpg 2048w, https:\/\/marcali.plebania.hu\/wp-content\/uploads\/2025\/12\/12-405x270.jpg 405w\" sizes=\"auto, (max-width: 1024px) 100vw, 1024px\" \/><\/figure>\n<\/figure>\n\n\n\n<p>Az istentiszteleten Balogh B\u00e1lint k\u00e1ntor m\u0171k\u00f6d\u00f6tt k\u00f6zre orgon\u00e1n.<\/p>\n\n\n\n<p>\u00cdrta \u00e9s fot\u00f3k: Kiss K\u00e1lm\u00e1n<\/p>\n","protected":false},"excerpt":{"rendered":"<p>2025. december 26-\u00e1n, kar\u00e1csony m\u00e1snapj\u00e1n, p\u00e9nteken a 9 \u00f3r\u00e1s szentmise v\u00e9g\u00e9n Tomanek Ferenc \u00c1ron pl\u00e9b\u00e1nos meg\u00e1ldotta az \u00faj borokat a Marcali Gy\u00fcm\u00f6lcsolt\u00f3 Boldogasszony pl\u00e9b\u00e1niatemplomban. A bortermel\u0151k \u00e9s sz\u0151l\u0151sgazd\u00e1k ilyenkor egy-egy palack \u00fajbort hoznak magukkal a term\u00e9sb\u0151l, hogy egyh\u00e1zi \u00e1ld\u00e1st is k\u00e9rjenek eg\u00e9sz \u00e9ves munk\u00e1juk eredm\u00e9nyek\u00e9ppen. V\u00e9g\u00fcl a szentmise ut\u00e1n Ferenc atya \u2013 hagyom\u00e1nyosan \u2013 a forralt bort is meg\u00e1ldotta a templom el\u0151tt, melyet Gelencs\u00e9r R\u00f3bert, egyh\u00e1zk\u00f6zs\u00e9gi test\u00fcleti tag \u00e9s csal\u00e1dja k\u00e9sz\u00edtett; illetve k\u00edn\u00e1lt a jelenl\u00e9v\u0151 h\u00edveknek, akik gyalog j\u00f6ttek \u00e9s&#8230;<\/p>\n<p class=\"read-more\"><a class=\"btn btn-default\" href=\"https:\/\/marcali.plebania.hu\/?p=7924\"> Read More<span class=\"screen-reader-text\">  Read More<\/span><\/a><\/p>\n","protected":false},"author":2,"featured_media":0,"comment_status":"closed","ping_status":"open","sticky":false,"template":"","format":"standard","meta":{"footnotes":""},"categories":[1],"tags":[],"class_list":["post-7924","post","type-post","status-publish","format-standard","hentry","category-egyeb"],"_links":{"self":[{"href":"https:\/\/marcali.plebania.hu\/index.php?rest_route=\/wp\/v2\/posts\/7924","targetHints":{"allow":["GET"]}}],"collection":[{"href":"https:\/\/marcali.plebania.hu\/index.php?rest_route=\/wp\/v2\/posts"}],"about":[{"href":"https:\/\/marcali.plebania.hu\/index.php?rest_route=\/wp\/v2\/types\/post"}],"author":[{"embeddable":true,"href":"https:\/\/marcali.plebania.hu\/index.php?rest_route=\/wp\/v2\/users\/2"}],"replies":[{"embeddable":true,"href":"https:\/\/marcali.plebania.hu\/index.php?rest_route=%2Fwp%2Fv2%2Fcomments&post=7924"}],"version-history":[{"count":1,"href":"https:\/\/marcali.plebania.hu\/index.php?rest_route=\/wp\/v2\/posts\/7924\/revisions"}],"predecessor-version":[{"id":7934,"href":"https:\/\/marcali.plebania.hu\/index.php?rest_route=\/wp\/v2\/posts\/7924\/revisions\/7934"}],"wp:attachment":[{"href":"https:\/\/marcali.plebania.hu\/index.php?rest_route=%2Fwp%2Fv2%2Fmedia&parent=7924"}],"wp:term":[{"taxonomy":"category","embeddable":true,"href":"https:\/\/marcali.plebania.hu\/index.php?rest_route=%2Fwp%2Fv2%2Fcategories&post=7924"},{"taxonomy":"post_tag","embeddable":true,"href":"https:\/\/marcali.plebania.hu\/index.php?rest_route=%2Fwp%2Fv2%2Ftags&post=7924"}],"curies":[{"name":"wp","href":"https:\/\/api.w.org\/{rel}","templated":true}]}}