{"id":7935,"date":"2026-01-03T23:07:01","date_gmt":"2026-01-03T23:07:01","guid":{"rendered":"https:\/\/marcali.plebania.hu\/?p=7935"},"modified":"2026-01-03T23:58:21","modified_gmt":"2026-01-03T23:58:21","slug":"hirdetesek-2026-januar-4-en","status":"publish","type":"post","link":"https:\/\/marcali.plebania.hu\/?p=7935","title":{"rendered":"Hirdet\u00e9sek 2026. janu\u00e1r 4-\u00e9n"},"content":{"rendered":"\n<p>Kar\u00e1csonyt k\u00f6vet\u0151 2. vas\u00e1rnap<br><strong><a href=\"https:\/\/igenaptar.katolikus.hu\/nap\/index.php?holnap=2026-01-04\" target=\"_blank\" rel=\"noreferrer noopener\">A szentmise olvasm\u00e1nyai<\/a><\/strong><\/p>\n\n\n\n<ol start=\"1\" class=\"wp-block-list\">\n<li>A <strong>\u201eTaKi\u201d<\/strong>-feladatlapot kit\u00f6lt\u0151 gyerekek a mise ut\u00e1n a sekresty\u00e9ben kaphatnak egy matric\u00e1t az advent eleje \u00f3ta \u00f6sszegy\u0171jt\u00f6tt betlehem\u00fckh\u00f6z. A gyermek kateg\u00f3ri\u00e1kban indul\u00f3k jutalmaz\u00e1sa a j\u00f6v\u0151 <span style=\"text-decoration: underline;\">szombat<\/span> esti mise v\u00e9g\u00e9n lesz, szeretettel h\u00edvjuk erre a mis\u00e9re a r\u00e9sztvev\u0151ket. A feln\u0151tt kit\u00f6lt\u0151ket pedig a <span style=\"text-decoration: underline;\">szerda<\/span>i mise ut\u00e1n, 18:00-ra v\u00e1rjuk a pl\u00e9b\u00e1ni\u00e1ra, ahol a jutalmaz\u00e1s mellett a felmer\u00fcl\u0151 k\u00e9rd\u00e9seket is megbesz\u00e9lj\u00fck.<\/li>\n\n\n\n<li>K\u00f6sz\u00f6nj\u00fck az <strong>\u00e9v v\u00e9gi h\u00e1laad\u00e1s<\/strong>on val\u00f3 r\u00e9szv\u00e9telt, illetve minden szem\u00e9lynek, csoportnak \u00e9s k\u00f6z\u00f6ss\u00e9gnek a jelenl\u00e9tet \u00e9s hozz\u00e1j\u00e1rul\u00e1st pl\u00e9b\u00e1ni\u00e1nk \u00e9let\u00e9hez a tavalyi \u00e9v sor\u00e1n.<\/li>\n\n\n\n<li><span style=\"text-decoration: underline;\">Janu\u00e1r 6-a<\/span> <strong>Urunk megjelen\u00e9s\u00e9<\/strong>nek parancsolt f\u0151\u00fcnnepe, melynek meg\u00fcnnepl\u00e9s\u00e9hez \u2013 a vas\u00e1rnaphoz hasonl\u00f3an \u2013 a szentmis\u00e9n val\u00f3 r\u00e9szv\u00e9tel is hozz\u00e1tartozik. A 17:30-kor kezd\u0151d\u0151 mise elej\u00e9n meg\u00e1ldjuk a vizet, melyb\u0151l haza is vihetnek a jelenl\u00e9v\u0151k. A szentmise ut\u00e1n kezd\u0151dik a <strong>lelki adopt\u00e1l\u00f3k tal\u00e1lkoz\u00f3ja<\/strong>.<\/li>\n\n\n\n<li>Az \u00faj \u00e9vre szeretettel aj\u00e1nljuk a \u201e<strong>Biblia egy \u00e9v alatt<\/strong>\u201d kih\u00edv\u00e1st, amelyr\u0151l r\u00e9szleteket a <em><a href=\"http:\/\/zarandok.ma\/biblia-egy-ev-alatt\/\" target=\"_blank\" rel=\"noreferrer noopener\">zarandok.ma\/bibliaegyevalatt<\/a> <\/em>internetes oldalon lehet tal\u00e1lni. A feln\u0151tt hittanon err\u0151l a kih\u00edv\u00e1sr\u00f3l is besz\u00e9l\u00fcnk a TaKi-feladatlapok mellett. Minden \u00e9rdekl\u0151d\u0151t szeretettel v\u00e1runk a pl\u00e9b\u00e1ni\u00e1n a <span style=\"text-decoration: underline;\">szerda<\/span> esti mise ut\u00e1n.<\/li>\n\n\n\n<li>A <strong>csendes szents\u00e9gim\u00e1d\u00e1si \u00f3ra<\/strong> e h\u00e9tt\u0151l kezdve \u00fajra <span style=\"text-decoration: underline;\">cs\u00fct\u00f6rt\u00f6k\u00f6nk\u00e9nt<\/span> lesz 16:00-t\u00f3l.<\/li>\n\n\n\n<li>A <strong>betlehem bont\u00e1s<\/strong>a <span style=\"text-decoration: underline;\">janu\u00e1r 17-\u00e9n<\/span> 9 \u00f3rakor kezd\u0151dik, melyhez k\u00e9rj\u00fck a h\u00edvek seg\u00edts\u00e9g\u00e9t.<\/li>\n\n\n\n<li>A kar\u00e1csonyi \u00fcnnepk\u00f6r \u00f6r\u00f6mh\u00edre, hogy \u201eaz Ige testt\u00e9 lett, \u00e9s k\u00f6z\u00f6tt\u00fcnk lakott\u201d (Jn 1,14). Ilyenkor kicsit \u201eotthonosabban\u201d gondolhatunk Istenre: az \u0151 hajl\u00e9ka ak\u00e1r a mi\u00e9nk is lehet. Az ekkor szok\u00e1sos szentelm\u00e9ny sor\u00e1n, a <a href=\"https:\/\/marcali.plebania.hu\/index.php\/hazszenteles\/\">h\u00e1z meg\u00e1ld\u00e1sa<\/a>kor k\u00f6z\u00f6sen im\u00e1dkozunk Istenhez az er\u00e9nyes csal\u00e1di \u00e9let\u00e9rt \u00e9s a gonoszt\u00f3l val\u00f3 oltalom\u00e9rt, majd meghintj\u00fck a h\u00e1z ak\u00e1r \u00f6sszes helyis\u00e9g\u00e9t szenteltv\u00edzzel, hiszen Isten bet\u00f6lti a csal\u00e1di hajl\u00e9kot, a k\u00f6z\u00f6s \u00e9letet; semmi nem idegen sz\u00e1m\u00e1ra bel\u0151le. Aki szeretn\u00e9 otthona meg\u00e1ld\u00e1s\u00e1t k\u00e9rni, t\u00f6ltse ki az al\u00e1bbi \u0171rlapot vagy hagyja meg nev\u00e9t, c\u00edm\u00e9t, el\u00e9rhet\u0151s\u00e9g\u00e9t az irod\u00e1ban vagy a sekresty\u00e9ben. Az \u00e1ld\u00e1s\u00e1nak nincs k\u00f6lts\u00e9ge \u00e9s \u00e9vente lehet k\u00e9rni.<\/li>\n<\/ol>\n\n\n\n<hr class=\"wp-block-separator has-alpha-channel-opacity\"\/>\n\n\n\n<iframe loading=\"lazy\" src=\"https:\/\/docs.google.com\/forms\/d\/e\/1FAIpQLSdn3OkHfQxjV52yrwqI8lyhhNVY6xKG1oBhl85gcW8NJYWMmg\/viewform?embedded=true\" width=\"640\" height=\"821\" frameborder=\"0\" marginheight=\"0\" marginwidth=\"0\">Bet\u00f6lt\u00e9s\u2026<\/iframe>\n\n\n\n<p><\/p>\n","protected":false},"excerpt":{"rendered":"<p>Kar\u00e1csonyt k\u00f6vet\u0151 2. vas\u00e1rnapA szentmise olvasm\u00e1nyai Bet\u00f6lt\u00e9s\u2026<\/p>\n","protected":false},"author":1,"featured_media":0,"comment_status":"closed","ping_status":"open","sticky":false,"template":"","format":"standard","meta":{"footnotes":""},"categories":[3],"tags":[],"class_list":["post-7935","post","type-post","status-publish","format-standard","hentry","category-hirdetesek"],"_links":{"self":[{"href":"https:\/\/marcali.plebania.hu\/index.php?rest_route=\/wp\/v2\/posts\/7935","targetHints":{"allow":["GET"]}}],"collection":[{"href":"https:\/\/marcali.plebania.hu\/index.php?rest_route=\/wp\/v2\/posts"}],"about":[{"href":"https:\/\/marcali.plebania.hu\/index.php?rest_route=\/wp\/v2\/types\/post"}],"author":[{"embeddable":true,"href":"https:\/\/marcali.plebania.hu\/index.php?rest_route=\/wp\/v2\/users\/1"}],"replies":[{"embeddable":true,"href":"https:\/\/marcali.plebania.hu\/index.php?rest_route=%2Fwp%2Fv2%2Fcomments&post=7935"}],"version-history":[{"count":5,"href":"https:\/\/marcali.plebania.hu\/index.php?rest_route=\/wp\/v2\/posts\/7935\/revisions"}],"predecessor-version":[{"id":7945,"href":"https:\/\/marcali.plebania.hu\/index.php?rest_route=\/wp\/v2\/posts\/7935\/revisions\/7945"}],"wp:attachment":[{"href":"https:\/\/marcali.plebania.hu\/index.php?rest_route=%2Fwp%2Fv2%2Fmedia&parent=7935"}],"wp:term":[{"taxonomy":"category","embeddable":true,"href":"https:\/\/marcali.plebania.hu\/index.php?rest_route=%2Fwp%2Fv2%2Fcategories&post=7935"},{"taxonomy":"post_tag","embeddable":true,"href":"https:\/\/marcali.plebania.hu\/index.php?rest_route=%2Fwp%2Fv2%2Ftags&post=7935"}],"curies":[{"name":"wp","href":"https:\/\/api.w.org\/{rel}","templated":true}]}}