{"id":7947,"date":"2026-01-10T23:52:15","date_gmt":"2026-01-10T23:52:15","guid":{"rendered":"https:\/\/marcali.plebania.hu\/?p=7947"},"modified":"2026-01-10T23:52:49","modified_gmt":"2026-01-10T23:52:49","slug":"hirdetesek-2026-januar-11-en","status":"publish","type":"post","link":"https:\/\/marcali.plebania.hu\/?p=7947","title":{"rendered":"Hirdet\u00e9sek 2026. janu\u00e1r 11-\u00e9n"},"content":{"rendered":"\n<p>Urunk megkeresztelked\u00e9se<br><strong><a href=\"https:\/\/igenaptar.katolikus.hu\/nap\/index.php?holnap=2026-01-11\" target=\"_blank\" rel=\"noreferrer noopener\">A szentmise olvasm\u00e1nyai<\/a><\/strong><\/p>\n\n\n\n<ol start=\"1\" class=\"wp-block-list\">\n<li>K\u00f6sz\u00f6nj\u00fck a bekapcsol\u00f3d\u00e1st az adventi <strong>\u201eTaKi\u201d<\/strong>-j\u00e1t\u00e9kba. K\u00e9rj\u00fck az \u00f6sszes r\u00e9szvev\u0151t, akik legal\u00e1bb egy feladatlapot kit\u00f6lt\u00f6ttek \u00e9s leadtak, hogy a mise ut\u00e1n a sekresty\u00e9ben vegy\u00e9k \u00e1t jutalmukat.<\/li>\n\n\n\n<li>A <strong>fatimai ima\u00f3ra <\/strong><span style=\"text-decoration: underline;\">kedden<\/span> 16:30-kor kezd\u0151dik a pl\u00e9b\u00e1niatemplomban.<\/li>\n\n\n\n<li>A <span style=\"text-decoration: underline;\">keddi<\/span> mise ut\u00e1n megbesz\u00e9l\u00e9sre h\u00edvjuk a pl\u00e9b\u00e1ni\u00e1ra mindazokat, akik <strong>\u00f6nk\u00e9ntes<\/strong>k\u00e9nt bekapcsol\u00f3dtak az <strong>\u00e9teloszt\u00e1s<\/strong>ba.<\/li>\n\n\n\n<li>A <strong>F\u00e9rfi-k\u00f6r<\/strong> tagjait \u00e9s az \u00e9rdekl\u0151d\u0151ket <span style=\"text-decoration: underline;\">szerd\u00e1n<\/span> 18:00-ra h\u00edvjuk a pl\u00e9b\u00e1ni\u00e1ra k\u00f6z\u00f6s im\u00e1ds\u00e1gra \u00e9s besz\u00e9lget\u00e9sre.<\/li>\n\n\n\n<li>A <strong>betlehem bont\u00e1sa<\/strong> <span style=\"text-decoration: underline;\">szombaton<\/span> 9:00-kor kezd\u0151dik, ehhez k\u00e9rj\u00fck a h\u00edvek seg\u00edts\u00e9g\u00e9t.<\/li>\n\n\n\n<li>A janu\u00e1r 18-t\u00f3l 25-ig tart\u00f3 nemzetk\u00f6zi <strong>\u00f6kumenikus imah\u00e9t<\/strong> keret\u00e9ben <span style=\"text-decoration: underline;\">szerd\u00e1n<\/span> (jan. 21.) 18 \u00f3rakor \u00f6kumenikus biblia\u00f3r\u00e1t tart Makra Zsolt reform\u00e1tus lelk\u00e9sz, <span style=\"text-decoration: underline;\">vas\u00e1rnap<\/span> (jan. 25.) pedig 15:00-kor kezdj\u00fck az \u00f6kumenikus istentiszteletet a reform\u00e1tus templomban.<br>Szeretettel h\u00edvunk mindenkit a tal\u00e1lkoz\u00e1sra \u00e9s a k\u00f6z\u00f6s im\u00e1dkoz\u00e1sra a krisztush\u00edv\u0151k egys\u00e9g\u00e9\u00e9rt.<\/li>\n\n\n\n<li>Aki szeretn\u00e9 <strong>otthon<\/strong>a <strong>meg\u00e1ld\u00e1s\u00e1<\/strong>t k\u00e9rni, jelentkezzen az <a href=\"https:\/\/marcali.plebania.hu\/index.php\/2025\/05\/10\/jelentkezes-a-kozelgo-plebaniai-programokra\/\">\u0171rlapon<\/a> vagy hagyja meg nev\u00e9t, c\u00edm\u00e9t, el\u00e9rhet\u0151s\u00e9g\u00e9t az irod\u00e1ban vagy a sekresty\u00e9ben! Az \u00e1ld\u00e1s\u00e1nak nincs k\u00f6lts\u00e9ge \u00e9s \u00e9vente lehet k\u00e9rni.<\/li>\n<\/ol>\n\n\n\n<p><\/p>\n","protected":false},"excerpt":{"rendered":"<p>Urunk megkeresztelked\u00e9seA szentmise olvasm\u00e1nyai<\/p>\n","protected":false},"author":1,"featured_media":0,"comment_status":"closed","ping_status":"open","sticky":false,"template":"","format":"standard","meta":{"footnotes":""},"categories":[3],"tags":[],"class_list":["post-7947","post","type-post","status-publish","format-standard","hentry","category-hirdetesek"],"_links":{"self":[{"href":"https:\/\/marcali.plebania.hu\/index.php?rest_route=\/wp\/v2\/posts\/7947","targetHints":{"allow":["GET"]}}],"collection":[{"href":"https:\/\/marcali.plebania.hu\/index.php?rest_route=\/wp\/v2\/posts"}],"about":[{"href":"https:\/\/marcali.plebania.hu\/index.php?rest_route=\/wp\/v2\/types\/post"}],"author":[{"embeddable":true,"href":"https:\/\/marcali.plebania.hu\/index.php?rest_route=\/wp\/v2\/users\/1"}],"replies":[{"embeddable":true,"href":"https:\/\/marcali.plebania.hu\/index.php?rest_route=%2Fwp%2Fv2%2Fcomments&post=7947"}],"version-history":[{"count":1,"href":"https:\/\/marcali.plebania.hu\/index.php?rest_route=\/wp\/v2\/posts\/7947\/revisions"}],"predecessor-version":[{"id":7948,"href":"https:\/\/marcali.plebania.hu\/index.php?rest_route=\/wp\/v2\/posts\/7947\/revisions\/7948"}],"wp:attachment":[{"href":"https:\/\/marcali.plebania.hu\/index.php?rest_route=%2Fwp%2Fv2%2Fmedia&parent=7947"}],"wp:term":[{"taxonomy":"category","embeddable":true,"href":"https:\/\/marcali.plebania.hu\/index.php?rest_route=%2Fwp%2Fv2%2Fcategories&post=7947"},{"taxonomy":"post_tag","embeddable":true,"href":"https:\/\/marcali.plebania.hu\/index.php?rest_route=%2Fwp%2Fv2%2Ftags&post=7947"}],"curies":[{"name":"wp","href":"https:\/\/api.w.org\/{rel}","templated":true}]}}