{"id":7950,"date":"2026-01-16T18:51:21","date_gmt":"2026-01-16T18:51:21","guid":{"rendered":"https:\/\/marcali.plebania.hu\/?p=7950"},"modified":"2026-01-16T18:51:21","modified_gmt":"2026-01-16T18:51:21","slug":"hirdetesek-2026-januar-18-an","status":"publish","type":"post","link":"https:\/\/marcali.plebania.hu\/?p=7950","title":{"rendered":"Hirdet\u00e9sek 2026. janu\u00e1r 18-\u00e1n"},"content":{"rendered":"\n<p>\u00c9vk\u00f6zi 2. vas\u00e1rnap<br><a href=\"https:\/\/igenaptar.katolikus.hu\/nap\/index.php?holnap=2026-01-18\">A szentmise olvasm\u00e1nyai<\/a><\/p>\n\n\n\n<ol start=\"1\" class=\"wp-block-list\">\n<li>A szombatra (jan. 17.) tervezett <strong>betlehem bont\u00e1s<\/strong>\u00e1t elnapoljuk az enyh\u00e9bb<strong> <\/strong>id\u0151 meg\u00e9rkez\u00e9s\u00e9ig.<\/li>\n\n\n\n<li>Ma kezd\u0151dik a nemzetk\u00f6zi <strong>\u00f6kumenikus imah\u00e9t<\/strong>, melynek keret\u00e9ben szerd\u00e1n 18 \u00f3rakor \u00f6kumenikus biblia\u00f3r\u00e1t tart a k\u00f6z\u00f6ss\u00e9gi h\u00e1zban (D\u00f3zsa u. 3.) Makra Zsolt reform\u00e1tus lelk\u00e9sz. A biblia\u00f3ra ut\u00e1n agap\u00e9t tartunk a helysz\u00ednen, melyhez k\u00e9rj\u00fck h\u00edvek hozz\u00e1j\u00e1rul\u00e1s\u00e1t enni- vagy innival\u00f3val. Vas\u00e1rnap (jan. 25.), az \u00f6kumeninkus imah\u00e9t z\u00e1r\u00f3napj\u00e1n 15:00-kor kezdj\u00fck az \u00f6kumenikus istentiszteletet a reform\u00e1tus templomban.<br>Szeretettel h\u00edvunk mindenkit a tal\u00e1lkoz\u00e1sra \u00e9s a k\u00f6z\u00f6s im\u00e1dkoz\u00e1sra a krisztush\u00edv\u0151k egys\u00e9g\u00e9\u00e9rt.<\/li>\n\n\n\n<li>K\u00f6sz\u00f6nj\u00fck a t\u00e9v\u00e9<strong>k\u00f6zvet\u00edt\u00e9s<\/strong> fejleszt\u00e9s\u00e9re adott eddigi adom\u00e1nyokat. Az eszk\u00f6z\u00f6kre m\u00e1r \u00f6sszegy\u0171lt a p\u00e9nz, leadtuk a megrendel\u00e9st. Az \u00e9l\u0151 k\u00f6zvet\u00edt\u00e9st is lehet\u0151v\u00e9 t\u00e9v\u0151 m\u0171sorbaker\u00fcl\u00e9s d\u00edj\u00e1ra k\u00f6sz\u00f6nettel fogadjuk a tov\u00e1bbi adom\u00e1nyokat.<\/li>\n\n\n\n<li>Aki szeretn\u00e9 <strong>otthon<\/strong>a <strong>meg\u00e1ld\u00e1s\u00e1<\/strong>t k\u00e9rni, jelentkezzen a honlapunkon tal\u00e1lhat\u00f3 <a href=\"https:\/\/marcali.plebania.hu\/index.php\/2025\/05\/10\/jelentkezes-a-kozelgo-plebaniai-programokra\/\" target=\"_blank\" rel=\"noreferrer noopener\"><u>\u0171rlapon<\/u><\/a> vagy hagyja meg nev\u00e9t, c\u00edm\u00e9t, el\u00e9rhet\u0151s\u00e9g\u00e9t az irod\u00e1ban vagy a sekresty\u00e9ben! Az \u00e1ld\u00e1s\u00e1nak nincs k\u00f6lts\u00e9ge \u00e9s \u00e9vente lehet k\u00e9rni.<\/li>\n<\/ol>\n\n\n\n<p><\/p>\n","protected":false},"excerpt":{"rendered":"<p>\u00c9vk\u00f6zi 2. vas\u00e1rnapA szentmise olvasm\u00e1nyai<\/p>\n","protected":false},"author":1,"featured_media":0,"comment_status":"closed","ping_status":"open","sticky":false,"template":"","format":"standard","meta":{"footnotes":""},"categories":[3],"tags":[],"class_list":["post-7950","post","type-post","status-publish","format-standard","hentry","category-hirdetesek"],"_links":{"self":[{"href":"https:\/\/marcali.plebania.hu\/index.php?rest_route=\/wp\/v2\/posts\/7950","targetHints":{"allow":["GET"]}}],"collection":[{"href":"https:\/\/marcali.plebania.hu\/index.php?rest_route=\/wp\/v2\/posts"}],"about":[{"href":"https:\/\/marcali.plebania.hu\/index.php?rest_route=\/wp\/v2\/types\/post"}],"author":[{"embeddable":true,"href":"https:\/\/marcali.plebania.hu\/index.php?rest_route=\/wp\/v2\/users\/1"}],"replies":[{"embeddable":true,"href":"https:\/\/marcali.plebania.hu\/index.php?rest_route=%2Fwp%2Fv2%2Fcomments&post=7950"}],"version-history":[{"count":1,"href":"https:\/\/marcali.plebania.hu\/index.php?rest_route=\/wp\/v2\/posts\/7950\/revisions"}],"predecessor-version":[{"id":7951,"href":"https:\/\/marcali.plebania.hu\/index.php?rest_route=\/wp\/v2\/posts\/7950\/revisions\/7951"}],"wp:attachment":[{"href":"https:\/\/marcali.plebania.hu\/index.php?rest_route=%2Fwp%2Fv2%2Fmedia&parent=7950"}],"wp:term":[{"taxonomy":"category","embeddable":true,"href":"https:\/\/marcali.plebania.hu\/index.php?rest_route=%2Fwp%2Fv2%2Fcategories&post=7950"},{"taxonomy":"post_tag","embeddable":true,"href":"https:\/\/marcali.plebania.hu\/index.php?rest_route=%2Fwp%2Fv2%2Ftags&post=7950"}],"curies":[{"name":"wp","href":"https:\/\/api.w.org\/{rel}","templated":true}]}}