{"id":7955,"date":"2026-01-24T21:00:42","date_gmt":"2026-01-24T21:00:42","guid":{"rendered":"https:\/\/marcali.plebania.hu\/?p=7955"},"modified":"2026-01-24T21:00:42","modified_gmt":"2026-01-24T21:00:42","slug":"hirdetesek-2026-januar-25-en","status":"publish","type":"post","link":"https:\/\/marcali.plebania.hu\/?p=7955","title":{"rendered":"Hirdet\u00e9sek 2026. janu\u00e1r 25-\u00e9n"},"content":{"rendered":"\n<p>\u00c9vk\u00f6zi 3. vas\u00e1rnap &#8211; Isten ig\u00e9je vas\u00e1rnapja<br><a href=\"https:\/\/igenaptar.katolikus.hu\/nap\/index.php?holnap=2026-01-25\" target=\"_blank\" rel=\"noreferrer noopener\"><u>A szentmise olvasm\u00e1nyai<\/u><\/a><\/p>\n\n\n\n<ol start=\"1\" class=\"wp-block-list\">\n<li><span style=\"text-decoration: underline;\">Ma<\/span> 11 \u00f3rakor nem lesz szentmise Biz\u00e9n.<\/li>\n\n\n\n<li>K\u00f6sz\u00f6nj\u00fck a <span style=\"text-decoration: underline;\">szerdai<\/span> \u00f6kumenikus ima\u00f3r\u00e1n val\u00f3 r\u00e9szv\u00e9telt a k\u00f6z\u00f6ss\u00e9gi h\u00e1zban, \u00e9s k\u00f6sz\u00f6n\u00fcnk minden hozz\u00e1j\u00e1rul\u00e1st az agap\u00e9hoz. <span style=\"text-decoration: underline;\">Ma<\/span>, az <strong>\u00f6kumenikus imah\u00e9t<\/strong> z\u00e1r\u00f3napj\u00e1n 15:00-kor kezd\u0151dik az \u00f6kumenikus istentiszteletet a reform\u00e1tus templomban.<\/li>\n\n\n\n<li>A <strong>F\u00e9rfi k\u00f6r<\/strong> k\u00f6vetkez\u0151 tal\u00e1lkoz\u00f3j\u00e1t <span style=\"text-decoration: underline;\">szerd\u00e1n<\/span> 18:00-t\u00f3l tartjuk a pl\u00e9b\u00e1ni\u00e1n.<\/li>\n\n\n\n<li>A <strong>Karit\u00e1sz<\/strong> megbesz\u00e9l\u00e9s a <span style=\"text-decoration: underline;\">cs\u00fct\u00f6rt\u00f6k<\/span> esti mise ut\u00e1n (kb. 18:00-t\u00f3l) lesz a pl\u00e9b\u00e1ni\u00e1n.<\/li>\n\n\n\n<li>K\u00f6sz\u00f6nj\u00fck a t\u00e9v\u00e9<strong>k\u00f6zvet\u00edt\u00e9s<\/strong> fejleszt\u00e9s\u00e9re adott eddigi adom\u00e1nyokat: leadtuk a megrendel\u00e9st az \u00faj eszk\u00f6z\u00f6kre \u00e9s azok be\u00fczemel\u00e9s\u00e9re. Az \u00e9l\u0151 k\u00f6zvet\u00edt\u00e9st is lehet\u0151v\u00e9 t\u00e9v\u0151 m\u0171sorbaker\u00fcl\u00e9s k\u00f6lts\u00e9geire k\u00f6sz\u00f6nettel fogadunk tov\u00e1bbi adom\u00e1nyokat.<\/li>\n\n\n\n<li>A k\u00fclt\u00e9ri adventi koszor\u00fa \u00e9s a <strong>betlehem bont\u00e1sa <\/strong><span style=\"text-decoration: underline;\">szombaton<\/span> 9:00-kor kezd\u0151dik, ehhez k\u00e9rj\u00fck a h\u00edvek seg\u00edts\u00e9g\u00e9t.<\/li>\n\n\n\n<li><span style=\"text-decoration: underline;\">Febru\u00e1r 7-ig<\/span> minden lelkip\u00e1sztori \u00fcgyben Galambos Feri atya lesz el\u00e9rhet\u0151.<\/li>\n\n\n\n<li>J\u00f6v\u0151 <span style=\"text-decoration: underline;\">vas\u00e1rnap<\/span> (febr. 1.) Gomb\u00e1n <strong>igeliturgia<\/strong> lesz 11:00-kor.<\/li>\n\n\n\n<li>Isten ig\u00e9je vas\u00e1rnapj\u00e1nak alkalm\u00e1b\u00f3l szeretettel aj\u00e1nljuk a \u201e<strong>Biblia egy \u00e9v alatt<\/strong>\u201d kih\u00edv\u00e1st, amelyr\u0151l r\u00e9szleteket a <em><a href=\"http:\/\/zarandok.ma\/biblia-egy-ev-alatt\/\" target=\"_blank\" rel=\"noreferrer noopener\"><u>zarandok.ma\/bibliaegyevalatt<\/u><\/a><\/em><em> <\/em>internetes oldalon lehet tal\u00e1lni.<\/li>\n\n\n\n<li><strong>J\u00e1t\u00e9kos farsangi d\u00e9lut\u00e1n<\/strong>ra h\u00edvjuk az \u00e9rdekl\u0151d\u0151 hittanosokat a K\u00f6z\u00f6ss\u00e9gi h\u00e1zba (D\u00f3zsa u. 3.) <span style=\"text-decoration: underline;\">febru\u00e1r 7-\u00e9n <\/span>15:00-t\u00f3l 17:00-ig. Jelentkezni febr. 3-ig lehet a honlapon is el\u00e9rhet\u0151 <a href=\"https:\/\/forms.gle\/hmU8K3ajfa33Yhie7\" target=\"_blank\" rel=\"noreferrer noopener\">\u0171rlapon<\/a>.<\/li>\n\n\n\n<li>Az idei <strong>H\u00e1zass\u00e1g hete<\/strong>, melynek mott\u00f3ja \u201eA h\u0171s\u00e9g szabads\u00e1ga\u201d, febru\u00e1r 8-\u00e1n kezd\u0151dik. Ez alkalomb\u00f3l minden \u00e9rdekl\u0151d\u0151 h\u00e1zasp\u00e1rt szeretettel h\u00edvunk a pl\u00e9b\u00e1ni\u00e1ra egy <strong>H\u00e1zasKv\u00edz<\/strong> j\u00e1t\u00e9kra p\u00e9nteken az esti mise ut\u00e1n (<span style=\"text-decoration: underline;\">febr. 13-\u00e1n<\/span> 18:15-t\u0151l), valamint egy t\u00f6bbalkalmas, kapcsolat\u00e9p\u00edt\u0151 <strong>H\u00e1zaskurzus<\/strong>t is szervez\u00fcnk. A pl\u00e9b\u00e1niai programokra a honlapunkon el\u00e9rhet\u0151 \u0171rlapon febru\u00e1r 8-ig v\u00e1rjuk a jelentkez\u00e9seket.<\/li>\n<\/ol>\n\n\n\n<p><\/p>\n","protected":false},"excerpt":{"rendered":"<p>\u00c9vk\u00f6zi 3. vas\u00e1rnap &#8211; Isten ig\u00e9je vas\u00e1rnapjaA szentmise olvasm\u00e1nyai<\/p>\n","protected":false},"author":1,"featured_media":0,"comment_status":"closed","ping_status":"open","sticky":false,"template":"","format":"standard","meta":{"footnotes":""},"categories":[3],"tags":[],"class_list":["post-7955","post","type-post","status-publish","format-standard","hentry","category-hirdetesek"],"_links":{"self":[{"href":"https:\/\/marcali.plebania.hu\/index.php?rest_route=\/wp\/v2\/posts\/7955","targetHints":{"allow":["GET"]}}],"collection":[{"href":"https:\/\/marcali.plebania.hu\/index.php?rest_route=\/wp\/v2\/posts"}],"about":[{"href":"https:\/\/marcali.plebania.hu\/index.php?rest_route=\/wp\/v2\/types\/post"}],"author":[{"embeddable":true,"href":"https:\/\/marcali.plebania.hu\/index.php?rest_route=\/wp\/v2\/users\/1"}],"replies":[{"embeddable":true,"href":"https:\/\/marcali.plebania.hu\/index.php?rest_route=%2Fwp%2Fv2%2Fcomments&post=7955"}],"version-history":[{"count":1,"href":"https:\/\/marcali.plebania.hu\/index.php?rest_route=\/wp\/v2\/posts\/7955\/revisions"}],"predecessor-version":[{"id":7956,"href":"https:\/\/marcali.plebania.hu\/index.php?rest_route=\/wp\/v2\/posts\/7955\/revisions\/7956"}],"wp:attachment":[{"href":"https:\/\/marcali.plebania.hu\/index.php?rest_route=%2Fwp%2Fv2%2Fmedia&parent=7955"}],"wp:term":[{"taxonomy":"category","embeddable":true,"href":"https:\/\/marcali.plebania.hu\/index.php?rest_route=%2Fwp%2Fv2%2Fcategories&post=7955"},{"taxonomy":"post_tag","embeddable":true,"href":"https:\/\/marcali.plebania.hu\/index.php?rest_route=%2Fwp%2Fv2%2Ftags&post=7955"}],"curies":[{"name":"wp","href":"https:\/\/api.w.org\/{rel}","templated":true}]}}