{"id":7959,"date":"2026-02-03T10:47:19","date_gmt":"2026-02-03T10:47:19","guid":{"rendered":"https:\/\/marcali.plebania.hu\/?p=7959"},"modified":"2026-02-07T23:38:11","modified_gmt":"2026-02-07T23:38:11","slug":"hirdetesek-2026-februar-1-en","status":"publish","type":"post","link":"https:\/\/marcali.plebania.hu\/?p=7959","title":{"rendered":"Hirdet\u00e9sek 2026. febru\u00e1r 1-j\u00e9n"},"content":{"rendered":"\n<p><a href=\"https:\/\/igenaptar.katolikus.hu\/nap\/index.php?holnap=2026-02-01\" target=\"_blank\" rel=\"noreferrer noopener\"><u>\u00c9vk\u00f6zi 4. vas\u00e1rnap<\/u><\/a><\/p>\n\n\n\n<ol start=\"1\" class=\"wp-block-list\">\n<li>K\u00f6sz\u00f6nj\u00fck az <strong>\u00f6kumenikus imah\u00e9t<\/strong> programjaiba val\u00f3 bekapcsol\u00f3d\u00e1st<\/li>\n\n\n\n<li>Ma 11 \u00f3rakor Gomb\u00e1n igeliturgia lesz.<\/li>\n\n\n\n<li>K\u00f6sz\u00f6nj\u00fck a k\u00fclt\u00e9ri <strong>betlehem \u00e9s az adventi koszor\u00fa bont\u00e1s\u00e1hoz <\/strong>ny\u00fajtott seg\u00edts\u00e9get.<\/li>\n\n\n\n<li>Kedden az esti szentmis\u00e9ben bal\u00e1zsol\u00e1s is lesz. Aki kedden nem r\u00e9szes\u00fcl benne, a szombati \u00e9s a vas\u00e1rnapi (febr. 7-8.) szentmis\u00e9k v\u00e9g\u00e9n is k\u00e9rhet <strong>Bal\u00e1zs-\u00e1ld\u00e1s<\/strong>t torokbetegs\u00e9g \u00e9s minden m\u00e1s baj ellen.<\/li>\n\n\n\n<li>A <strong>feln\u0151tt hittan, szents\u00e9gi felk\u00e9sz\u00edt\u0151<\/strong> szerd\u00e1n 18:00-kor kezd\u0151dik a pl\u00e9b\u00e1ni\u00e1n.<\/li>\n\n\n\n<li>Az els\u0151\u00e1ldoz\u00e1si \u00e9s b\u00e9rm\u00e1l\u00e1si felk\u00e9sz\u00edt\u0151 ut\u00e1n, szombaton 15:00-kor kezd\u0151dik a j<strong>\u00e1t\u00e9kos farsangi d\u00e9lut\u00e1n<\/strong> a pl\u00e9b\u00e1nia k\u00f6z\u00f6ss\u00e9gi h\u00e1z\u00e1ban (D\u00f3zsa u. 3.). Minden hittanos iskol\u00e1st szeretettel v\u00e1runk. Jelentkezni keddig lehet a honlapon is el\u00e9rhet\u0151 <a href=\"https:\/\/forms.gle\/hmU8K3ajfa33Yhie7\" target=\"_blank\" rel=\"noreferrer noopener\"><u>\u0171rlapon<\/u><\/a>.<\/li>\n\n\n\n<li>K\u00f6sz\u00f6n\u00fcnk minden eddigi adom\u00e1nyt a t\u00e9v\u00e9<strong>k\u00f6zvet\u00edt\u00e9s<\/strong> fejleszt\u00e9s\u00e9re.<\/li>\n\n\n\n<li>Szombatig minden lelkip\u00e1sztori \u00fcgyben Galambos Feri atya lesz el\u00e9rhet\u0151.<\/li>\n\n\n\n<li>Vas\u00e1rnap a 9 \u00f3rai szentmise ut\u00e1n <strong>gyertyaszentel\u00e9s<\/strong> is lesz. Aki szeretne gyerty\u00e1t meg\u00e1ldatni, hozzon mag\u00e1val erre a szentmis\u00e9re.<\/li>\n\n\n\n<li>Az idei <strong>H\u00e1zass\u00e1g hete<\/strong>, melynek mott\u00f3ja \u201eA h\u0171s\u00e9g szabads\u00e1ga\u201d, j\u00f6v\u0151 vas\u00e1rnap kezd\u0151dik. Szeretettel aj\u00e1nljuk a k\u00f6vetkez\u0151 pl\u00e9b\u00e1niai programokat erre a h\u00e9tre:\n<ol start=\"1\" class=\"wp-block-list\">\n<li>kedden (febr. 10. 18:15) <strong>t\u00e1rsast\u00e1nc<\/strong>-\u00f3ra a k\u00f6z\u00f6ss\u00e9gi h\u00e1zban, oktat\u00f3 vezet\u00e9s\u00e9vel, amelyre b\u00e1rki j\u00f6het, t\u00e1ncpartner\u00e9vel egy\u00fctt.<\/li>\n\n\n\n<li>p\u00e9nteken (febr. 13-\u00e1n 18:15) \u201e<strong>H\u00e1zasKv\u00edz<\/strong>\u201d-re h\u00edvunk a pl\u00e9b\u00e1ni\u00e1ra minden p\u00e1rt, aki szeret j\u00e1tszani.<\/li>\n\n\n\n<li>a h\u00e9t z\u00e1r\u00e1sak\u00e9nt vas\u00e1rnap (febr. 15.) a 9 \u00f3rai mis\u00e9n k\u00fcl\u00f6n \u00e1ld\u00e1st kaphat minden h\u00e1zasp\u00e1r, aki szents\u00e9gi h\u00e1zass\u00e1gban \u00e9l. A jubil\u00e1l\u00f3 h\u00e1zasp\u00e1rokat arra k\u00e9rj\u00fck, jelezz\u00e9k r\u00e9szv\u00e9teli sz\u00e1nd\u00e9kukat.<\/li>\n<\/ol>\n<\/li>\n<\/ol>\n\n\n\n<p>A H\u00e1zass\u00e1g hete programjaira az itt el\u00e9rhet\u0151 <a href=\"https:\/\/forms.gle\/uzKPS8ihaao4G3McA\" target=\"_blank\" rel=\"noreferrer noopener\"><u>\u0171rlapon<\/u><\/a> j\u00f6v\u0151 vas\u00e1rnapig v\u00e1rjuk a jelentkez\u00e9seket, vagy az irod\u00e1ban. A h\u00e9t folytat\u00e1sak\u00e9nt pedig egy t\u00f6bbalkalmas, kapcsolat\u00e9p\u00edt\u0151 <strong>H\u00e1zaskurzus<\/strong>t is szervez\u00fcnk az \u00e9rdekl\u0151d\u0151knek, amelynek r\u00e9szleteit a H\u00e1zass\u00e1g hete alatt hirdetj\u00fck.<\/p>\n","protected":false},"excerpt":{"rendered":"<p>\u00c9vk\u00f6zi 4. vas\u00e1rnap A H\u00e1zass\u00e1g hete programjaira az itt el\u00e9rhet\u0151 \u0171rlapon j\u00f6v\u0151 vas\u00e1rnapig v\u00e1rjuk a jelentkez\u00e9seket, vagy az irod\u00e1ban. A h\u00e9t folytat\u00e1sak\u00e9nt pedig egy t\u00f6bbalkalmas, kapcsolat\u00e9p\u00edt\u0151 H\u00e1zaskurzust is szervez\u00fcnk az \u00e9rdekl\u0151d\u0151knek, amelynek r\u00e9szleteit a H\u00e1zass\u00e1g hete alatt hirdetj\u00fck.<\/p>\n","protected":false},"author":2,"featured_media":0,"comment_status":"closed","ping_status":"open","sticky":false,"template":"","format":"standard","meta":{"footnotes":""},"categories":[1],"tags":[],"class_list":["post-7959","post","type-post","status-publish","format-standard","hentry","category-egyeb"],"_links":{"self":[{"href":"https:\/\/marcali.plebania.hu\/index.php?rest_route=\/wp\/v2\/posts\/7959","targetHints":{"allow":["GET"]}}],"collection":[{"href":"https:\/\/marcali.plebania.hu\/index.php?rest_route=\/wp\/v2\/posts"}],"about":[{"href":"https:\/\/marcali.plebania.hu\/index.php?rest_route=\/wp\/v2\/types\/post"}],"author":[{"embeddable":true,"href":"https:\/\/marcali.plebania.hu\/index.php?rest_route=\/wp\/v2\/users\/2"}],"replies":[{"embeddable":true,"href":"https:\/\/marcali.plebania.hu\/index.php?rest_route=%2Fwp%2Fv2%2Fcomments&post=7959"}],"version-history":[{"count":2,"href":"https:\/\/marcali.plebania.hu\/index.php?rest_route=\/wp\/v2\/posts\/7959\/revisions"}],"predecessor-version":[{"id":7969,"href":"https:\/\/marcali.plebania.hu\/index.php?rest_route=\/wp\/v2\/posts\/7959\/revisions\/7969"}],"wp:attachment":[{"href":"https:\/\/marcali.plebania.hu\/index.php?rest_route=%2Fwp%2Fv2%2Fmedia&parent=7959"}],"wp:term":[{"taxonomy":"category","embeddable":true,"href":"https:\/\/marcali.plebania.hu\/index.php?rest_route=%2Fwp%2Fv2%2Fcategories&post=7959"},{"taxonomy":"post_tag","embeddable":true,"href":"https:\/\/marcali.plebania.hu\/index.php?rest_route=%2Fwp%2Fv2%2Ftags&post=7959"}],"curies":[{"name":"wp","href":"https:\/\/api.w.org\/{rel}","templated":true}]}}