{"id":7970,"date":"2026-02-07T23:47:03","date_gmt":"2026-02-07T23:47:03","guid":{"rendered":"https:\/\/marcali.plebania.hu\/?p=7970"},"modified":"2026-02-07T23:47:03","modified_gmt":"2026-02-07T23:47:03","slug":"hirdetesek-2026-februar-8-an","status":"publish","type":"post","link":"https:\/\/marcali.plebania.hu\/?p=7970","title":{"rendered":"Hirdet\u00e9sek 2026. febru\u00e1r 8-\u00e1n"},"content":{"rendered":"\n<p>\u00c9vk\u00f6zi 5. vas\u00e1rnap<br><a href=\"https:\/\/igenaptar.katolikus.hu\/nap\/index.php?holnap=2026-02-08\">A szentmise olvasm\u00e1nyai<\/a><\/p>\n\n\n\n<ol class=\"wp-block-list\">\n<li>A <span style=\"text-decoration: underline;\">szombati<\/span> \u00e9s a <span style=\"text-decoration: underline;\">vas\u00e1rnapi<\/span> szentmis\u00e9k v\u00e9g\u00e9n minden h\u00edv\u0151 k\u00e9rhet <strong>Bal\u00e1zs-\u00e1ld\u00e1s<\/strong>t torokbetegs\u00e9g \u00e9s minden m\u00e1s baj ellen.<\/li>\n\n\n\n<li><span style=\"text-decoration: underline;\">Vas\u00e1rnap<\/span> a 9 \u00f3rai szentmise ut\u00e1n <strong>gyertyaszentel\u00e9s<\/strong> is lesz. Aki szeretne gyerty\u00e1t meg\u00e1ldatni, hozzon mag\u00e1val erre a szentmis\u00e9re.<\/li>\n\n\n\n<li>K\u00f6sz\u00f6nj\u00fck a <strong>j\u00e1t\u00e9kos farsangi d\u00e9lut\u00e1n<\/strong>on val\u00f3 r\u00e9szv\u00e9telt \u00e9s k\u00f6sz\u00f6nj\u00fck minden szervez\u0151 \u00e9s seg\u00edt\u0151 munk\u00e1j\u00e1t.<\/li>\n\n\n\n<li><span style=\"text-decoration: underline;\">Ma<\/span> kezd\u0151dik az idei <strong>H\u00e1zass\u00e1g hete<\/strong>, melynek mott\u00f3ja \u201eA h\u0171s\u00e9g szabads\u00e1ga\u201d. Szeretettel aj\u00e1nljuk a k\u00f6vetkez\u0151 pl\u00e9b\u00e1niai programokat erre a h\u00e9tre:\n<ol start=\"1\" class=\"wp-block-list\">\n<li><span style=\"text-decoration: underline;\">kedden<\/span> (febr. 10. 18:15) <strong>t\u00e1rsast\u00e1nc<\/strong>-\u00f3ra a k\u00f6z\u00f6ss\u00e9gi h\u00e1zban, oktat\u00f3 vezet\u00e9s\u00e9vel, amelyre b\u00e1rki j\u00f6het, t\u00e1ncpartner\u00e9vel egy\u00fctt.<\/li>\n\n\n\n<li><span style=\"text-decoration: underline;\">p\u00e9nteken<\/span> (febr. 13-\u00e1n 18:15) \u201e<strong>H\u00e1zasKv\u00edz<\/strong>\u201d-re h\u00edvunk a pl\u00e9b\u00e1ni\u00e1ra minden p\u00e1rt, aki szeret j\u00e1tszani.<\/li>\n\n\n\n<li>a h\u00e9t z\u00e1r\u00e1sak\u00e9nt <span style=\"text-decoration: underline;\">vas\u00e1rnap<\/span> (febr. 15.) a 9 \u00f3rai mis\u00e9n <strong>k\u00fcl\u00f6n \u00e1ld\u00e1s<\/strong>t kaphat minden h\u00e1zasp\u00e1r, aki szents\u00e9gi h\u00e1zass\u00e1gban \u00e9l. A jubil\u00e1l\u00f3 h\u00e1zasp\u00e1rokat arra k\u00e9rj\u00fck, jelezz\u00e9k r\u00e9szv\u00e9teli sz\u00e1nd\u00e9kukat.<br>A H\u00e1zass\u00e1g hete programjaira az itt el\u00e9rhet\u0151 <a href=\"https:\/\/forms.gle\/uzKPS8ihaao4G3McA\" target=\"_blank\" rel=\"noreferrer noopener\"><u>\u0171rlapon<\/u><\/a> ma estig v\u00e1rjuk a jelentkez\u00e9seket, vagy az irod\u00e1ban. A h\u00e9t folytat\u00e1sak\u00e9nt pedig egy t\u00f6bbalkalmas, kapcsolat\u00e9p\u00edt\u0151 <strong>H\u00e1zaskurzus<\/strong>t is szervez\u00fcnk az \u00e9rdekl\u0151d\u0151knek, amelynek r\u00e9szleteit a H\u00e1zass\u00e1g hete alatt hirdetj\u00fck.<\/li>\n<\/ol>\n<\/li>\n\n\n\n<li>A <strong>F\u00e9rfi k\u00f6r <\/strong><span style=\"text-decoration: underline;\">szerd\u00e1n<\/span> 18:00-kor kezd\u0151dik a pl\u00e9b\u00e1ni\u00e1n.<\/li>\n\n\n\n<li>A betegek vil\u00e1gnapj\u00e1n (febr. 11-\u00e9n, <span style=\"text-decoration: underline;\">szerd\u00e1n<\/span>) a szentmise v\u00e9g\u00e9n lehet\u0151s\u00e9g lesz a <strong>betegek kenet\u00e9<\/strong>ben r\u00e9szes\u00fclni. Ez a szents\u00e9g a gy\u00f3gyul\u00e1s szents\u00e9ge, a neh\u00e9zs\u00e9geinkben is vel\u00fcnk l\u00e9v\u0151 Isten aj\u00e1nd\u00e9ka: a szent kenet meger\u0151s\u00edt az Istenbe vetett bizalomban, er\u0151t ad a k\u00eds\u00e9rt\u00e9sek ellen, s alkalmass\u00e1 tesz arra, hogy a betegs\u00e9get er\u0151s l\u00e9lekkel viselj\u00fck. Seg\u00edti gy\u00f3gyul\u00e1sunkat, ha az szolg\u00e1l \u00fcdv\u00f6ss\u00e9g\u00fcnkre, illetve, ha f\u00f6ldi \u00e9let\u00fcnk v\u00e9g\u00e9hez \u00e9r\u00fcnk, \u00e1ltala k\u00e9rj\u00fck Isten seg\u00edts\u00e9g\u00e9t, hogy Bel\u00e9 vetett hittel \u00e9s bizalommal l\u00e9pj\u00fcnk \u00e1t a f\u00f6ldib\u0151l az \u00f6r\u00f6k \u00e9letbe. Az a katolikus h\u00edv\u0151 k\u00e9rheti e szents\u00e9get, \u201eaki betegs\u00e9g vagy \u00f6regs\u00e9g miatt vesz\u00e9lybe ker\u00fcl.\u201d Meg lehet ism\u00e9telni, ha a beteg a fel\u00e9p\u00fcl\u00e9se ut\u00e1n \u00fajra s\u00falyos betegs\u00e9gbe esik, vagy a vesz\u00e9ly s\u00falyosabb\u00e1 v\u00e1lik. (Egyh\u00e1zi T\u00f6rv\u00e9nyk\u00f6nyv, 1004. k\u00e1non) Ezt a szents\u00e9get is csak kegyelmi \u00e1llapotban szabad felvenni, szentgy\u00f3n\u00e1ssal is k\u00e9sz\u00fclj\u00fcnk fel r\u00e1! Aki szerd\u00e1n nem tud elj\u00f6nni a templomba, a szombat esti mise ut\u00e1n r\u00e9szes\u00fclhet benne. Sz\u00fcks\u00e9ghelyzetben b\u00e1rmikor k\u00e9rhet\u0151, nemcsak a templomban, hanem otthon vagy a k\u00f3rh\u00e1zban is.<\/li>\n\n\n\n<li>A <strong>fatimai ima\u00f3ra<\/strong> <span style=\"text-decoration: underline;\">p\u00e9nteken<\/span> 16:30-kor kezd\u0151dik a pl\u00e9b\u00e1niatemplomban.<\/li>\n<\/ol>\n\n\n\n<p><\/p>\n","protected":false},"excerpt":{"rendered":"<p>\u00c9vk\u00f6zi 5. vas\u00e1rnapA szentmise olvasm\u00e1nyai<\/p>\n","protected":false},"author":1,"featured_media":0,"comment_status":"closed","ping_status":"open","sticky":false,"template":"","format":"standard","meta":{"footnotes":""},"categories":[3],"tags":[],"class_list":["post-7970","post","type-post","status-publish","format-standard","hentry","category-hirdetesek"],"_links":{"self":[{"href":"https:\/\/marcali.plebania.hu\/index.php?rest_route=\/wp\/v2\/posts\/7970","targetHints":{"allow":["GET"]}}],"collection":[{"href":"https:\/\/marcali.plebania.hu\/index.php?rest_route=\/wp\/v2\/posts"}],"about":[{"href":"https:\/\/marcali.plebania.hu\/index.php?rest_route=\/wp\/v2\/types\/post"}],"author":[{"embeddable":true,"href":"https:\/\/marcali.plebania.hu\/index.php?rest_route=\/wp\/v2\/users\/1"}],"replies":[{"embeddable":true,"href":"https:\/\/marcali.plebania.hu\/index.php?rest_route=%2Fwp%2Fv2%2Fcomments&post=7970"}],"version-history":[{"count":1,"href":"https:\/\/marcali.plebania.hu\/index.php?rest_route=\/wp\/v2\/posts\/7970\/revisions"}],"predecessor-version":[{"id":7971,"href":"https:\/\/marcali.plebania.hu\/index.php?rest_route=\/wp\/v2\/posts\/7970\/revisions\/7971"}],"wp:attachment":[{"href":"https:\/\/marcali.plebania.hu\/index.php?rest_route=%2Fwp%2Fv2%2Fmedia&parent=7970"}],"wp:term":[{"taxonomy":"category","embeddable":true,"href":"https:\/\/marcali.plebania.hu\/index.php?rest_route=%2Fwp%2Fv2%2Fcategories&post=7970"},{"taxonomy":"post_tag","embeddable":true,"href":"https:\/\/marcali.plebania.hu\/index.php?rest_route=%2Fwp%2Fv2%2Ftags&post=7970"}],"curies":[{"name":"wp","href":"https:\/\/api.w.org\/{rel}","templated":true}]}}