{"id":7976,"date":"2026-02-14T22:49:45","date_gmt":"2026-02-14T22:49:45","guid":{"rendered":"https:\/\/marcali.plebania.hu\/?p=7976"},"modified":"2026-02-14T22:49:45","modified_gmt":"2026-02-14T22:49:45","slug":"hirdetesek-2026-februar-15-en","status":"publish","type":"post","link":"https:\/\/marcali.plebania.hu\/?p=7976","title":{"rendered":"Hirdet\u00e9sek 2026. febru\u00e1r 15-\u00e9n"},"content":{"rendered":"\n<p>\u00c9vk\u00f6zi 6. vas\u00e1rnap<br><a href=\"https:\/\/igenaptar.katolikus.hu\/nap\/index.php?holnap=2026-02-15\">A szentmise olvasm\u00e1nyai<\/a><\/p>\n\n\n\n<ol start=\"1\" class=\"wp-block-list\">\n<li>K\u00f6sz\u00f6nj\u00fck a <strong>H\u00e1zass\u00e1g hete<\/strong> pl\u00e9b\u00e1niai programjain val\u00f3 r\u00e9szv\u00e9telt \u00e9s a szervez\u0151k, seg\u00edt\u0151k munk\u00e1j\u00e1t. Folytat\u00e1sk\u00e9nt szeretettel aj\u00e1nljuk az indul\u00f3, h\u00e9t est\u00e9b\u0151l \u00e1ll\u00f3 kapcsolater\u0151s\u00edt\u0151 \u201e<strong>H\u00e1zas alpha kurzus<\/strong>\u201d-t. Egy-egy este fel\u00e9p\u00edt\u00e9se: vacsora kettesben, k\u00f6nnyed vide\u00f3 egy komoly t\u00e9m\u00e1r\u00f3l, amit p\u00e1ros besz\u00e9lget\u00e9s form\u00e1j\u00e1ban dolgoznak fel a r\u00e9sztvev\u0151k. Szeretettel aj\u00e1nljuk minden p\u00e1r figyelm\u00e9be (a szents\u00e9gi h\u00e1zass\u00e1g nem felt\u00e9tele a r\u00e9szv\u00e9telnek). Az \u0171rlapon v\u00e1rjuk az el\u0151zetes jelentkez\u00e9seket, a tov\u00e1bbi r\u00e9szleteket a jelentkez\u0151kkel egyeztetj\u00fck.<\/li>\n\n\n\n<li><span style=\"text-decoration: underline;\">Hamvaz\u00f3szerda<\/span> a <strong>nagyb\u00f6jt<\/strong>i id\u0151 kezdete, melynek c\u00e9lja a h\u00fasv\u00e9t \u00fcnnepl\u00e9s\u00e9nek el\u0151k\u00e9sz\u00edt\u00e9se. Ezt szolg\u00e1lja a <strong>hamvazkod\u00e1s<\/strong>, a b\u00f6jt, a kereszt\u00fat<strong> <\/strong>elim\u00e1dkoz\u00e1sa, a b\u0171nb\u00e1nat, az egy\u00e9ni ima, az \u00f6nfegyelem \u00e9s az adakoz\u00f3 szeretet gyakorl\u00e1sa is. Hamvaz\u00f3szerda \u00e9s nagyp\u00e9ntek szigor\u00fa b\u00f6jti nap, ezeken a napokon 60 \u00e9ves korig a feln\u0151tt h\u00edvek sz\u00e1m\u00e1ra egyszeri teljesebb \u00e9tkez\u00e9s a megengedett \u00e9s m\u00e9g k\u00e9tszer n\u00e9mi \u00e9tel fogyaszt\u00e1sa. Emellett 14 \u00e9ves kort\u00f3l tart\u00f3zkodunk a h\u00fast\u00f3l a b\u00f6jti napokon.<\/li>\n\n\n\n<li>A hamvaz\u00f3szerdai mis\u00e9ben, \u00e9s a h\u00e9tv\u00e9gi mis\u00e9k ut\u00e1n is lehet\u0151s\u00e9g lesz <strong>hamvazkodni<\/strong>.<\/li>\n\n\n\n<li>A <strong>feln\u0151tt hittan, szents\u00e9gi felk\u00e9sz\u00edt\u0151<\/strong>, melynek t\u00e9m\u00e1ja a b\u00f6jt lesz,<strong> <\/strong>a <span style=\"text-decoration: underline;\">szerda<\/span>i mise ut\u00e1n (kb. 18:20-kor) kezd\u0151dik a pl\u00e9b\u00e1ni\u00e1n. Szeretettel h\u00edvunk minden \u00e9rdekl\u0151d\u0151t.<\/li>\n\n\n\n<li>Nagyb\u00f6jt <span style=\"text-decoration: underline;\">p\u00e9ntek<\/span>jein a szentmise el\u0151tt, 16:45-t\u0151l <strong>keresztut<\/strong>at<strong> <\/strong>im\u00e1dkozunk a pl\u00e9b\u00e1niatemplomban. K\u00e9rj\u00fck a k\u00f6z\u00f6ss\u00e9geket, csoportokat, akik sz\u00edvesen v\u00e1llalj\u00e1k egy kereszt\u00fat im\u00e1ds\u00e1g vezet\u00e9s\u00e9t, szerd\u00e1ig jelentkezzenek a sekresty\u00e9ben vagy az irod\u00e1ban.<\/li>\n\n\n\n<li>A <strong>k\u00e9pvisel\u0151-test\u00fclet<\/strong> a p\u00e9nteki mise ut\u00e1n (18:15-t\u0151l) tartja k\u00f6vetkez\u0151 \u00fcl\u00e9s\u00e9t a pl\u00e9b\u00e1ni\u00e1n.<\/li>\n<\/ol>\n\n\n\n<hr class=\"wp-block-separator has-alpha-channel-opacity\"\/>\n\n\n\n<iframe loading=\"lazy\" src=\"https:\/\/docs.google.com\/forms\/d\/e\/1FAIpQLSeDB_jAoYwspK73X52SrF8B8kiDYRpOLtun3lRL0jbhSHcd7A\/viewform?embedded=true\" width=\"801\" height=\"1422\" frameborder=\"0\" marginheight=\"0\" marginwidth=\"0\">Bet\u00f6lt\u00e9s\u2026<\/iframe>\n","protected":false},"excerpt":{"rendered":"<p>\u00c9vk\u00f6zi 6. vas\u00e1rnapA szentmise olvasm\u00e1nyai Bet\u00f6lt\u00e9s\u2026<\/p>\n","protected":false},"author":1,"featured_media":0,"comment_status":"closed","ping_status":"open","sticky":false,"template":"","format":"standard","meta":{"footnotes":""},"categories":[3],"tags":[],"class_list":["post-7976","post","type-post","status-publish","format-standard","hentry","category-hirdetesek"],"_links":{"self":[{"href":"https:\/\/marcali.plebania.hu\/index.php?rest_route=\/wp\/v2\/posts\/7976","targetHints":{"allow":["GET"]}}],"collection":[{"href":"https:\/\/marcali.plebania.hu\/index.php?rest_route=\/wp\/v2\/posts"}],"about":[{"href":"https:\/\/marcali.plebania.hu\/index.php?rest_route=\/wp\/v2\/types\/post"}],"author":[{"embeddable":true,"href":"https:\/\/marcali.plebania.hu\/index.php?rest_route=\/wp\/v2\/users\/1"}],"replies":[{"embeddable":true,"href":"https:\/\/marcali.plebania.hu\/index.php?rest_route=%2Fwp%2Fv2%2Fcomments&post=7976"}],"version-history":[{"count":1,"href":"https:\/\/marcali.plebania.hu\/index.php?rest_route=\/wp\/v2\/posts\/7976\/revisions"}],"predecessor-version":[{"id":7977,"href":"https:\/\/marcali.plebania.hu\/index.php?rest_route=\/wp\/v2\/posts\/7976\/revisions\/7977"}],"wp:attachment":[{"href":"https:\/\/marcali.plebania.hu\/index.php?rest_route=%2Fwp%2Fv2%2Fmedia&parent=7976"}],"wp:term":[{"taxonomy":"category","embeddable":true,"href":"https:\/\/marcali.plebania.hu\/index.php?rest_route=%2Fwp%2Fv2%2Fcategories&post=7976"},{"taxonomy":"post_tag","embeddable":true,"href":"https:\/\/marcali.plebania.hu\/index.php?rest_route=%2Fwp%2Fv2%2Ftags&post=7976"}],"curies":[{"name":"wp","href":"https:\/\/api.w.org\/{rel}","templated":true}]}}