{"id":7985,"date":"2026-02-21T22:11:45","date_gmt":"2026-02-21T22:11:45","guid":{"rendered":"https:\/\/marcali.plebania.hu\/?p=7985"},"modified":"2026-02-21T22:53:28","modified_gmt":"2026-02-21T22:53:28","slug":"hirdetesek-2026-februar-22-en","status":"publish","type":"post","link":"https:\/\/marcali.plebania.hu\/?p=7985","title":{"rendered":"Hirdet\u00e9sek 2026. febru\u00e1r 22-\u00e9n"},"content":{"rendered":"\n<p>Nagyb\u00f6jt 1. vas\u00e1rnapja<br><a href=\"https:\/\/igenaptar.katolikus.hu\/nap\/index.php?holnap=2026-02-22\" target=\"_blank\" rel=\"noreferrer noopener\">A szentmise olvasm\u00e1nyai<\/a><\/p>\n\n\n\n<ol start=\"1\" class=\"wp-block-list\">\n<li>A mai perselyp\u00e9nzt a <strong>katolikus iskol\u00e1k jav\u00e1ra<\/strong> tov\u00e1bb\u00edtjuk. Tartsuk fontosnak \u00e9s seg\u00edts\u00fck a katolikus nevel\u00e9st ezen a m\u00f3don is, lehet\u0151s\u00e9geinkhez m\u00e9rten!<\/li>\n\n\n\n<li>A h\u00e9tv\u00e9gi mis\u00e9k ut\u00e1n lehet\u0151s\u00e9g lesz <strong>hamvazkodni <\/strong>mindazok sz\u00e1m\u00e1ra, akik szerd\u00e1n m\u00e9g nem r\u00e9szes\u00fcltek a szentelm\u00e9nyben.<\/li>\n\n\n\n<li><span style=\"text-decoration: underline;\">Szerd\u00e1n<\/span> 17:30-kor szentmise kezd\u0151dik a kommunizmus \u00e1ldozatai\u00e9rt a K\u00c9SZ szervez\u00e9s\u00e9ben, majd gyertyagy\u00fajt\u00e1s az 1956-os eml\u00e9km\u0171n\u00e9l. A szervez\u0151k mindenkit szeretettel h\u00edvnak \u00e9s v\u00e1rnak.<\/li>\n\n\n\n<li>A <strong>F\u00e9rfi k\u00f6r <\/strong><span style=\"text-decoration: underline;\">szerd\u00e1n<\/span> 18:00-kor kezd\u0151dik a pl\u00e9b\u00e1ni\u00e1n. Szeretettel h\u00edvunk minden \u00e9rdekl\u0151d\u0151t.<\/li>\n\n\n\n<li>Nagyb\u00f6jtben k\u00fcl\u00f6n\u00f6sen is aj\u00e1nljuk a <span style=\"text-decoration: underline;\">cs\u00fct\u00f6rt\u00f6k<\/span>i csendes <strong>szents\u00e9gim\u00e1d\u00e1s<\/strong>i \u00f3r\u00e1t (16:00-t\u00f3l) a pl\u00e9b\u00e1niatemplomban, mint j\u00f3 lehet\u0151s\u00e9get az \u00darral val\u00f3 tal\u00e1lkoz\u00e1sra \u00e9s t\u00f6ltekez\u00e9sre.<\/li>\n\n\n\n<li>\u201e<strong>Mi\u00e9rt hiszek?<\/strong>\u201d-sorozatunk k\u00f6vetkez\u0151 alkalma <span style=\"text-decoration: underline;\">cs\u00fct\u00f6rt\u00f6k<\/span>\u00f6n az esti szentmise ut\u00e1n, 18:15-kor kezd\u0151dik a k\u00f6z\u00f6ss\u00e9gi h\u00e1zban. <strong>Galambos Feri atya<\/strong>, marcali helyettes pl\u00e9b\u00e1nos tesz tan\u00fas\u00e1got a hit\u00e9r\u0151l. Szeretettel h\u00edvunk minden \u00e9rdekl\u0151d\u0151t.<\/li>\n\n\n\n<li>Nagyb\u00f6jt <span style=\"text-decoration: underline;\">p\u00e9ntek<\/span>jein 16:45-t\u0151l <strong>keresztut<\/strong>at im\u00e1dkozunk a pl\u00e9b\u00e1niatemplomban, k\u00f6zben <strong>gy\u00f3n\u00e1si lehet\u0151s\u00e9g<\/strong> is lesz. Ezen a h\u00e9ten a F\u00e9rfi k\u00f6r vezeti az im\u00e1ds\u00e1got.<\/li>\n\n\n\n<li>A H\u00e1zass\u00e1g hete folytat\u00e1sak\u00e9nt, de ak\u00e1r nagyb\u00f6jti programk\u00e9nt, az \u00e9rt\u00e9keink meger\u0151s\u00edt\u00e9sek\u00e9nt is aj\u00e1nljuk a pl\u00e9b\u00e1ni\u00e1n szervez\u0151d\u0151, h\u00e9t est\u00e9b\u0151l \u00e1ll\u00f3 kapcsolater\u0151s\u00edt\u0151 \u201e<strong>H\u00e1zas alpha kurzus<\/strong>\u201d-t. Egy-egy este fel\u00e9p\u00edt\u00e9se: vacsora kettesben, k\u00f6nnyed vide\u00f3 egy komoly t\u00e9m\u00e1r\u00f3l, amit p\u00e1ros besz\u00e9lget\u00e9s form\u00e1j\u00e1ban dolgoznak fel a r\u00e9sztvev\u0151k. Szeretettel aj\u00e1nljuk minden p\u00e1r figyelm\u00e9be (a szents\u00e9gi h\u00e1zass\u00e1g nem felt\u00e9tele a r\u00e9szv\u00e9telnek). A honlapunkon el\u00e9rhet\u0151 <a href=\"https:\/\/forms.gle\/KCJvEjU1zrtiHeRq6\" target=\"_blank\" rel=\"noreferrer noopener\"><u>\u0171rlapon<\/u><\/a> v\u00e1rjuk a jelentkez\u00e9seket, a tov\u00e1bbi r\u00e9szleteket a jelentkez\u0151kkel egyeztetj\u00fck m\u00e1rcius 1-je ut\u00e1n.<\/li>\n\n\n\n<li>A <strong>nagyb\u00f6jti TaKi<\/strong>-feladatlapokat a pl\u00e9b\u00e1niai feln\u0151tt hittan keret\u00e9ben kapj\u00e1k meg \u00e9s t\u00f6ltik ki az \u00e9rdekl\u0151d\u0151k, majd egy\u00fctt megbesz\u00e9lj\u00fck a nagyb\u00f6jth\u00f6z \u00e9s h\u00fasv\u00e9thoz kapcsol\u00f3d\u00f3 k\u00e9rd\u00e9seket \u00e9s v\u00e1laszokat. Aki szeretn\u00e9 a hamvaz\u00f3szerdai feladatlapot is kit\u00f6lteni, az irod\u00e1ban k\u00e9rhet bel\u0151le (ak\u00e1r e-mailben is), vagy a k\u00f6vetkez\u0151 hittanon is kaphat, m\u00e1rcius 4-\u00e9n az esti mise ut\u00e1n.<\/li>\n<\/ol>\n\n\n\n<div class=\"wp-block-buttons is-content-justification-center is-layout-flex wp-container-core-buttons-is-layout-16018d1d wp-block-buttons-is-layout-flex\"><\/div>\n\n\n\n<hr class=\"wp-block-separator has-alpha-channel-opacity\"\/>\n\n\n\n<p>Szerettel aj\u00e1nljuk <a href=\"https:\/\/marcali.plebania.hu\/index.php\/nagybojt\/\" data-type=\"link\" data-id=\"https:\/\/marcali.plebania.hu\/index.php\/nagybojt\/\"><strong><em>\u00f6ssze\u00e1ll\u00edt\u00e1sunkat a nagyb\u00f6jtr\u0151l.<\/em><\/strong><\/a><\/p>\n\n\n\n<p>XIV. Le\u00f3 p\u00e1pa 2026-os Nagyb\u00f6jti \u00fczenete <strong><em><a href=\"https:\/\/katolikus.hu\/cikk\/leo-papa-uzenete-2026-nagybojtjere\" target=\"_blank\" rel=\"noreferrer noopener\">itt olvashat\u00f3.<\/a><\/em><\/strong><\/p>\n\n\n\n<p>A ferencesek nagyb\u00f6jti lelki napt\u00e1ra, mely a h\u00fasv\u00e9ti k\u00e9sz\u00fclet napjaiban seg\u00edthet (szent\u00edr\u00e1si szakaszokkal, egyh\u00e1zaty\u00e1k gondolataival \u00e9s cselekv\u00e9si tervvel), <strong><em><a href=\"https:\/\/orszagutiferencesek.hu\/wp-content\/uploads\/2026\/01\/Nb_Aev_2026_Orszagut.pdf\" data-type=\"link\" data-id=\"https:\/\/orszagutiferencesek.hu\/wp-content\/uploads\/2026\/01\/Nb_Aev_2026_Orszagut.pdf\" target=\"_blank\" rel=\"noreferrer noopener\">itt \u00e9rhet\u0151 el.<\/a><\/em><\/strong><\/p>\n\n\n\n<p><\/p>\n","protected":false},"excerpt":{"rendered":"<p>Nagyb\u00f6jt 1. vas\u00e1rnapjaA szentmise olvasm\u00e1nyai Szerettel aj\u00e1nljuk \u00f6ssze\u00e1ll\u00edt\u00e1sunkat a nagyb\u00f6jtr\u0151l. XIV. Le\u00f3 p\u00e1pa 2026-os Nagyb\u00f6jti \u00fczenete itt olvashat\u00f3. A ferencesek nagyb\u00f6jti lelki napt\u00e1ra, mely a h\u00fasv\u00e9ti k\u00e9sz\u00fclet napjaiban seg\u00edthet (szent\u00edr\u00e1si szakaszokkal, egyh\u00e1zaty\u00e1k gondolataival \u00e9s cselekv\u00e9si tervvel), itt \u00e9rhet\u0151 el.<\/p>\n","protected":false},"author":1,"featured_media":0,"comment_status":"closed","ping_status":"open","sticky":false,"template":"","format":"standard","meta":{"footnotes":""},"categories":[3],"tags":[],"class_list":["post-7985","post","type-post","status-publish","format-standard","hentry","category-hirdetesek"],"_links":{"self":[{"href":"https:\/\/marcali.plebania.hu\/index.php?rest_route=\/wp\/v2\/posts\/7985","targetHints":{"allow":["GET"]}}],"collection":[{"href":"https:\/\/marcali.plebania.hu\/index.php?rest_route=\/wp\/v2\/posts"}],"about":[{"href":"https:\/\/marcali.plebania.hu\/index.php?rest_route=\/wp\/v2\/types\/post"}],"author":[{"embeddable":true,"href":"https:\/\/marcali.plebania.hu\/index.php?rest_route=\/wp\/v2\/users\/1"}],"replies":[{"embeddable":true,"href":"https:\/\/marcali.plebania.hu\/index.php?rest_route=%2Fwp%2Fv2%2Fcomments&post=7985"}],"version-history":[{"count":3,"href":"https:\/\/marcali.plebania.hu\/index.php?rest_route=\/wp\/v2\/posts\/7985\/revisions"}],"predecessor-version":[{"id":7990,"href":"https:\/\/marcali.plebania.hu\/index.php?rest_route=\/wp\/v2\/posts\/7985\/revisions\/7990"}],"wp:attachment":[{"href":"https:\/\/marcali.plebania.hu\/index.php?rest_route=%2Fwp%2Fv2%2Fmedia&parent=7985"}],"wp:term":[{"taxonomy":"category","embeddable":true,"href":"https:\/\/marcali.plebania.hu\/index.php?rest_route=%2Fwp%2Fv2%2Fcategories&post=7985"},{"taxonomy":"post_tag","embeddable":true,"href":"https:\/\/marcali.plebania.hu\/index.php?rest_route=%2Fwp%2Fv2%2Ftags&post=7985"}],"curies":[{"name":"wp","href":"https:\/\/api.w.org\/{rel}","templated":true}]}}