{"id":7992,"date":"2026-02-28T12:52:27","date_gmt":"2026-02-28T12:52:27","guid":{"rendered":"https:\/\/marcali.plebania.hu\/?p=7992"},"modified":"2026-02-28T15:37:55","modified_gmt":"2026-02-28T15:37:55","slug":"hirdetesek-2026-marcius-1-jen","status":"publish","type":"post","link":"https:\/\/marcali.plebania.hu\/?p=7992","title":{"rendered":"Hirdet\u00e9sek 2026. m\u00e1rcius 1-j\u00e9n"},"content":{"rendered":"\n<p>Nagyb\u00f6jt 2. vas\u00e1rnapja<br><a href=\"https:\/\/igenaptar.katolikus.hu\/nap\/index.php?holnap=2026-03-01\" target=\"_blank\" rel=\"noreferrer noopener\">A szentmise olvasm\u00e1nyai<\/a><\/p>\n\n\n\n<ol start=\"1\" class=\"wp-block-list\">\n<li>A m\u00falt vas\u00e1rnapi perselyadom\u00e1nyokat a <strong>katolikus iskol\u00e1k jav\u00e1ra <\/strong>tov\u00e1bb\u00edtottuk, k\u00f6sz\u00f6nj\u00fck az adom\u00e1nyokat.<\/li>\n\n\n\n<li>Nagyb\u00f6jt k\u00fcl\u00f6n\u00f6sen is megh\u00edv minket arra, hogy adjunk h\u00e1l\u00e1t mindaz\u00e9rt, amit Istent\u0151l kaptunk, \u00e9s ne csak magunknak gy\u0171jt\u00f6gess\u00fcnk, hanem osszuk is meg azt m\u00e1sokkal, k\u00fcl\u00f6n\u00f6sen a bajbajutottakkal. A p\u00fcsp\u00f6ki konferencia a nagyb\u00f6jti k\u00f6rlevel\u00e9ben (, mely teljes eg\u00e9sz\u00e9ben a <a href=\"http:\/\/katolikus.hu\">katolikus.hu<\/a> oldalon olvashat\u00f3) erre sz\u00f3l\u00edt fel: \u201e<strong>im\u00e1dkozzunk a b\u00e9k\u00e9\u00e9rt, \u00e9s lehet\u0151s\u00e9geinkhez k\u00e9pest seg\u00edts\u00fck a h\u00e1bor\u00fa s\u00fajtotta ter\u00fcleteken \u00e9l\u0151 testv\u00e9reinket!<\/strong> (\u2026) Templomainkban adom\u00e1nyt gy\u0171jt\u00fcnk a h\u00e1bor\u00fa s\u00fajtotta ter\u00fcleteken \u00e9l\u0151k sz\u00e1m\u00e1ra az erre a c\u00e9lra kitett perselyekben. (A pl\u00e9b\u00e1niatemplomban a Szent Antal-perselyben gy\u0171jtj\u00fck j\u00f6v\u0151 vas\u00e1rnapig az adom\u00e1nyokat, ut\u00e1na tov\u00e1bb\u00edtjuk az \u00f6sszeget.)<br>A K\u00e1rp\u00e1taljai Szent M\u00e1rton Karit\u00e1sz naponta kb. 1200 embernek ad meleg \u00e9telt, \u00e9s 67 telep\u00fcl\u00e9sen t\u00e1mogatja a r\u00e1szorul\u00f3kat. A G\u00f6r\u00f6gkatolikus Egyh\u00e1zmegyei Karit\u00e1sz pedig \u00f6t ingyen konyh\u00e1t m\u0171k\u00f6dtet, s mintegy 300 olyan csal\u00e1dnak ny\u00fajt vigaszt \u00e9s rendszeres seg\u00edts\u00e9get, amelyek a h\u00e1bor\u00faban vesz\u00edtett\u00e9k el hozz\u00e1tartoz\u00f3jukat, \u00e9s szinte naponta jelentkeznek \u00fajabb \u00e9rintettek. Sz\u00e1mos telep\u00fcl\u00e9sen \u00f3ri\u00e1si gondot jelent a f\u0171t\u00e9s, a vil\u00e1g\u00edt\u00e1s, a meleg ruh\u00e1zat, az \u00e9lelem biztos\u00edt\u00e1sa. A sz\u00fcks\u00e9g teh\u00e1t \u00f3ri\u00e1si. Az adom\u00e1nyt H\u00fasv\u00e9tra fogjuk kijuttatni a Katolikus Karit\u00e1sz k\u00f6zvet\u00edt\u00e9s\u00e9vel az Ukrajn\u00e1ban, k\u00fcl\u00f6nlegesen is a K\u00e1rp\u00e1talj\u00e1n \u00e9l\u0151 r\u00e1szorul\u00f3k sz\u00e1m\u00e1ra.\u201d<br> Egy\u00e9b lehet\u0151s\u00e9gek az adom\u00e1nyoz\u00e1sra: <br>a) Az <strong>1356<\/strong>-os telefonsz\u00e1m felh\u00edv\u00e1s\u00e1val 500 Ft-ot adhatunk (h\u00edv\u00e1sonk\u00e9nt).<br>b) Adom\u00e1nyainkat a Katolikus Karit\u00e1sz (Caritas Hungarica) <strong>sz\u00e1mlasz\u00e1m<\/strong>\u00e1ra is \u00e1tutalhatjuk: CIB Bank 10701094\u201376228861\u201351100005. A k\u00f6zlem\u00e9nyben k\u00e9rj\u00fck felt\u00fcntetni: \u201eK\u00e1rp\u00e1talja\u201d.<br>c) A <strong>karitasz.hu<\/strong> oldalon bankk\u00e1rty\u00e1s adakoz\u00e1sra is van lehet\u0151s\u00e9g.<\/li>\n\n\n\n<li>Vas\u00e1rnap estig lehet jelentkezni a <em><a href=\"https:\/\/marcali.plebania.hu\/index.php\/2025\/05\/10\/jelentkezes-a-kozelgo-plebaniai-programokra\/\" target=\"_blank\" rel=\"noreferrer noopener\">pl\u00e9b\u00e1nia honlapj\u00e1n<\/a><\/em> a <strong>H\u00e1zas kurzus<\/strong>ra, amit szeretettel aj\u00e1nlunk minden \u00e9rdekl\u0151d\u0151 p\u00e1r figyelm\u00e9be.<\/li>\n\n\n\n<li>A <strong>nagyb\u00f6jti TaKi<\/strong>-feladatlapokat a pl\u00e9b\u00e1niai feln\u0151tt hittan keret\u00e9ben kapj\u00e1k meg \u00e9s t\u00f6ltik ki az \u00e9rdekl\u0151d\u0151k, majd egy\u00fctt megbesz\u00e9lj\u00fck a nagyb\u00f6jth\u00f6z \u00e9s h\u00fasv\u00e9thoz kapcsol\u00f3d\u00f3 k\u00e9rd\u00e9seket \u00e9s v\u00e1laszokat. A k\u00f6vetkez\u0151 tal\u00e1lkoz\u00f3 <span style=\"text-decoration: underline;\">szerd\u00e1n<\/span>, az esti mise ut\u00e1n kezd\u0151dik.<\/li>\n\n\n\n<li>Nagyb\u00f6jt <span style=\"text-decoration: underline;\">p\u00e9ntekjein<\/span> 16:45-t\u0151l <strong>keresztut<\/strong>at im\u00e1dkozunk a pl\u00e9b\u00e1niatemplomban, k\u00f6zben <strong>gy\u00f3n\u00e1si lehet\u0151s\u00e9g<\/strong> is lesz. Ezen a h\u00e9ten a R\u00f3zsaf\u00fcz\u00e9r-t\u00e1rsulat vezeti az im\u00e1ds\u00e1got.<\/li>\n\n\n\n<li>A szeptember 18-\u00e1n kezd\u0151d\u0151 kaposv\u00e1ri KATT\u00c1RS (Katolikus T\u00e1rsadalmi Napok)-ra val\u00f3 el\u0151k\u00e9sz\u00fclet r\u00e9szek\u00e9nt a Kaposv\u00e1ri Egyh\u00e1zmegye fot\u00f3-, rajz-, \u00e9s makett<strong>p\u00e1ly\u00e1zat<\/strong>ot is hirdet, m\u00e1jus 31-ig. R\u00e9szletek a kitett plak\u00e1tokon \u00e9s a <a href=\"http:\/\/kaposvar.kattars.hu\">kaposvar.kattars.hu<\/a> oldalon.<\/li>\n\n\n\n<li>A Lov\u00e1szbusz utaz\u00e1si iroda lengyelorsz\u00e1gi <strong>zar\u00e1ndoklat<\/strong>ot szervez Zakopane, Krakk\u00f3, Cz\u0119stochowa, Wieliczka megtekint\u00e9s\u00e9vel m\u00e1jus 27-t\u0151l 31-ig, Sz\u0171cs Imre aty\u00e1val. A r\u00e9szv\u00e9teli d\u00edj 185.000 Ft + bel\u00e9p\u0151k. Jelentkez\u00e9s, b\u0151vebb inform\u00e1ci\u00f3 a +36 30 277 5320-as telefonsz\u00e1mon.<\/li>\n<\/ol>\n\n\n\n<p><\/p>\n","protected":false},"excerpt":{"rendered":"<p>Nagyb\u00f6jt 2. vas\u00e1rnapjaA szentmise olvasm\u00e1nyai<\/p>\n","protected":false},"author":1,"featured_media":0,"comment_status":"closed","ping_status":"open","sticky":false,"template":"","format":"standard","meta":{"footnotes":""},"categories":[3],"tags":[],"class_list":["post-7992","post","type-post","status-publish","format-standard","hentry","category-hirdetesek"],"_links":{"self":[{"href":"https:\/\/marcali.plebania.hu\/index.php?rest_route=\/wp\/v2\/posts\/7992","targetHints":{"allow":["GET"]}}],"collection":[{"href":"https:\/\/marcali.plebania.hu\/index.php?rest_route=\/wp\/v2\/posts"}],"about":[{"href":"https:\/\/marcali.plebania.hu\/index.php?rest_route=\/wp\/v2\/types\/post"}],"author":[{"embeddable":true,"href":"https:\/\/marcali.plebania.hu\/index.php?rest_route=\/wp\/v2\/users\/1"}],"replies":[{"embeddable":true,"href":"https:\/\/marcali.plebania.hu\/index.php?rest_route=%2Fwp%2Fv2%2Fcomments&post=7992"}],"version-history":[{"count":3,"href":"https:\/\/marcali.plebania.hu\/index.php?rest_route=\/wp\/v2\/posts\/7992\/revisions"}],"predecessor-version":[{"id":7995,"href":"https:\/\/marcali.plebania.hu\/index.php?rest_route=\/wp\/v2\/posts\/7992\/revisions\/7995"}],"wp:attachment":[{"href":"https:\/\/marcali.plebania.hu\/index.php?rest_route=%2Fwp%2Fv2%2Fmedia&parent=7992"}],"wp:term":[{"taxonomy":"category","embeddable":true,"href":"https:\/\/marcali.plebania.hu\/index.php?rest_route=%2Fwp%2Fv2%2Fcategories&post=7992"},{"taxonomy":"post_tag","embeddable":true,"href":"https:\/\/marcali.plebania.hu\/index.php?rest_route=%2Fwp%2Fv2%2Ftags&post=7992"}],"curies":[{"name":"wp","href":"https:\/\/api.w.org\/{rel}","templated":true}]}}